{"id":311493,"date":"2025-12-28T12:11:11","date_gmt":"2025-12-28T12:11:11","guid":{"rendered":"https:\/\/www.europesays.com\/es\/311493\/"},"modified":"2025-12-28T12:11:11","modified_gmt":"2025-12-28T12:11:11","slug":"el-mundo-en-2026","status":"publish","type":"post","link":"https:\/\/www.europesays.com\/es\/311493\/","title":{"rendered":"El mundo en 2026"},"content":{"rendered":"<p><strong>Dejamos atr\u00e1s un 2025 salpicado por procesos de paz cuestionables<\/strong>, la guerra arancelaria de Trump, el rearme de Occidente, la movilizaci\u00f3n de la generaci\u00f3n Z, el derrumbe del derecho humanitario y la penetraci\u00f3n de la inteligencia artificial en todos y cada uno de los estratos de la vida social. Y nos preparamos para arrancar un 2026 con m\u00e1s inc\u00f3gnitas que certezas: \u00bfC\u00f3mo se reajustar\u00e1 el tablero geopol\u00edtico? \u00bfHabr\u00e1 m\u00e1s protestas que cambien gobiernos? \u00bfQu\u00e9 rumbo tomar\u00e1n las guerras?<\/p>\n<p>En el episodio #2 de Larga Distancia, el \u00faltimo de 2025, hacemos un ejercicio de futuro: pensamos el mundo que viene y los retos que se plantean para los pr\u00f3ximos doce meses. Para ello contamos con la ayuda de analistas de CIDOB (Barcelona Centre for International Affairs), que, como cada a\u00f1o, publica un informe sobre los temas que marcar\u00e1n la agenda.\u00a0<\/p>\n<p>Pensamos el mundo de 2026 con Pol Morillas, director de CIDOB; Carme Colomina, investigadora s\u00e9nior de CIDOB y coordinadora del informe \u201cEl mundo en 2026\u201d; Moussa Burekba, investigador principal de la regi\u00f3n de Oriente Medio; In\u00e9s Arco, investigadora de Asia-Pac\u00edfico; Anna Ayuso, investigadora s\u00e9nior para Am\u00e9rica Latina; y Agus Morales, director de 5W.<\/p>\n<p>Un podcast de Javier S\u00e1nchez.<\/p>\n<p>Recuerda que ahora puedes vernos en nuestros canales de\u00a0<a href=\"https:\/\/www.youtube.com\/@Revista5W\" rel=\"nofollow noopener\" target=\"_blank\">YouTube<\/a>\u00a0y\u00a0<a href=\"https:\/\/open.spotify.com\/show\/3uY7n5Y2JgMlsaiMzbTpqb?si=1e1d0db8f51142b7\" rel=\"nofollow noopener\" target=\"_blank\">Spotify<\/a>\u00a0o escucharnos, como siempre, a trav\u00e9s de\u00a0<a href=\"https:\/\/www.ivoox.com\/podcast-revista-5w_sq_f1295879_1.html\" rel=\"nofollow noopener\" target=\"_blank\">Ivoox\u00a0<\/a>o\u00a0<a href=\"https:\/\/www.ivoox.com\/podcast-revista-5w_sq_f1295879_1.html\" rel=\"nofollow noopener\" target=\"_blank\">Apple Podcast<\/a>.<\/p>\n<p>Y si todav\u00eda no lo has hecho, puedes ver y escuchar <a href=\"https:\/\/www.revista5w.com\/podcast\/larga-distancia\" rel=\"nofollow noopener\" target=\"_blank\">aqu\u00ed<\/a> los episodios anteriores de Larga Distancia.<\/p>\n","protected":false},"excerpt":{"rendered":"Dejamos atr\u00e1s un 2025 salpicado por procesos de paz cuestionables, la guerra arancelaria de Trump, el rearme de&hellip;\n","protected":false},"author":2,"featured_media":311494,"comment_status":"","ping_status":"","sticky":false,"template":"","format":"standard","meta":{"footnotes":""},"categories":[42],"tags":[17,18,13,14,11,61,62,63,64,19,20,9,10,15,16,12,21,22,65,66,67],"class_list":{"0":"post-311493","1":"post","2":"type-post","3":"status-publish","4":"format-standard","5":"has-post-thumbnail","7":"category-internacional","8":"tag-breaking-news","9":"tag-breakingnews","10":"tag-featured-news","11":"tag-featurednews","12":"tag-headlines","13":"tag-internacional","14":"tag-international","15":"tag-international-news","16":"tag-internationalnews","17":"tag-latest-news","18":"tag-latestnews","19":"tag-news","20":"tag-noticias","21":"tag-noticias-destacadas","22":"tag-noticiasdestacadas","23":"tag-titulares","24":"tag-ultimas-noticias","25":"tag-ultimasnoticias","26":"tag-world","27":"tag-world-news","28":"tag-worldnews"},"share_on_mastodon":{"url":"https:\/\/pubeurope.com\/@es\/115797130280159693","error":""},"_links":{"self":[{"href":"https:\/\/www.europesays.com\/es\/wp-json\/wp\/v2\/posts\/311493","targetHints":{"allow":["GET"]}}],"collection":[{"href":"https:\/\/www.europesays.com\/es\/wp-json\/wp\/v2\/posts"}],"about":[{"href":"https:\/\/www.europesays.com\/es\/wp-json\/wp\/v2\/types\/post"}],"author":[{"embeddable":true,"href":"https:\/\/www.europesays.com\/es\/wp-json\/wp\/v2\/users\/2"}],"replies":[{"embeddable":true,"href":"https:\/\/www.europesays.com\/es\/wp-json\/wp\/v2\/comments?post=311493"}],"version-history":[{"count":0,"href":"https:\/\/www.europesays.com\/es\/wp-json\/wp\/v2\/posts\/311493\/revisions"}],"wp:featuredmedia":[{"embeddable":true,"href":"https:\/\/www.europesays.com\/es\/wp-json\/wp\/v2\/media\/311494"}],"wp:attachment":[{"href":"https:\/\/www.europesays.com\/es\/wp-json\/wp\/v2\/media?parent=311493"}],"wp:term":[{"taxonomy":"category","embeddable":true,"href":"https:\/\/www.europesays.com\/es\/wp-json\/wp\/v2\/categories?post=311493"},{"taxonomy":"post_tag","embeddable":true,"href":"https:\/\/www.europesays.com\/es\/wp-json\/wp\/v2\/tags?post=311493"}],"curies":[{"name":"wp","href":"https:\/\/api.w.org\/{rel}","templated":true}]}}