{"id":311506,"date":"2025-12-28T12:24:17","date_gmt":"2025-12-28T12:24:17","guid":{"rendered":"https:\/\/www.europesays.com\/es\/311506\/"},"modified":"2025-12-28T12:24:17","modified_gmt":"2025-12-28T12:24:17","slug":"urraca-i-el-mejor-mural-del-mundo","status":"publish","type":"post","link":"https:\/\/www.europesays.com\/es\/311506\/","title":{"rendered":"\u00bfUrraca I, el mejor mural del mundo?"},"content":{"rendered":"<p>El arte urbano leon\u00e9s ha alcanzado proyecci\u00f3n internacional gracias a un mural ubicado en Sahag\u00fan que opta a ser reconocido como el mejor del mundo en el mes de diciembre. La creaci\u00f3n, dedicada a la reina Urraca I y realizada por el artista Manuel Garc\u00eda Juan, natural de Villadangos del P\u00e1ramo, figura entre los 90 trabajos finalistas del concurso global impulsado por la plataforma Street Art Cities.<\/p>\n<p>La obra fue inaugurada el pasado mes de octubre en la localidad de Tierra de Campos y, desde entonces, se ha consolidado como uno de los referentes visuales del municipio. Su candidatura coincide, adem\u00e1s, con la cercan\u00eda de una efem\u00e9ride hist\u00f3rica de gran relevancia: en 2026 se cumplir\u00e1n 900 a\u00f1os del fallecimiento de la monarca leonesa.<\/p>\n<p>Un retrato monumental con simbolog\u00eda hist\u00f3rica<\/p>\n<p>El mural presenta a Urraca I en un plano medio, con una espada enfundada en una de sus manos y una ense\u00f1a roja con el le\u00f3n rampante en la otra. El conjunto destaca por su fuerza crom\u00e1tica y su car\u00e1cter monumental, elementos que han contribuido a su buena acogida tanto a nivel local como internacional.<\/p>\n<ul class=\"colorize-text\">\n<li>\n\t<img decoding=\"async\" width=\"120\" height=\"68\" alt=\"\" src=\"https:\/\/www.europesays.com\/es\/wp-content\/uploads\/2025\/12\/2025102610110049067.jpg\" loading=\"lazy\"\/><\/p>\n<\/li>\n<\/ul>\n<p>Ubicado en las inmediaciones del santuario de La Peregrina, el retrato se ha convertido en uno de los espacios m\u00e1s fotografiados de Sahag\u00fan en las \u00faltimas semanas, reforzando la conexi\u00f3n entre patrimonio, historia y creaci\u00f3n contempor\u00e1nea.<\/p>\n<p>Votaciones abiertas hasta final de mes<\/p>\n<p>El proceso para elegir el mejor mural del mes contin\u00faa abierto hasta el d\u00eda 30 de diciembre a trav\u00e9s del portal streetartcities.com. El sistema de votaci\u00f3n permite apoyar directamente a las obras seleccionadas y resulta decisivo, ya que los tres trabajos m\u00e1s valorados de cada mes acceden a la final anual del certamen.<\/p>\n<p>En estos momentos, el mural de Sahag\u00fan se mantiene en posiciones destacadas dentro del ranking, lo que refuerza sus opciones de avanzar a la fase definitiva.<\/p>\n<p>Competencia internacional de primer nivel<\/p>\n<p>La candidatura leonesa compite con propuestas procedentes de numerosos pa\u00edses, entre ellos Australia, B\u00e9lgica, Brasil, Catar, Chile, Colombia, Estados Unidos, Francia, Georgia, Grecia, Ir\u00e1n, Italia, M\u00e9xico, Nueva Zelanda, Pa\u00edses Bajos, Per\u00fa, Polonia, Portugal, Puerto Rico, Reino Unido, Reuni\u00f3n, Suecia y Uruguay.<\/p>\n<p>Espa\u00f1a cuenta con varias obras seleccionadas en esta edici\u00f3n, entre las que destaca el mural de Urraca I por su escala y por su vinculaci\u00f3n con la historia del antiguo Reino de Le\u00f3n.<\/p>\n<p>Un proyecto con recorrido y respaldo local<\/p>\n<p>La obra fue la propuesta ganadora del concurso convocado por el Ayuntamiento de Sahag\u00fan, un certamen que permiti\u00f3 al artista desarrollar un trabajo centrado en la figura femenina y su papel en la historia. Este reconocimiento internacional no es un hecho aislado en la trayectoria de Manuel Garc\u00eda Juan, que ya hab\u00eda alcanzado finales mensuales de Street Art Cities en los a\u00f1os 2023 y 2024 con murales realizados en la localidad palentina de Guardo.<\/p>\n<p>Sahag\u00fan, referente provincial del muralismo<\/p>\n<p>El retrato de Urraca I es el s\u00e9ptimo mural de gran formato que el artista ha plasmado en fachadas de Sahag\u00fan. Este conjunto de intervenciones ha transformado el paisaje urbano del municipio, que se ha consolidado como uno de los principales focos del grafiti art\u00edstico en la provincia de Le\u00f3n.<br \/>\u00a0<\/p>\n","protected":false},"excerpt":{"rendered":"El arte urbano leon\u00e9s ha alcanzado proyecci\u00f3n internacional gracias a un mural ubicado en Sahag\u00fan que opta a&hellip;\n","protected":false},"author":2,"featured_media":311507,"comment_status":"","ping_status":"","sticky":false,"template":"","format":"standard","meta":{"footnotes":""},"categories":[173],"tags":[229,233,231,230,7312,232,234,146,147,25,24,13520,23],"class_list":{"0":"post-311506","1":"post","2":"type-post","3":"status-publish","4":"format-standard","5":"has-post-thumbnail","7":"category-arte-y-diseno","8":"tag-arte","9":"tag-arte-y-diseno","10":"tag-arts","11":"tag-arts-and-design","12":"tag-comarcas","13":"tag-design","14":"tag-diseno","15":"tag-entertainment","16":"tag-entretenimiento","17":"tag-es","18":"tag-espana","19":"tag-sahagun","20":"tag-spain"},"share_on_mastodon":{"url":"https:\/\/pubeurope.com\/@es\/115797181911406012","error":""},"_links":{"self":[{"href":"https:\/\/www.europesays.com\/es\/wp-json\/wp\/v2\/posts\/311506","targetHints":{"allow":["GET"]}}],"collection":[{"href":"https:\/\/www.europesays.com\/es\/wp-json\/wp\/v2\/posts"}],"about":[{"href":"https:\/\/www.europesays.com\/es\/wp-json\/wp\/v2\/types\/post"}],"author":[{"embeddable":true,"href":"https:\/\/www.europesays.com\/es\/wp-json\/wp\/v2\/users\/2"}],"replies":[{"embeddable":true,"href":"https:\/\/www.europesays.com\/es\/wp-json\/wp\/v2\/comments?post=311506"}],"version-history":[{"count":0,"href":"https:\/\/www.europesays.com\/es\/wp-json\/wp\/v2\/posts\/311506\/revisions"}],"wp:featuredmedia":[{"embeddable":true,"href":"https:\/\/www.europesays.com\/es\/wp-json\/wp\/v2\/media\/311507"}],"wp:attachment":[{"href":"https:\/\/www.europesays.com\/es\/wp-json\/wp\/v2\/media?parent=311506"}],"wp:term":[{"taxonomy":"category","embeddable":true,"href":"https:\/\/www.europesays.com\/es\/wp-json\/wp\/v2\/categories?post=311506"},{"taxonomy":"post_tag","embeddable":true,"href":"https:\/\/www.europesays.com\/es\/wp-json\/wp\/v2\/tags?post=311506"}],"curies":[{"name":"wp","href":"https:\/\/api.w.org\/{rel}","templated":true}]}}