{"id":311514,"date":"2025-12-28T12:29:14","date_gmt":"2025-12-28T12:29:14","guid":{"rendered":"https:\/\/www.europesays.com\/es\/311514\/"},"modified":"2025-12-28T12:29:14","modified_gmt":"2025-12-28T12:29:14","slug":"san-vicente-del-raspeig-bate-records-con-mas-de-3-000-corredores-participantes-en-la-carrera-san-silvestre-mas-multitudinaria","status":"publish","type":"post","link":"https:\/\/www.europesays.com\/es\/311514\/","title":{"rendered":"San Vicente del Raspeig bate r\u00e9cords con m\u00e1s de 3.000 corredores participantes en la carrera San Silvestre m\u00e1s multitudinaria"},"content":{"rendered":"<p><strong>San Vicente del Raspeig bate r\u00e9cords con m\u00e1s de 3<\/strong><strong>.000 corredores participantes en la carrera San Silvestre m\u00e1s multitudinaria<\/strong><\/p>\n<p>La carrera San Silvestre de San Vicente del Raspeig ha reunido este a\u00f1o m\u00e1s de 3.000 participantes, una cifra r\u00e9cord que consolida esta prueba como una de las competiciones populares de mayor alcance en el municipio y en la comarca de L\u2019Alacant\u00ed.<\/p>\n<p>El concejal de Deportes, <b>Ricardo Bernabeu,<\/b> se ha mostrado satisfecho \u201cdel gran \u00e9xito de la convocatoria que ha logrado superar todas nuestras expectativas de asistencia iniciales\u201d. El edil ha reconocido que \u201ctras ver que las dos mil primeras inscripciones se completaron enseguida y crec\u00eda el inter\u00e9s y la demanda de dorsales, nos dimos cuenta de que este a\u00f1o la San Silvestre iba a ser hist\u00f3rica gracias a la alta participaci\u00f3n de personas de todas las edades, principalmente agrupadas en familias o pandillas de amigos\u201d.\u00a0<\/p>\n<p>Bernabeu ha realizado el recorrido junto a numerosos deportistas del municipio, entre ellos, el piloto de motociclismo Dani Holgado y asisti\u00f3, adem\u00e1s, el atleta Sergio Turull, conocido como Pitufollow. Tambi\u00e9n se sumaron a la prueba otros concejales de la corporaci\u00f3n municipal, la Reina de las Fiestas, Luc\u00eda D\u00edaz, acompa\u00f1ada por sus damas, el presidente de la Comisi\u00f3n de Fiestas, Iv\u00e1n Torregrosa, y vecinos del municipio y de otras localidades.<\/p>\n<p>El titular de Deportes ha agradecido a todos los corredores, al operativo de la Polic\u00eda Local, a las empresas colaboradoras y al numeroso p\u00fablico que anim\u00f3 durante el recorrido \u201csu importante apoyo en esta prueba que fomenta la pr\u00e1ctica y la afici\u00f3n por el deporte y nos une a todos, peque\u00f1os y grandes, para disfrutar de un encuentro navide\u00f1o muy especial en un ambiente l\u00fadico, de compa\u00f1erismo y complicidad, que ha sido ejemplar este a\u00f1o\u201d.<\/p>\n<p>La cita navide\u00f1a tuvo lugar en la tarde de ayer a las 19 horas. Los corredores realizaron un recorrido de alrededor de tres kil\u00f3metros y medio que sali\u00f3 desde la avenida de La Libertad. Tras la llegada a la meta, situada en el mismo punto, se entregaron premios a los tres primeros corredores clasificados de las categor\u00edas femenina y masculina y a los disfraces m\u00e1s originales y divertidos. Para terminar, por cortes\u00eda de Chocolater\u00edas Valor, se ofreci\u00f3 una degustaci\u00f3n de chocolate para todos los deportistas en la plaza de Espa\u00f1a.\u00a0<\/p>\n","protected":false},"excerpt":{"rendered":"San Vicente del Raspeig bate r\u00e9cords con m\u00e1s de 3.000 corredores participantes en la carrera San Silvestre m\u00e1s&hellip;\n","protected":false},"author":2,"featured_media":311515,"comment_status":"","ping_status":"","sticky":false,"template":"","format":"standard","meta":{"footnotes":""},"categories":[93],"tags":[11485,51327,4860,168,25,24,71472,47770,23,167],"class_list":{"0":"post-311514","1":"post","2":"type-post","3":"status-publish","4":"format-standard","5":"has-post-thumbnail","7":"category-deportes","8":"tag-atletismo","9":"tag-ayuntamiento-de-san-vicente","10":"tag-carrera","11":"tag-deportes","12":"tag-es","13":"tag-espana","14":"tag-san-silvestre","15":"tag-san-vicente","16":"tag-spain","17":"tag-sports"},"share_on_mastodon":{"url":"https:\/\/pubeurope.com\/@es\/115797201127519279","error":""},"_links":{"self":[{"href":"https:\/\/www.europesays.com\/es\/wp-json\/wp\/v2\/posts\/311514","targetHints":{"allow":["GET"]}}],"collection":[{"href":"https:\/\/www.europesays.com\/es\/wp-json\/wp\/v2\/posts"}],"about":[{"href":"https:\/\/www.europesays.com\/es\/wp-json\/wp\/v2\/types\/post"}],"author":[{"embeddable":true,"href":"https:\/\/www.europesays.com\/es\/wp-json\/wp\/v2\/users\/2"}],"replies":[{"embeddable":true,"href":"https:\/\/www.europesays.com\/es\/wp-json\/wp\/v2\/comments?post=311514"}],"version-history":[{"count":0,"href":"https:\/\/www.europesays.com\/es\/wp-json\/wp\/v2\/posts\/311514\/revisions"}],"wp:featuredmedia":[{"embeddable":true,"href":"https:\/\/www.europesays.com\/es\/wp-json\/wp\/v2\/media\/311515"}],"wp:attachment":[{"href":"https:\/\/www.europesays.com\/es\/wp-json\/wp\/v2\/media?parent=311514"}],"wp:term":[{"taxonomy":"category","embeddable":true,"href":"https:\/\/www.europesays.com\/es\/wp-json\/wp\/v2\/categories?post=311514"},{"taxonomy":"post_tag","embeddable":true,"href":"https:\/\/www.europesays.com\/es\/wp-json\/wp\/v2\/tags?post=311514"}],"curies":[{"name":"wp","href":"https:\/\/api.w.org\/{rel}","templated":true}]}}