{"id":311536,"date":"2025-12-28T12:47:21","date_gmt":"2025-12-28T12:47:21","guid":{"rendered":"https:\/\/www.europesays.com\/es\/311536\/"},"modified":"2025-12-28T12:47:21","modified_gmt":"2025-12-28T12:47:21","slug":"muestran-las-cabezas-ibericas-que-inspiraron-a-picasso","status":"publish","type":"post","link":"https:\/\/www.europesays.com\/es\/311536\/","title":{"rendered":"Muestran las cabezas ib\u00e9ricas que inspiraron a Picasso"},"content":{"rendered":"<p>Junio de 1907. Un joven artista espa\u00f1ol llamado Pablo Ruiz Picasso escandaliza y revoluciona a sus compa\u00f1eros pintores en Par\u00eds, a los cr\u00edticos de arte y a la opini\u00f3n p\u00fablica con el retrato de cinco mujeres desnudas en un burdel, titulado Las Se\u00f1oritas de Avi\u00f1on.<\/p>\n<p>La conmoci\u00f3n provocada por el lienzo no s\u00f3lo tiene que ver con los sujetos -un grupo de prostitutas, consideradas como lo m\u00e1s bajo por la llamada sociedad \u00abcivilizada\u00bb de la \u00e9poca-, sino tambi\u00e9n con las formas: duras, agresivas, ajenas a las reglas de la perspectiva y a todas las convenciones pict\u00f3ricas.<\/p>\n<p>Hoy, los historiadores del arte consideran esta pintura una obra maestra temprana del cubismo. Afirman que el proceso de creaci\u00f3n comenz\u00f3 un a\u00f1o antes, en 1906, pero est\u00e1n equivocados. El proceso comenz\u00f3 casi 2.500 a\u00f1os atr\u00e1s, en un lugar que hoy conocemos como Montealegre del Castillo.<\/p>\n<p>En el siglo V antes de Cristo, un escultor an\u00f3nimo -o quiz\u00e1 varios, a\u00fan no lo sabemos- cre\u00f3 cabezas humanas con la piedra caliza local. Estas esculturas terminaron en el estudio de Picasso tras un largo y rocambolesco viaje de miles de a\u00f1os y kil\u00f3metros.<\/p>\n<p>Gracias a los bocetos y estudios previos de Picasso, un trabajador met\u00f3dico y obsesivo -\u00abla inspiraci\u00f3n siempre me llega trabajando\u00bb, sol\u00eda decir-, es posible identificar los rastros de un di\u00e1logo entre artistas separados por milenios, pero unidos por la misma experiencia de la creaci\u00f3n.<\/p>\n<p>Se aprecia en las cabezas desproporcionadas, grandes y fuera de escala; en las narices rectas, en los ojos almendrados. No encajan con ninguna de las proporciones del arte cl\u00e1sico, aqu\u00ed no hay \u00abregla \u00e1urea\u00bb que valga; deber\u00edan ser feas, rid\u00edculas, incluso ofensivas, pero, de alg\u00fan modo, transmiten una belleza perturbadora.<\/p>\n<p>Y, gracias al Museo del Louvre de Par\u00eds y al Museo Arqueol\u00f3gico Nacional de Madrid, estas antiguas cabezas ib\u00e9ricas pueden admirarse como parte de una gran exposici\u00f3n que permanecer\u00e1 en la capital de Espa\u00f1a hasta el pr\u00f3ximo 10 de mayo, a 300 kil\u00f3metros del lugar donde fueron desenterradas.<\/p>\n<p>En realidad, no est\u00e1n solas, sino en muy buena compa\u00f1\u00eda: la esfinge de Agost (Alicante) y su compa\u00f1era de El Salobral, cerca de Albacete, y muchos otros seres, reales o mitol\u00f3gicos: toros, carneros, peque\u00f1as ofrendas votivas y cabezas humanas.<\/p>\n<p>Gran parte de las figuras exhibidas en el MAN proceden de nuestra provincia, especialmente de dos yacimientos arqueol\u00f3gicos conocidos: El Llano de la Consolaci\u00f3n y El Cerro de los Santos, ambos ubicados en el municipio de Montealegre del Castillo, que es donde comienza este viaje.<\/p>\n<p>el camino. Retrocedamos a 1860. La arqueolog\u00eda es una ciencia joven en Espa\u00f1a, al igual que la propia provincia de Albacete, que solo llevaba 27 a\u00f1os de existencia. Llegan noticias sobre el hallazgo de misteriosas estructuras y figuras en El Cerro de los Santos y, m\u00e1s tarde, en El Llano de la Consolaci\u00f3n.<\/p>\n<p>Los primeros hallazgos se produjeron durante una limpieza de vegetaci\u00f3n en una zona abandonada, pero hay que esperar a la d\u00e9cada de 1870 para ver las primeras excavaciones sistem\u00e1ticas. Unos 10 a\u00f1os despu\u00e9s, la noticia de una cultura antigua desconocida llega a Francia, y entran en escena Arthur Engel y Pierre Paris.<\/p>\n<p>Conscientes de la importancia y belleza de estos hallazgos, ambos eruditos comenzaron a adquirir todo tipo de figuras. Hoy hablar\u00edamos de un expolio sistem\u00e1tico, pero a finales del siglo XIX no exist\u00eda legislaci\u00f3n para proteger el patrimonio en nuestro pa\u00eds.<\/p>\n<p>As\u00ed fue como las cabezas de Montealegre terminaron en el Louvre, aunque no por mucho tiempo. En 1907, un estafador y ladr\u00f3n de arte, Honor\u00e9 Joseph G\u00e9ry Pieret, visita el museo y roba algunas de las cabezas ib\u00e9ricas. Finalmente, las vende por solo 50 francos a un joven artista espa\u00f1ol.<\/p>\n<p>Evidentemente, el artista era Picasso, quien ya hab\u00eda descubierto y admirado estas esculturas un a\u00f1o antes. Su papel en estos hechos a\u00fan no est\u00e1 claro, pero, en 1911, cuando Pieret confes\u00f3 el robo, Picasso corri\u00f3 a devolverlas. Tras un breve interrogatorio, fue declarado libre de sospechas.<\/p>\n<p>Lo que s\u00ed admiti\u00f3 a\u00f1os m\u00e1s tarde fue la influencia de esas figuras en su obra. \u00abMiren las orejas\u00bb, dijo mucho despu\u00e9s en una entrevista televisiva, en 1960: \u00abSi miran las orejas de Las Se\u00f1oritas, reconocer\u00e1n las de estas esculturas\u00bb.<\/p>\n<p>(M\u00e1s informaci\u00f3n en la edici\u00f3n impresa y en la APP de La Tribuna de Albacete: (https:\/\/latribunadealbacete.promecal.es))<\/p>\n","protected":false},"excerpt":{"rendered":"Junio de 1907. Un joven artista espa\u00f1ol llamado Pablo Ruiz Picasso escandaliza y revoluciona a sus compa\u00f1eros pintores&hellip;\n","protected":false},"author":2,"featured_media":311537,"comment_status":"","ping_status":"","sticky":false,"template":"","format":"standard","meta":{"footnotes":""},"categories":[173],"tags":[2545,2206,229,233,231,230,232,234,73270,146,147,25,24,241,317,205,73269,41530,504,4759,28383,23],"class_list":["post-311536","post","type-post","status-publish","format-standard","has-post-thumbnail","category-arte-y-diseno","tag-albacete","tag-alicante","tag-arte","tag-arte-y-diseno","tag-arts","tag-arts-and-design","tag-design","tag-diseno","tag-el-salobral","tag-entertainment","tag-entretenimiento","tag-es","tag-espana","tag-exposiciones","tag-francia","tag-madrid","tag-montealegre-del-castillo","tag-museo-del-louvre","tag-pablo-picasso","tag-paris","tag-prostitucion","tag-spain"],"share_on_mastodon":{"url":"https:\/\/pubeurope.com\/@es\/115797271675030282","error":""},"_links":{"self":[{"href":"https:\/\/www.europesays.com\/es\/wp-json\/wp\/v2\/posts\/311536","targetHints":{"allow":["GET"]}}],"collection":[{"href":"https:\/\/www.europesays.com\/es\/wp-json\/wp\/v2\/posts"}],"about":[{"href":"https:\/\/www.europesays.com\/es\/wp-json\/wp\/v2\/types\/post"}],"author":[{"embeddable":true,"href":"https:\/\/www.europesays.com\/es\/wp-json\/wp\/v2\/users\/2"}],"replies":[{"embeddable":true,"href":"https:\/\/www.europesays.com\/es\/wp-json\/wp\/v2\/comments?post=311536"}],"version-history":[{"count":0,"href":"https:\/\/www.europesays.com\/es\/wp-json\/wp\/v2\/posts\/311536\/revisions"}],"wp:featuredmedia":[{"embeddable":true,"href":"https:\/\/www.europesays.com\/es\/wp-json\/wp\/v2\/media\/311537"}],"wp:attachment":[{"href":"https:\/\/www.europesays.com\/es\/wp-json\/wp\/v2\/media?parent=311536"}],"wp:term":[{"taxonomy":"category","embeddable":true,"href":"https:\/\/www.europesays.com\/es\/wp-json\/wp\/v2\/categories?post=311536"},{"taxonomy":"post_tag","embeddable":true,"href":"https:\/\/www.europesays.com\/es\/wp-json\/wp\/v2\/tags?post=311536"}],"curies":[{"name":"wp","href":"https:\/\/api.w.org\/{rel}","templated":true}]}}