{"id":31154,"date":"2025-08-07T08:26:12","date_gmt":"2025-08-07T08:26:12","guid":{"rendered":"https:\/\/www.europesays.com\/es\/31154\/"},"modified":"2025-08-07T08:26:12","modified_gmt":"2025-08-07T08:26:12","slug":"me-gano-bustamante-y-no-se-lo-voy-a-perdonar","status":"publish","type":"post","link":"https:\/\/www.europesays.com\/es\/31154\/","title":{"rendered":"\u00abMe gan\u00f3 Bustamante y no se lo voy a perdonar\u00bb"},"content":{"rendered":"<p><img decoding=\"async\" class=\"voc-author__img\" src=\"https:\/\/www.europesays.com\/es\/wp-content\/uploads\/2025\/08\/1754525051_309_autor-7150-foto-1.jpeg\" alt=\"Marina Ortiz Cort\u00e9s\"\/><\/p>\n<p>07\/08\/2025<br \/>\n<br \/><strong><br \/>\nActualizado a las 08:44h.<br \/>\n<\/strong><\/p>\n<p class=\"voc-p\" style=\"\">Es una de las &#8216;influencers&#8217; originales, de las que marcaron el camino en YouTube hace m\u00e1s de una d\u00e9cada. Ahora, <strong>Patry Jord\u00e1n<\/strong> tiene 40 a\u00f1os, vive en Andorra y sigue enamorada del mismo hombre con el que lleva los \u00faltimos veinte a\u00f1os. Mucho y a la vez nada ha cambiado desde que saltara a la fama en internet y <strong>labrara su carrera ladrillo a ladrillo<\/strong>. Uno de sus fuertes es <a href=\"https:\/\/www.abc.es\/bienestar\/fitness\/abci-patry-jordangrabate-cuando-hagas-ejercicio-casa-pues-ayuda-mejorar-202004070401_noticia.html\" target=\"_self\" data-voc-vtm-id=\"in-text-traffic\" title=\"el ejercicio\" data-mrf-link=\"www.abc.es\" rel=\"nofollow noopener\">el ejercicio<\/a>, de hecho vivi\u00f3 un segundo renacer cuando en la pandemia todo el mundo descubri\u00f3 sus v\u00eddeos para hacer deporte en casa.<\/p>\n<p class=\"voc-p\" style=\"\">Por eso no es de extra\u00f1ar que la marca deportiva de Lidl, Crivit, haya querido contar con ella para su nueva campa\u00f1a. El lema, &#8216;Find your move&#8217;, no podr\u00eda venirle mejor: ella ha sabido <strong>adaptarse a los cambios<\/strong> de las redes sociales para seguir dedic\u00e1ndose a esto. Porque no solo crea contenido, tiene tambi\u00e9n una <strong>plataforma de entrenamientos<\/strong> que es la base principal de su trabajo. ABC ha hablado con <a href=\"https:\/\/www.abc.es\/bienestar\/fitness\/perder-peso-esfuerzo-consejos-patry-jordan-guru-20230525164442-nt.html\" target=\"_self\" data-voc-vtm-id=\"in-text-traffic\" title=\"Patry Jord\u00e1n\" data-mrf-link=\"www.abc.es\" rel=\"nofollow noopener\">Patry Jord\u00e1n<\/a> para entender c\u00f3mo pasa una de &#8216;influencer&#8217; a empresaria sin perder el casi mill\u00f3n y medio de seguidores que tiene en su perfil personal. <\/p>\n<p class=\"voc-p\" style=\"\">&#8211; <strong>Lleva toda la vida en esta profesi\u00f3n, \u00bfc\u00f3mo ha cambiado el ser &#8216;influencer&#8217; desde que empez\u00f3 hace 15 a\u00f1os?<\/strong><\/p>\n<p class=\"voc-p\" style=\"\">Antes era como el bicho raro y despu\u00e9s de la pandemia la gente ha visto que es posible entrenar en casa y muy viable. Puedes combinarlo con el gimnasio, con correr y tal.<\/p>\n<p class=\"voc-p\" style=\"\">&#8211; <strong>Ha hecho contenido de muchos tipos, \u00bfc\u00f3mo decide cu\u00e1l es el l\u00edmite entre lo personal y lo p\u00fablico?<\/strong><\/p>\n<p class=\"voc-p\" style=\"\">Antes hac\u00edamos bastantes blogs y cont\u00e1bamos un poco m\u00e1s a la audiencia de c\u00f3mo \u00e9ramos, cu\u00e1l era nuestro d\u00eda a d\u00eda, para que nos conocieran. Pero a\u00fan siendo v\u00eddeos de 20 minutos nunca acaba siendo el 100% de tu vida. Puedes canalizar y ense\u00f1ar lo que creer que va a aportar, lo que es bueno, y que t\u00fa est\u00e9s alineada con ese contenido. Yo me considero una creadora de contenido de las del principio, s\u00e9 separar muy bien incluso como consumidora. Me agobia mucho perder el tiempo haciendo &#8216;scroll&#8217;. Respeto mucho y muestro lo que creo que puede aportar.<\/p>\n<p>\nNo es oro todo lo que reluce en redes sociales\n<\/p>\n<p class=\"voc-p\" style=\"\">&#8211;<strong> Por ejemplo, la reforma de su casa.<\/strong><\/p>\n<p class=\"voc-p\" style=\"\">Es algo que me hace ilusi\u00f3n y la comparto con ellos. Ellos incluso comparten conmigo porque digo que quiero un toallero, \u00bfqui\u00e9n me ayuda? Y me mandan opciones. Es tener un privilegio. Porque yo ayudo, pero ellos me ayudan much\u00edsimo a construir, a resolver cosas, comparto lo que me siento c\u00f3modo. Al principio compart\u00eda belleza porque era algo que tambi\u00e9n me gustaba, pero ahora es algo que cada vez hago menos. En 15 a\u00f1os tambi\u00e9n he cambiado yo. Soy otra persona y los contenidos cambian contigo. No quieres perder tu esencia. El contenido te tiene que acompa\u00f1ar a lo largo de los a\u00f1os porque lleva un mont\u00f3n de tiempo.<\/p>\n<p class=\"voc-p\" style=\"\">&#8211; <strong>Algo que no ha cambiado en estos a\u00f1os es su pareja. Mucha gente la conoce precisamente por su relaci\u00f3n, que parece id\u00edlica despu\u00e9s de 20 a\u00f1os juntos. \u00bfQu\u00e9 claves dar\u00eda para que una relaci\u00f3n dure tanto?<\/strong><\/p>\n<p class=\"voc-p\" style=\"\">Bueno, id\u00edlica no lo s\u00e9. Que dure y est\u00e9 bien s\u00ed, porque yo llevo much\u00edsimo tiempo con \u00e9l y al final te enga\u00f1ar\u00eda si te dijera que no. Trabajamos juntos y tenemos una relaci\u00f3n normal. Yo creo que es una relaci\u00f3n sana. Al final pasa de todo, un d\u00eda discutes y otro te reconcilias, lo bueno al final es conversar, \u00bfno? Tener esas conversaciones inc\u00f3modas cuando tienes que tenerlas para ir alineados. En general mi familia, mi pareja, me siento superorgullosa y superarropada, no la cambiar\u00eda por nada. Pero en las redes sociales, quiero matizar, parece que todo, todo, todo es buen\u00edsimo y crear contenido o mi trabajo no es solo subir una foto. Igual que tener una pareja no es solo la foto bonita. Vemos solo la cara bonita de las cosas y en realidad hay de todo. <\/p>\n<p>\nEl hermano de Patry trabaja en el Bar\u00e7a\n<\/p>\n<p class=\"voc-p\" style=\"\">&#8211; <strong>Pero usted tiene muy pocos &#8216;haters&#8217;, revisando sus comentarios la mayor\u00eda son positivos.<\/strong><\/p>\n<p class=\"voc-p\" style=\"\">Estoy muy agradecida con la comunidad que tengo, tambi\u00e9n es verdad que no me meto con nadie y espero que la gente haga lo mismo. No pretendo gustarle a todo el mundo y es normal que al final no sea as\u00ed. Intento aportar y conectar con aquellas personas a las que puedo ayudar. Creo que conectamos de alguna forma. <\/p>\n<p class=\"voc-p\" style=\"\"><strong>&#8211; <\/strong><strong>Entiendo que el deporte es eso para usted, conexi\u00f3n tambi\u00e9n, \u00bfno?<\/strong><\/p>\n<p class=\"voc-p\" style=\"\">Yo he tenido el deporte de mi vida desde peque\u00f1ita. Mi padre era entrenador de f\u00fatbol, ten\u00eda una escuela de f\u00fatbol, mi hermano a d\u00eda de hoy es analista del primer equipo del Bar\u00e7a. Mi madre corr\u00eda maratones. Estudi\u00e9 el m\u00f3dulo de Educaci\u00f3n f\u00edsica porque me encantaba. No concibo el deporte como una cuesti\u00f3n est\u00e9tica, nos ayuda a vernos mejor, s\u00ed, pero tambi\u00e9n a ganar confianza, bienestar, seguridad. Tiene much\u00edsimos beneficios que a veces no vemos. Creo que cuando queremos entrenar solo vemos que vuesta el esfuerzo y lo vemos como algo malo pero te est\u00e1 dando much\u00edsimo. La clave es buscar ese momento para desconectar, la disciplina, da igual el deporte que hagas, pero que te mantenga activo y te haga bien. Creo que cada persona tiene que adaptarse para mantenerse activo.<\/p>\n<p class=\"voc-p\" style=\"\">&#8211; <strong>Le quer\u00eda preguntar tambi\u00e9n por su paso por televisi\u00f3n. Estuvo en &#8216;Bailando con las estrellas&#8217; pero luego no la hemos visto en m\u00e1s programas.<\/strong><\/p>\n<p class=\"voc-p\" style=\"\">Me gan\u00f3 Bustamante y no se lo voy a perdonar [risas]. Estuve tres meses ah\u00ed hasta la final, fue una experiencia muy guay, me da pena no haberla disfrutado tanto potque mi exigencia no me lo permiti\u00f3. Estaba tan enfocada en que quer\u00eda hacerlo bien, cada semana ven\u00edan con un reto nuevo y yo no hab\u00edabailado nunca, nada de baile de sal\u00f3n ni en pareja, era un reto. Un programa as\u00ed, en directo, que tienes que aprender una coreograf\u00eda todas las semanas y m\u00e1s adelante dos, adem\u00e1s de todo mi trabajo&#8230; yo no s\u00e9 c\u00f3mo lo pude llevar a cabo durante tres meses porque fue muy intenso. Despu\u00e9s vino la pandemia e hizo falta tiempo. Han salido programas pero no me encajaban, no lo he cogido. Pero no descarto hacer algo m\u00e1s, a ver si aparece algo que me encaje.<\/p>\n<p>\n\u00abTe asustar\u00edas si te dijera cu\u00e1nto me est\u00e1 costando la reforma de mi casa\u00bb\n<\/p>\n<p class=\"voc-p\" style=\"\">&#8211; <strong>O sea, se plantea algo del estilo &#8216;talent show&#8217; pero no &#8216;reality&#8217;.<\/strong><\/p>\n<p class=\"voc-p\" style=\"\">Exacto. Me han llegado cositas pero no me he visto muy alineada.<\/p>\n<p class=\"voc-p\" style=\"\">&#8211; <strong>Y, sobre la reforma de su casa, en sus \u00faltimas publicaciones ha comentado que le est\u00e1 saliendo car\u00edsimo, \u00bfpodr\u00eda dar una cifra aproximada? \u00bfUna horquilla?<\/strong><\/p>\n<p class=\"voc-p\" style=\"\">Te asustar\u00edas si te dijera la verdad. Me asusto yo cada d\u00eda que me levanto.<\/p>\n<p class=\"voc-p\" style=\"\">&#8211; <strong>Llevan mucho tiempo haciendo la reforma.<\/strong><\/p>\n<p class=\"voc-p\" style=\"\">Tres a\u00f1os y un poquito m\u00e1s. Ha sido una experiencia lamentablemente mala, he sufrido much\u00edsimo con el tema, estoy sufri\u00e9ndolo todav\u00eda y nunca me imaginaba que reformar una casa, que adem\u00e1s est\u00e1 en un sitio id\u00edlico, que parece que tendr\u00eda que tenerlo todo&#8230; pero conf\u00edo en que todo se va a alinear. No solo por la parte econ\u00f3mica, hemos tenido malas experiencias, se ha torcido un poquito el proyecto y est\u00e1 siendo m\u00e1s dif\u00edcil de lo que esperaba. Pero creo que todo el mundo que ha estado en una reforma se puede sentir identificado. Tienes la mala suerte de estar con malos profesionales, mal asesorada o simplemente tomas malas decisiones y luego te ves envuelta en una bola de nieve de la que cuesta mucho salir. Si me pregunta que por qu\u00e9 he llorado este a\u00f1o te dir\u00eda que el 99% ha sido por la casa&#8230; ha sido muy duro. Yo le puse &#8216;Villa Calma&#8217;, espero que luego me d\u00e9 toda la calma que no me est\u00e1 dando ahora.<\/p>\n<p><img decoding=\"async\" loading=\"lazy\" src=\"https:\/\/www.europesays.com\/es\/wp-content\/uploads\/2025\/08\/DSC04777-U36402606473moN-760x427@diario_abc.jpg\" class=\"voc-img\" width=\"760\" height=\"427\" alt=\"Patry Jord\u00e1n durante una de sus clases\" data-voc-vtm-id=\"in-text-traffic\"\/><\/p>\n<p>Patry Jord\u00e1n durante una de sus clases<\/p>\n<p>CRIVIT<\/p>\n<p class=\"voc-p\" style=\"\">&#8211; <strong>\u00bfSe imaginaba d\u00f3nde iba a estar hace cinco a\u00f1os?<\/strong><\/p>\n<p class=\"voc-p\" style=\"\">Yo es que he sido muy so\u00f1adora siempre. Me veo igual. Lo que te digo, desde peque\u00f1a siempre me han hecho creer que no era suficiente porque tengo dislexia y me ha costado siempre el doble. Creo que desarrollar otras habilidades como la constancia, no tirar la toalla, automotivarte&#8230; te hace superpoderosa. Mi padre siempre me dice &#8216;T\u00fa eres la loca que solo t\u00fa confiabas en tu proyecto&#8217;. Pero yo cuando cuantifico el \u00e9xito no lo hago en d\u00f3nde llegas sino en c\u00f3mo de satisfecho te quedas t\u00fa con tu trabajo y yo me siento supersatisfecha. Espero seguir creciendo pudiendo aportar, soy ambiciosa, no te dir\u00e9 que no, y me gusta. Si me dices &#8216;\u00bfte lo imaginabas?&#8217; te dir\u00e9 que quiz\u00e1s no exactamente. Mira, ahora estoy aqu\u00ed con Lidl haciendo la campa\u00f1a de lanzamiento y no me lo imaginaba as\u00ed, pero sab\u00eda que siempre estar\u00eda alineada con mis pasiones que siempre ha sido el deporte.<\/p>\n<p>Reportar un error<\/p>\n","protected":false},"excerpt":{"rendered":"07\/08\/2025 Actualizado a las 08:44h. Es una de las &#8216;influencers&#8217; originales, de las que marcaron el camino en&hellip;\n","protected":false},"author":2,"featured_media":31155,"comment_status":"","ping_status":"","sticky":false,"template":"","format":"standard","meta":{"footnotes":""},"categories":[171],"tags":[10872,3016,5037,146,147,25,24,16416,16415,16417,16414,23,214,2606],"class_list":{"0":"post-31154","1":"post","2":"type-post","3":"status-publish","4":"format-standard","5":"has-post-thumbnail","7":"category-tv","8":"tag-calle","9":"tag-cambiado","10":"tag-dicen","11":"tag-entertainment","12":"tag-entretenimiento","13":"tag-es","14":"tag-espana","15":"tag-fascina","16":"tag-jordan","17":"tag-paran","18":"tag-patry","19":"tag-spain","20":"tag-tv","21":"tag-vida"},"share_on_mastodon":{"url":"","error":""},"_links":{"self":[{"href":"https:\/\/www.europesays.com\/es\/wp-json\/wp\/v2\/posts\/31154","targetHints":{"allow":["GET"]}}],"collection":[{"href":"https:\/\/www.europesays.com\/es\/wp-json\/wp\/v2\/posts"}],"about":[{"href":"https:\/\/www.europesays.com\/es\/wp-json\/wp\/v2\/types\/post"}],"author":[{"embeddable":true,"href":"https:\/\/www.europesays.com\/es\/wp-json\/wp\/v2\/users\/2"}],"replies":[{"embeddable":true,"href":"https:\/\/www.europesays.com\/es\/wp-json\/wp\/v2\/comments?post=31154"}],"version-history":[{"count":0,"href":"https:\/\/www.europesays.com\/es\/wp-json\/wp\/v2\/posts\/31154\/revisions"}],"wp:featuredmedia":[{"embeddable":true,"href":"https:\/\/www.europesays.com\/es\/wp-json\/wp\/v2\/media\/31155"}],"wp:attachment":[{"href":"https:\/\/www.europesays.com\/es\/wp-json\/wp\/v2\/media?parent=31154"}],"wp:term":[{"taxonomy":"category","embeddable":true,"href":"https:\/\/www.europesays.com\/es\/wp-json\/wp\/v2\/categories?post=31154"},{"taxonomy":"post_tag","embeddable":true,"href":"https:\/\/www.europesays.com\/es\/wp-json\/wp\/v2\/tags?post=31154"}],"curies":[{"name":"wp","href":"https:\/\/api.w.org\/{rel}","templated":true}]}}