{"id":311553,"date":"2025-12-28T12:58:12","date_gmt":"2025-12-28T12:58:12","guid":{"rendered":"https:\/\/www.europesays.com\/es\/311553\/"},"modified":"2025-12-28T12:58:12","modified_gmt":"2025-12-28T12:58:12","slug":"asi-se-utilizo-la-inteligencia-artificial-en-politica-en-2025-burlas-propaganda-y-ataques","status":"publish","type":"post","link":"https:\/\/www.europesays.com\/es\/311553\/","title":{"rendered":"As\u00ed se utiliz\u00f3 la inteligencia artificial en pol\u00edtica en 2025: burlas, propaganda y ataques"},"content":{"rendered":"<p>La inteligencia artificial (IA) mejor\u00f3 su capacidad de generar im\u00e1genes y videos hiperrealistas en 2025, y pol\u00edticos de ambos partidos, agencias gubernamentales, e influencers no dudaron en utilizarla durante el a\u00f1o para impulsar sus narrativas.<\/p>\n<p>Aqu\u00ed te traemos algunos ejemplos:<\/p>\n<p>Trump public\u00f3 un video generado con IA mostr\u00e1ndose como rey y lanzando una sustancia marr\u00f3n en contra de manifestantes<img decoding=\"async\" src=\"https:\/\/www.europesays.com\/es\/wp-content\/uploads\/2025\/12\/6949a7805e9c6pasted-image-png.png\"\/><\/p>\n<p>En octubre de 2025 verificamos que s\u00ed, que el presidente Donald Trump, en efecto, <a target=\"_blank\" rel=\"noopener noreferrer nofollow\" href=\"https:\/\/factchequeado.com\/verificaciones\/20251020\/trump-rey-ai-piloto-protestas-octubre-2025\/\">hab\u00eda compartido en Truth Social un video generado con IA<\/a> en el que aparece vestido con un uniforme de piloto militar y una corona, piloteando un jet de combate. En la aeronave se lee la frase \u00abKing Trump\u00bb (\u00abRey Trump\u00bb).\u00a0<\/p>\n<p>El video muestra c\u00f3mo el avi\u00f3n arroja una sustancia marr\u00f3n \u2014aparentemente excremento\u2014 sobre manifestantes de las protestas \u00abNo Kings\u00bb (\u00abSin Reyes\u201d) llevadas a cabo el 18 y 19 de octubre de 2025 en contra de las tendencias autoritarias del gobierno de Trump.<\/p>\n<p>Puede leer m\u00e1s detalles en esta nota <a target=\"_blank\" rel=\"noopener noreferrer nofollow\" href=\"https:\/\/factchequeado.com\/verificaciones\/20251020\/trump-rey-ai-piloto-protestas-octubre-2025\/\">aqu\u00ed<\/a>.<\/p>\n<p>Adem\u00e1s, en julio de 2025, Trump tambi\u00e9n divulg\u00f3 desde su cuenta <a target=\"_blank\" rel=\"noopener noreferrer nofollow\" href=\"https:\/\/factchequeado.com\/verificaciones\/20250730\/trump-obama-arresto-video-inteligencia-artificial\/\">un video creado con IA<\/a> en el que se muestra al expresidente Barack Obama supuestamente siendo arrestado por el FBI en la Oficina Oval de la Casa Blanca.<\/p>\n<p>La Casa Blanca y el DHS divulgaron una imagen generada con IA que primero hab\u00eda sido publicada por una cuenta que promueve contenido racista y neonazi<img decoding=\"async\" src=\"https:\/\/www.europesays.com\/es\/wp-content\/uploads\/2025\/12\/6949a7811dd62pasted-image-png.png\"\/><\/p>\n<p>En junio de 2025 verificamos que la Casa Blanca y el <a target=\"_blank\" rel=\"noopener noreferrer nofollow\" href=\"https:\/\/factchequeado.com\/tag\/dhs\">Departamento de Seguridad Nacional<\/a> (DHS) <a target=\"_blank\" rel=\"noopener noreferrer nofollow\" href=\"https:\/\/archive.ph\/8HVYc\">publicaron<\/a> en sus <a target=\"_blank\" rel=\"noopener noreferrer nofollow\" href=\"https:\/\/archive.ph\/ehVNx\">redes<\/a> <a target=\"_blank\" rel=\"noopener noreferrer nofollow\" href=\"https:\/\/archive.ph\/QgW4u\">sociales<\/a> una imagen con el texto \u201creporta a todos los invasores extranjeros\u201d, el n\u00famero de contacto de ICE (Servicio de Inmigraci\u00f3n y Control de Aduanas) y una figura del \u201c<a target=\"_blank\" rel=\"noopener noreferrer nofollow\" href=\"https:\/\/www.britannica.com\/topic\/Uncle-Sam\">T\u00edo Sam<\/a>\u201d clavando un cartel en una pared que dice \u201cayuda a tu pa\u00eds y a ti mismo\u201d.<\/p>\n<p>En la investigaci\u00f3n encontramos que esa imagen, generada con IA, d\u00edas antes de su publicaci\u00f3n en cuentas oficiales del gobierno, hab\u00eda sido divulgada por una cuenta que promueve contenido racista y neonazi.<\/p>\n<p>Pero esa no fue la \u00fanica ocasi\u00f3n que utilizaron IA para divulgar narrativas antiinmigrante. La Casa Blanca y el DHS en 2025 publicaron varias im\u00e1genes generadas con IA, incluyendo una, en marzo, donde se <a target=\"_blank\" rel=\"noopener noreferrer nofollow\" href=\"https:\/\/archive.ph\/AVeFB\">recrea<\/a> en modo caricaturesco el llanto de una mujer dominicana detenida por ICE en Filadelfia, que, seg\u00fan la agencia, hab\u00eda sido condenada por tr\u00e1fico de fentanilo.<\/p>\n<p>Puedes leer la nota completa <a target=\"_blank\" rel=\"noopener noreferrer nofollow\" href=\"https:\/\/factchequeado.com\/verificaciones\/20250613\/casa-blanca-dhs-imagen-invasion-tio-sam\/\">aqu\u00ed<\/a>.<\/p>\n<p>La IA se us\u00f3 en campa\u00f1as para las elecciones locales de 2025 con \u201cdebates\u201d que nunca ocurrieron y palabras que no se pronunciaron<img decoding=\"async\" src=\"https:\/\/www.europesays.com\/es\/wp-content\/uploads\/2025\/12\/6949a781c1784pasted-image-png.png\"\/><\/p>\n<p>En noviembre de 2025 <a target=\"_blank\" rel=\"noopener noreferrer nofollow\" href=\"https:\/\/factchequeado.com\/teexplicamos\/20251103\/ai-uso-elecciones-locales-2025\/\">te contamos que en contiendas electorales locales en Ohio y Texas se utilizaron deepfakes<\/a> \u2013videos hiperrealistas que pueden recrear con IA la cara, los movimientos y la voz de una persona\u2013 de candidatas y candidatos para mostrarlos diciendo frases que nunca pronunciaron o para generar versiones caricaturescas y ridiculizarlos.<\/p>\n<p>Por otro lado, en Virginia fuimos testigos de un nuevo uso de la IA: el entonces candidato republicano a vicegobernador de Virginia, John Reid, <a target=\"_blank\" rel=\"noopener noreferrer nofollow\" href=\"https:\/\/www.youtube.com\/watch?v=BWe1PbGIZw4\">transmiti\u00f3<\/a> el 21 de octubre de 2025 desde su cuenta de YouTube un supuesto \u201cdebate\u201d con una versi\u00f3n generada con IA de su contrincante, la dem\u00f3crata Ghazala Hashmi, quien es ahora la vicegobernadora electa de Virginia.<\/p>\n<p>En la descripci\u00f3n del \u201cdebate\u201d se especific\u00f3 que las palabras de Hashmi fueron generadas con IA \u201cutilizando sus declaraciones p\u00fablicas verificadas\u201d. Sin embargo, en <strong>Factchequeado<\/strong> verificamos que se incluyeron supuestos comentarios que Hashmi no hizo p\u00fablicamente, como que la mayor\u00eda de los votantes de Virginia \u201cson racistas\u201d.<\/p>\n<p>Puedes leer la nota completa <a target=\"_blank\" rel=\"noopener noreferrer nofollow\" href=\"https:\/\/factchequeado.com\/teexplicamos\/20251103\/ai-uso-elecciones-locales-2025\/\">aqu\u00ed<\/a>.<\/p>\n<p>La IA tambi\u00e9n se utiliz\u00f3 para divulgar narrativas en contra de Trump<img decoding=\"async\" src=\"https:\/\/www.europesays.com\/es\/wp-content\/uploads\/2025\/12\/6949a782b87f8pasted-image-png.png\"\/><\/p>\n<p>La cuenta del gobernador de California, Gavin Newsom, y la de su oficina de Prensa, se hicieron virales en 2025 por divulgar contenidos generados con IA para atacar y <a target=\"_blank\" rel=\"noopener noreferrer nofollow\" href=\"https:\/\/archive.ph\/K1nQm\">ridiculizar<\/a> a Trump, incluyendo un <a target=\"_blank\" rel=\"noopener noreferrer nofollow\" href=\"https:\/\/archive.ph\/CeSSP\">video<\/a> en el que el presidente aparece supuestamente esposado junto a Pete Hegseth, secretario de Defensa, y Stephen Miller, asesor de Seguridad Nacional.<\/p>\n<p>Adem\u00e1s, en diciembre de 2025, con una imagen de Trump utilizando una andadera, vimos c\u00f3mo se ha perfeccionado la generaci\u00f3n de contenidos con IA. <a target=\"_blank\" rel=\"noopener noreferrer nofollow\" href=\"https:\/\/factchequeado.com\/verificaciones\/20251212\/trump-andadera-ia\/\">Como te comentamos en Factchequeado<\/a>, la imagen no ten\u00eda los t\u00edpicos errores que suelen tener los contenidos generados con IA (como garabatos en vez de letras en alg\u00fan logo o manos con dedos adicionales) que pueden ser detectados con una simple observaci\u00f3n.<\/p>\n<p>Y, en el contexto de la divulgaci\u00f3n de los mensajes privados de Jeffrey Epstein publicados por la C\u00e1mara de Representantes en noviembre de 2025, se viraliz\u00f3 un video generado con IA que <a target=\"_blank\" rel=\"noopener noreferrer nofollow\" href=\"https:\/\/factchequeado.com\/verificaciones\/20251118\/falso-video-trump-entrepierna-clinton-ai\/\">mostraba a Trump tocando la entrepierna del expresidente dem\u00f3crata Bill Clinton<\/a>. En este caso, se utiliz\u00f3 una foto real del a\u00f1o 2000 para generar el video con la IA.<\/p>\n<p>Puedes leer m\u00e1s detalles <a target=\"_blank\" rel=\"noopener noreferrer nofollow\" href=\"https:\/\/factchequeado.com\/verificaciones\/20251118\/falso-video-trump-entrepierna-clinton-ai\/\">aqu\u00ed<\/a>.<\/p>\n<p><a target=\"_blank\" rel=\"noopener noreferrer nofollow\" href=\"http:\/\/www.factchequeado.com\/\"><strong>Factchequeado<\/strong><\/a> es un medio de verificaci\u00f3n que construye una comunidad hispanohablante para contrarrestar la desinformaci\u00f3n en Estados Unidos. \u00bfQuieres ser parte? S\u00famate y <strong>verifica los contenidos que recibes envi\u00e1ndolos a nuestro WhatsApp<\/strong> +<a target=\"_blank\" rel=\"noopener noreferrer nofollow\" href=\"https:\/\/wa.me\/16468736087\">1 (646) 873 60 87<\/a> o a<a target=\"_blank\" rel=\"noopener noreferrer nofollow\" href=\"https:\/\/factchequeado.com\/whatsapp\"> factchequeado.com\/whatsapp<\/a>.<\/p>\n","protected":false},"excerpt":{"rendered":"La inteligencia artificial (IA) mejor\u00f3 su capacidad de generar im\u00e1genes y videos hiperrealistas en 2025, y pol\u00edticos de&hellip;\n","protected":false},"author":2,"featured_media":311554,"comment_status":"","ping_status":"","sticky":false,"template":"","format":"standard","meta":{"footnotes":""},"categories":[42],"tags":[17,18,13,14,11,61,62,63,64,19,20,9,10,15,16,12,21,22,65,66,67],"class_list":{"0":"post-311553","1":"post","2":"type-post","3":"status-publish","4":"format-standard","5":"has-post-thumbnail","7":"category-internacional","8":"tag-breaking-news","9":"tag-breakingnews","10":"tag-featured-news","11":"tag-featurednews","12":"tag-headlines","13":"tag-internacional","14":"tag-international","15":"tag-international-news","16":"tag-internationalnews","17":"tag-latest-news","18":"tag-latestnews","19":"tag-news","20":"tag-noticias","21":"tag-noticias-destacadas","22":"tag-noticiasdestacadas","23":"tag-titulares","24":"tag-ultimas-noticias","25":"tag-ultimasnoticias","26":"tag-world","27":"tag-world-news","28":"tag-worldnews"},"share_on_mastodon":{"url":"https:\/\/pubeurope.com\/@es\/115797316316492062","error":""},"_links":{"self":[{"href":"https:\/\/www.europesays.com\/es\/wp-json\/wp\/v2\/posts\/311553","targetHints":{"allow":["GET"]}}],"collection":[{"href":"https:\/\/www.europesays.com\/es\/wp-json\/wp\/v2\/posts"}],"about":[{"href":"https:\/\/www.europesays.com\/es\/wp-json\/wp\/v2\/types\/post"}],"author":[{"embeddable":true,"href":"https:\/\/www.europesays.com\/es\/wp-json\/wp\/v2\/users\/2"}],"replies":[{"embeddable":true,"href":"https:\/\/www.europesays.com\/es\/wp-json\/wp\/v2\/comments?post=311553"}],"version-history":[{"count":0,"href":"https:\/\/www.europesays.com\/es\/wp-json\/wp\/v2\/posts\/311553\/revisions"}],"wp:featuredmedia":[{"embeddable":true,"href":"https:\/\/www.europesays.com\/es\/wp-json\/wp\/v2\/media\/311554"}],"wp:attachment":[{"href":"https:\/\/www.europesays.com\/es\/wp-json\/wp\/v2\/media?parent=311553"}],"wp:term":[{"taxonomy":"category","embeddable":true,"href":"https:\/\/www.europesays.com\/es\/wp-json\/wp\/v2\/categories?post=311553"},{"taxonomy":"post_tag","embeddable":true,"href":"https:\/\/www.europesays.com\/es\/wp-json\/wp\/v2\/tags?post=311553"}],"curies":[{"name":"wp","href":"https:\/\/api.w.org\/{rel}","templated":true}]}}