{"id":311556,"date":"2025-12-28T13:00:46","date_gmt":"2025-12-28T13:00:46","guid":{"rendered":"https:\/\/www.europesays.com\/es\/311556\/"},"modified":"2025-12-28T13:00:46","modified_gmt":"2025-12-28T13:00:46","slug":"aviso-naranja-de-aemet-en-la-comunidad-valenciana-las-cuatro-zonas-en-las-que-llovera-muy-fuerte-este-domingo-28-de-diciembre-el-debate","status":"publish","type":"post","link":"https:\/\/www.europesays.com\/es\/311556\/","title":{"rendered":"Aviso naranja de Aemet en la Comunidad Valenciana: las cuatro zonas en las que llover\u00e1 \u00abmuy fuerte\u00bb este domingo 28 de diciembre &#8211; El Debate"},"content":{"rendered":"<ol>\n<li><a href=\"https:\/\/news.google.com\/rss\/articles\/CBMi_AFBVV95cUxPZHZhT0NDZ0ZYTjJRd21udzBLbHQxelJUSkZHSEZQaFhqVE1MTFczX1hEeHN2MW1kWmt5MnFpSS1CTjZGQVZOMVBDUThwbHg5RS04eWV3NjVQQXZXc2VBQk03QVRKY2VnZTZwQmdtdVBPT2VwMzRiM0hLTmdwQ3BqOXF4Zy1ENUlmZXR6cVRqcGtuSEptakFUV1p3WWt5Ni13RGlZWFNaODF6WmJsVlhwSi1mMHhGQXM2eVlYbE1Fd252ZmU1ZXhrbGhRUEx3b2VkUnB4cTUxcFVfWElvdEZQbHhkS19zNGh0SnZXTEh0VC1nX185Yko5MW50RmrSAYICQVVfeXFMTnI4dEVudmVidnRnZjB5S2ctaEwwMmhPMVlIOFZXMUJZVjg1MUVmeWk3dW5ZU3dzUURtWHRvT0NEeFJFMDQ4SHlvM1hDdmJ1VFFUVnV3enpjM3R4TEJVLVcyQ2hsdU80dk0xWmZYS29CN2pYZzBfTF8yNGhnbC1rVlZibUpheEExaExDbkdpMEMySS1WN2RXV3RodWgzaWNaeTFCWl9keGhJeDNsZW9PUGswNm8wb0hzcnpLMW11N2xTU282VW4zWHFvX0F2QzljdjlZMlJQSC1fV0dVSkhMNVUwM0tnWEFvRUFpRTQwMWo2Smpaa0poMHZrSG5yVUo0eFVB?oc=5\" target=\"_blank\" rel=\"nofollow noopener\">Aviso naranja de Aemet en la Comunidad Valenciana: las cuatro zonas en las que llover\u00e1 \u00abmuy fuerte\u00bb este domingo 28 de diciembre<\/a>&nbsp;&nbsp;El Debate<\/li>\n<li><a href=\"https:\/\/news.google.com\/rss\/articles\/CBMixAFBVV95cUxNbDRDdDFlUnQ1bFdsaDhSaWRZWk1XTE01UDJXTlJaNlhmWXJRRjJYNHZZNFNoUElpN0h5QWhXUXMxWUtrYm1TV280U1I0Vi15eW9rVkhHQTNmM2xJQk9INVV3Qkl4WURQN2J2LVB1UkxHbVJpclFOa3d2QnJJTko4SFMtM3pNMEJ2WkNfNWpwa1U1R2xXX0UxMWpMNEhYbXFSeXFIdWctQWoza2VqODg4RHdpcHhqdm5KQVV0ZFROSnJKS2VX?oc=5\" target=\"_blank\" rel=\"nofollow noopener\">El modelo franc\u00e9s que acert\u00f3 con la DANA de Valencia anuncia lluvias de 200 litros para este domingo<\/a>&nbsp;&nbsp;MARCA<\/li>\n<li><a href=\"https:\/\/news.google.com\/rss\/articles\/CBMixwFBVV95cUxNZTdQWURfSWk4LXcwZW1hR05fa2hIRGtoQzMycTFTeUh3WmpTS19ueEd4VmkxOHozT2czMVc4LTV5dHNGQU5YZFVZUEdXUEZSdDZqZHNMTkpydUFPWG0wcHhkYW11MFY5MUM3TzE2dUh5bU95MDVNbEdpcVYzUkp6Z1JtTm5oRVRfRTdKTXdGbXoxQlhLeC16N004dnA0U0lDRS1jcTNWVGpjN25QVTl3WE1vR1lVdXBacDRDcm9VSUdqbGtFeHdz?oc=5\" target=\"_blank\" rel=\"nofollow noopener\">Una nueva alerta naranja por fuertes lluvias y tormentas amenaza hoy domingo toda la provincia de Valencia<\/a>&nbsp;&nbsp;Las Provincias<\/li>\n<li><a href=\"https:\/\/news.google.com\/rss\/articles\/CBMijwJBVV95cUxPR3dSYWVJdGJtYjZCcFYzemZjcjB0LUZESTNOSVR2bEVrZWd4NGRzMnlNaTVBNWlON1ItaEFOQ0ZGNjF0Y1BaUnJtbFhWZ0hESl9kY2h3Q09CcnJwdUM1aE04RFlIZGRjV2o4dkNuNGptQ3NuUGUwUWducFNCR2VxRFFhOXM0eTdHWlZnZHFJYmkzcVNud1BNbHk1WktXZU1wVTVFU08zQ05wb0pKZDFiZlRwQUtrdHBCcEo5SUhZWmVUTXhheFBRTEdtWGhyaURnZ1M1aUYzREFmOGhJTlNRZjA0TkkwTWdlN2ZLNEdvRWl2dWNWUWJpcmM2M1Zsczd4VzM0ME1qcHF0d2kya0d30gGjAkFVX3lxTE5jN0p0MmRzQ2VmcUU1U05NSUZ5U0U1UXRrTUJPUWdoQlA3SGF4eE5ZU0tjNE1lb2djRGVSLUM5MUc5bTRaam1nckZIa011d01VSjJadTdJbmFPUXh2ZnZoYUFqdWY0SWpka3Jya0FpTjZZWlFzdG9WQ2VHM0wxYnJKbzR1WUt0Zk00c19ZcnE1S0E2R2R6RHE4UC04cmw5NHNYd0xJcGp5X01wcmdOai1ya2Mtcy1zMC1wUG9qM1BpalFvMV8zcWNIbkNWbEhJbDBpRFNQVkZKV1AtdGo0WFR5ZlowVVBUSC12eVE5Z2NZVUpoVmNybVc2bGJMWnpFWFZGek93NXlxSWsyMGlxM1RzTUJ5SHgtb25pdUhXYThNVVdQSQ?oc=5\" target=\"_blank\" rel=\"nofollow noopener\">Val\u00e8ncia cancela Expojove y las actividades al aire libre este domingo por el aviso naranja de lluvias<\/a>&nbsp;&nbsp;Cadena SER<\/li>\n<li><a href=\"https:\/\/news.google.com\/rss\/articles\/CBMiyAFBVV95cUxNQlJ3bmJPZ1JNM05BdXR5SUQ1OURSV1BBc042SzZDazJTdV9BYUM5UWVGR1FySllhM3ZaMjRvRDItZno0R20xS2JINW0yZS1VQXFoMllUWmRLS1Z6Q3YzLVEzZ2ZLZThEcTN6Vzh0UTZrNGQwLWk1TGJPN2oxbWV5ank4M09PVGRiQ0U5bXV0NzVCeVdVajRpRDhYNDRLTEJDanJ1SUpoWkdXaE5LUlBPWWZOWHRsVW9Xa200VEg4bzJuNDk3aHd2RA?oc=5\" target=\"_blank\" rel=\"nofollow noopener\">Aemet extiende a toda Valencia el aviso naranja por lluvias muy fuertes y tormentas con granizo: \u00abAtenci\u00f3n porque ser\u00e1 un d\u00eda adverso\u00bb<\/a>&nbsp;&nbsp;Levante-EMV<\/li>\n<\/ol>\n","protected":false},"excerpt":{"rendered":"Aviso naranja de Aemet en la Comunidad Valenciana: las cuatro zonas en las que llover\u00e1 \u00abmuy fuerte\u00bb este&hellip;\n","protected":false},"author":2,"featured_media":297172,"comment_status":"","ping_status":"","sticky":false,"template":"","format":"standard","meta":{"footnotes":""},"categories":[5],"tags":[17,18,25,24,13,14,11,19,20,9,10,15,16,23,12,21,22],"class_list":{"0":"post-311556","1":"post","2":"type-post","3":"status-publish","4":"format-standard","5":"has-post-thumbnail","7":"category-titulares","8":"tag-breaking-news","9":"tag-breakingnews","10":"tag-es","11":"tag-espana","12":"tag-featured-news","13":"tag-featurednews","14":"tag-headlines","15":"tag-latest-news","16":"tag-latestnews","17":"tag-news","18":"tag-noticias","19":"tag-noticias-destacadas","20":"tag-noticiasdestacadas","21":"tag-spain","22":"tag-titulares","23":"tag-ultimas-noticias","24":"tag-ultimasnoticias"},"share_on_mastodon":{"url":"https:\/\/pubeurope.com\/@es\/115797326751266011","error":""},"_links":{"self":[{"href":"https:\/\/www.europesays.com\/es\/wp-json\/wp\/v2\/posts\/311556","targetHints":{"allow":["GET"]}}],"collection":[{"href":"https:\/\/www.europesays.com\/es\/wp-json\/wp\/v2\/posts"}],"about":[{"href":"https:\/\/www.europesays.com\/es\/wp-json\/wp\/v2\/types\/post"}],"author":[{"embeddable":true,"href":"https:\/\/www.europesays.com\/es\/wp-json\/wp\/v2\/users\/2"}],"replies":[{"embeddable":true,"href":"https:\/\/www.europesays.com\/es\/wp-json\/wp\/v2\/comments?post=311556"}],"version-history":[{"count":0,"href":"https:\/\/www.europesays.com\/es\/wp-json\/wp\/v2\/posts\/311556\/revisions"}],"wp:featuredmedia":[{"embeddable":true,"href":"https:\/\/www.europesays.com\/es\/wp-json\/wp\/v2\/media\/297172"}],"wp:attachment":[{"href":"https:\/\/www.europesays.com\/es\/wp-json\/wp\/v2\/media?parent=311556"}],"wp:term":[{"taxonomy":"category","embeddable":true,"href":"https:\/\/www.europesays.com\/es\/wp-json\/wp\/v2\/categories?post=311556"},{"taxonomy":"post_tag","embeddable":true,"href":"https:\/\/www.europesays.com\/es\/wp-json\/wp\/v2\/tags?post=311556"}],"curies":[{"name":"wp","href":"https:\/\/api.w.org\/{rel}","templated":true}]}}