{"id":311579,"date":"2025-12-29T07:44:07","date_gmt":"2025-12-29T07:44:07","guid":{"rendered":"https:\/\/www.europesays.com\/es\/311579\/"},"modified":"2025-12-29T07:44:07","modified_gmt":"2025-12-29T07:44:07","slug":"microsoft-actualiza-el-explorador-de-archivos-de-windows-11-para-que-gaste-menos-ram-y-busque-mas-rapido","status":"publish","type":"post","link":"https:\/\/www.europesays.com\/es\/311579\/","title":{"rendered":"Microsoft actualiza el Explorador de Archivos de Windows 11 para que gaste menos RAM y busque m\u00e1s r\u00e1pido"},"content":{"rendered":"<p>Tal y como est\u00e1n las cosas, <a href=\"https:\/\/www.geeknetic.es\/Noticia\/36470\/La-memoria-RAM-sube-su-precio-casi-un-172-ano-tras-ano.html\" rel=\"nofollow noopener\" target=\"_blank\">con los precios de la memoria RAM desbocados<\/a>, cualquier optimizaci\u00f3n de software es bienvenida. Por eso, noticias como estas se han vuelto relevantes. Seg\u00fan recoge <a href=\"https:\/\/wccftech.com\/microsoft-rolling-out-an-update-to-reduce-ram-usage-in-windows-11-file-explorer-search-feature\/\" rel=\"nofollow noopener\" target=\"_blank\">wccftech<\/a>, Microsoft ha comenzado a desplegar una actualizaci\u00f3n t\u00e9cnica en Windows 11 centrada en optimizar uno de los componentes m\u00e1s utilizados del sistema operativo: el Explorador de Archivos. A trav\u00e9s de una nueva publicaci\u00f3n en su blog oficial, la compa\u00f1\u00eda ha anunciado la llegada de la <strong>Build 26220.7523<\/strong> para los canales Dev y Beta del programa Insider, la cual introduce cambios espec\u00edficos para reducir el consumo de recursos.<\/p>\n<p>Aunque la actualizaci\u00f3n incluye correcciones generales de fiabilidad y un mejor manejo de las ubicaciones en unidades secundarias, el cambio m\u00e1s significativo afecta al rendimiento de la b\u00fasqueda. Microsoft ha implementado mejoras dise\u00f1adas para <strong>eliminar las operaciones de indexaci\u00f3n de archivos duplicados<\/strong>. Hasta ahora, ciertas ineficiencias en el proceso pod\u00edan llevar a un uso innecesario de la memoria, algo que esta versi\u00f3n busca corregir para ofrecer resultados m\u00e1s r\u00e1pidos sin sobrecargar el equipo.<\/p>\n<p>Un \u00edndice consolidado para evitar tareas repetitivas<\/p>\n<p>El funcionamiento t\u00e9cnico de esta mejora se basa en <strong>simplificar la carga de trabajo del procesador y la memoria<\/strong>. En lugar de escanear e indexar rutas id\u00e9nticas de forma reiterada, el proceso de b\u00fasqueda ahora omitir\u00e1 los duplicados y se apoyar\u00e1 en un \u00edndice \u00fanico y consolidado. Al eliminar esta redundancia, no solo se reduce el consumo de RAM, sino que tambi\u00e9n se mejora la capacidad de respuesta general del Explorador de Archivos.<\/p>\n<p>Esta optimizaci\u00f3n ser\u00e1 especialmente notable para los usuarios que acostumbran a realizar b\u00fasquedas frecuentes a trav\u00e9s de m\u00faltiples carpetas y unidades de almacenamiento, agilizando una tarea cotidiana que a veces pod\u00eda ralentizar el sistema. Por el momento, estas correcciones se est\u00e1n implementando de forma gradual bajo un estado de \u00abactivaci\u00f3n controlada\u00bb para los probadores. Como sucede con todas las versiones beta, una vez que finalice la fase de validaci\u00f3n, la funci\u00f3n se habilitar\u00e1 por defecto y llegar\u00e1 a las versiones estables de Windows 11 para el p\u00fablico general.<\/p>\n<p>Lamentablemente, estos cambios, que son bien recibidos, llegan en un momento en el que la optimizaci\u00f3n ha dejado de ser importante para muchas empresas. Sin ir m\u00e1s lejos, mientras que en macOS la app de WhatsApp contin\u00faa siendo un desarrollo nativo, <a href=\"https:\/\/www.geeknetic.es\/Noticia\/36566\/WhatsApp-para-Windows-tenia-una-app-nativa-excelente-Meta-la-ha-sustituido-por-una-webapp-que-consume-hasta-1-2GB-de-RAM.html\" rel=\"nofollow noopener\" target=\"_blank\">la versi\u00f3n de Windows se ha convertido en una devoradora de recursos<\/a>\u00a0debido al mal uso de <strong>tecnolog\u00edas web<\/strong>. Muchas otras aplicaciones usan o usar\u00e1n este formato que aleja al usuario de la experiencia nativa de Windows 11 y penalizan enormemente el rendimiento y el consumo de RAM.<\/p>\n<p id=\"finarticulo\">Fin del Art\u00edculo. \u00a1Cu\u00e9ntanos algo en los <a href=\"https:\/\/www.geeknetic.es\/Noticia\/37025\/Javascript: hzscroll(\" comentarios=\"\" class=\"comfinlink\" title=\"Comenta este art\u00edculo\" rel=\"nofollow noopener\" target=\"_blank\">Comentarios<\/a>!<\/p>\n","protected":false},"excerpt":{"rendered":"Tal y como est\u00e1n las cosas, con los precios de la memoria RAM desbocados, cualquier optimizaci\u00f3n de software&hellip;\n","protected":false},"author":2,"featured_media":311580,"comment_status":"","ping_status":"","sticky":false,"template":"","format":"standard","meta":{"footnotes":""},"categories":[81],"tags":[119,123,124,25,24,117,121,122,23,118,120],"class_list":{"0":"post-311579","1":"post","2":"type-post","3":"status-publish","4":"format-standard","5":"has-post-thumbnail","7":"category-ciencia-y-tecnologia","8":"tag-ciencia","9":"tag-ciencia-y-tecnologia","10":"tag-cienciaytecnologia","11":"tag-es","12":"tag-espana","13":"tag-science","14":"tag-science-and-technology","15":"tag-scienceandtechnology","16":"tag-spain","17":"tag-technology","18":"tag-tecnologia"},"share_on_mastodon":{"url":"https:\/\/pubeurope.com\/@es\/115801742613889366","error":""},"_links":{"self":[{"href":"https:\/\/www.europesays.com\/es\/wp-json\/wp\/v2\/posts\/311579","targetHints":{"allow":["GET"]}}],"collection":[{"href":"https:\/\/www.europesays.com\/es\/wp-json\/wp\/v2\/posts"}],"about":[{"href":"https:\/\/www.europesays.com\/es\/wp-json\/wp\/v2\/types\/post"}],"author":[{"embeddable":true,"href":"https:\/\/www.europesays.com\/es\/wp-json\/wp\/v2\/users\/2"}],"replies":[{"embeddable":true,"href":"https:\/\/www.europesays.com\/es\/wp-json\/wp\/v2\/comments?post=311579"}],"version-history":[{"count":0,"href":"https:\/\/www.europesays.com\/es\/wp-json\/wp\/v2\/posts\/311579\/revisions"}],"wp:featuredmedia":[{"embeddable":true,"href":"https:\/\/www.europesays.com\/es\/wp-json\/wp\/v2\/media\/311580"}],"wp:attachment":[{"href":"https:\/\/www.europesays.com\/es\/wp-json\/wp\/v2\/media?parent=311579"}],"wp:term":[{"taxonomy":"category","embeddable":true,"href":"https:\/\/www.europesays.com\/es\/wp-json\/wp\/v2\/categories?post=311579"},{"taxonomy":"post_tag","embeddable":true,"href":"https:\/\/www.europesays.com\/es\/wp-json\/wp\/v2\/tags?post=311579"}],"curies":[{"name":"wp","href":"https:\/\/api.w.org\/{rel}","templated":true}]}}