{"id":31158,"date":"2025-08-07T08:29:16","date_gmt":"2025-08-07T08:29:16","guid":{"rendered":"https:\/\/www.europesays.com\/es\/31158\/"},"modified":"2025-08-07T08:29:16","modified_gmt":"2025-08-07T08:29:16","slug":"el-villarreal-amarga-el-debut-en-su-estadio-a-mosquera","status":"publish","type":"post","link":"https:\/\/www.europesays.com\/es\/31158\/","title":{"rendered":"El Villarreal amarga el debut en su estadio a Mosquera"},"content":{"rendered":"<p class=\"ft-text\"><strong>Victoria de m\u00e9rito del <\/strong><a class=\"ft-link ft-link--decoration\" href=\"https:\/\/www.superdeporte.es\/tags\/villarreal\/\" rel=\"nofollow noopener\" target=\"_blank\"><strong>Villarreal<\/strong><\/a><strong> ante el Arsenal<\/strong> en el partido que se ha disputado a las 19:00 horas en el <strong>Emirates Stadium<\/strong>. Ambos equipos han ofrecido un once sin rotaciones, proporcionando un duelo que podr\u00eda ser perfectamente un partido de la<strong> UEFA <\/strong><a class=\"ft-link ft-link--decoration\" href=\"https:\/\/www.superdeporte.es\/tags\/champions-league\/\" rel=\"nofollow noopener\" target=\"_blank\"><strong>Champions League<\/strong><\/a>.<\/p>\n<p class=\"ft-text ft-helper-align-justify\">El equipo de <strong>Marcelino <\/strong>se presentaba en el <strong>Emirates Stadium <\/strong>cuando le estaba costando afinar la punter\u00eda. En los partidos preparatorios para <a class=\"ft-link ft-link--decoration\" href=\"https:\/\/www.superdeporte.es\/tags\/laliga\/\" rel=\"nofollow noopener\" target=\"_blank\"><strong>LaLiga<\/strong><\/a>, el <strong>Villarreal <\/strong>se ha enfrentado a rivales de diferente nivel, como pueden ser reci\u00e9n ascendidos (Real Oviedo,Leeds), equipos asentados en <strong>Primera<\/strong> (<strong>Genoa<\/strong>) o equipos <strong>TOP <\/strong>en sus <strong>ligas <\/strong>(<strong>Basel<\/strong>, <strong>Arsenal<\/strong>, <strong>Sporting CP<\/strong>). Ante estos equipos, los delanteros de <strong>Marcelino <\/strong>solo han sido capaces de anotar <strong>4 goles<\/strong> (2 Etta Eyong, 1 Ayoze P\u00e9rez y 1 Danjuma), por lo que se evidencia <strong>la falta de pegada del equipo amarillo<\/strong>.<\/p>\n<p>Partido trepidante<\/p>\n<p class=\"ft-text ft-helper-align-justify\">Tras la salida de <strong>Kiko Femen\u00eda<\/strong>, el club estaba sondeando el mercado de<strong> laterales derechos,<\/strong> sin embargo, las lesiones de <strong>Logan Costa <\/strong>y <strong>Willy Kambwala <\/strong>han intercambiado el orden de prioridades para el equipo de <strong>Marcelino Garc\u00eda Toral<\/strong>. A d\u00eda de hoy, el conjunto groguet cuenta con <strong>Pau Navarro <\/strong>y <strong>Adri\u00e0 Altimira <\/strong>como alternativas para el perfil derecho. Por ello, el club ahora busca un jugador que pueda desempe\u00f1arse en ambas posiciones, como hizo <strong>Foyth <\/strong>en su d\u00eda.<\/p>\n<p class=\"ft-text ft-helper-align-justify\">En la primera mitad, el Villarreal<strong> ense\u00f1\u00f3 el colmillo desde el minuto 0<\/strong>. Aunque tard\u00f3 un poco en entrar al partido, dejando huecos en la defensa, montaban <strong>ataques alegremente <\/strong>por ambas bandas que <strong>generaban peligro en la porter\u00eda defendida por David Raya<\/strong>. Con una jugada ganando la espalda del lateral <strong>Ben White<\/strong>, <strong>Cardona <\/strong>proporcion\u00f3 un centro que no encontr\u00f3 rematador pero sirvi\u00f3 para que apareciera <strong>P\u00e9p\u00e9 <\/strong>y pudiera <strong>cumplir con la ley del ex<\/strong>.<\/p>\n<p class=\"ft-text ft-helper-align-justify\">As\u00ed, con una buena triangulaci\u00f3n en el centro del campo, volv\u00eda a aparecer<a class=\"ft-link ft-link--decoration\" href=\"https:\/\/www.superdeporte.es\/villarreal-cf\/2024\/07\/18\/sergi-cardona-oficialmente-jugador-villarreal-fichaje-105819474.html\" target=\"_blank\" rel=\"nofollow noopener\"> <\/a><a class=\"ft-link ft-link--decoration\" href=\"https:\/\/www.superdeporte.es\/villarreal-cf\/2024\/07\/18\/sergi-cardona-oficialmente-jugador-villarreal-fichaje-105819474.html\" target=\"_blank\" rel=\"nofollow noopener\"><strong>Sergi Cardona<\/strong><\/a><strong> <\/strong>que, con su pierna buena, pon\u00eda un <strong>centro excelso que rechazaba la defensa \u2018gunner\u2019<\/strong>, con la fortuna de que <strong>Etta Eyong <\/strong>consegu\u00eda impactar el <strong>bal\u00f3n <\/strong>y que este traspasara la<strong> l\u00ednea de gol<\/strong>. Con un marcador favorable por 0 goles a 2 del equipo de <strong>Marcelino<\/strong>, el conjunto ingl\u00e9s se march\u00f3 al <strong>ataque<\/strong>, encontrando el gol de <strong>Noorgard <\/strong>tan solo tres minutos despu\u00e9s de haber encajado el segundo.<\/p>\n<p>Debut de Mosquera en el Emirates<\/p>\n<p class=\"ft-text ft-helper-align-justify\">Una vez puesto en marcha el segundo tiempo, se pudo ver a <a class=\"ft-link ft-link--decoration\" href=\"https:\/\/www.superdeporte.es\/valencia-cf\/2025\/08\/05\/bestias-debe-competir-mosquera-central-sitio-120379016.html\" target=\"_blank\" rel=\"nofollow noopener\"><strong>Mosquera <\/strong><\/a><a class=\"ft-link ft-link--decoration\" href=\"https:\/\/www.superdeporte.es\/valencia-cf\/2025\/08\/05\/bestias-debe-competir-mosquera-central-sitio-120379016.html\" target=\"_blank\" rel=\"nofollow noopener\">debutando de loca<\/a>l en su nuevo estadio. Ambos equipos igualaron las fuerzas y, en uno de esos contraataques que caracterizan al equipo del t\u00e9cnico asturiano, <strong>Danjuma <\/strong>resolv\u00eda de forma elegante para poner el 1 a 3. En el minuto 75, tras el <strong>Villarreal <\/strong>conceder un penalti, <strong>Odegaard <\/strong>no perdonaba desde los once metros para volver a reanimar el partido. El conjunto groguet consigue as\u00ed su<strong> primera victoria de la pretemporada<\/strong> por 2 goles a 3 ante un rival de alto nivel.<\/p>\n","protected":false},"excerpt":{"rendered":"Victoria de m\u00e9rito del Villarreal ante el Arsenal en el partido que se ha disputado a las 19:00&hellip;\n","protected":false},"author":2,"featured_media":31159,"comment_status":"","ping_status":"","sticky":false,"template":"","format":"standard","meta":{"footnotes":""},"categories":[93],"tags":[7668,5437,168,551,25,24,5421,531,23,167,6674,10560,9607],"class_list":{"0":"post-31158","1":"post","2":"type-post","3":"status-publish","4":"format-standard","5":"has-post-thumbnail","7":"category-deportes","8":"tag-amarga","9":"tag-debut","10":"tag-deportes","11":"tag-emirates","12":"tag-es","13":"tag-espana","14":"tag-mosquera","15":"tag-once","16":"tag-spain","17":"tag-sports","18":"tag-uefa","19":"tag-villarreal","20":"tag-villarreal-cf"},"share_on_mastodon":{"url":"","error":""},"_links":{"self":[{"href":"https:\/\/www.europesays.com\/es\/wp-json\/wp\/v2\/posts\/31158","targetHints":{"allow":["GET"]}}],"collection":[{"href":"https:\/\/www.europesays.com\/es\/wp-json\/wp\/v2\/posts"}],"about":[{"href":"https:\/\/www.europesays.com\/es\/wp-json\/wp\/v2\/types\/post"}],"author":[{"embeddable":true,"href":"https:\/\/www.europesays.com\/es\/wp-json\/wp\/v2\/users\/2"}],"replies":[{"embeddable":true,"href":"https:\/\/www.europesays.com\/es\/wp-json\/wp\/v2\/comments?post=31158"}],"version-history":[{"count":0,"href":"https:\/\/www.europesays.com\/es\/wp-json\/wp\/v2\/posts\/31158\/revisions"}],"wp:featuredmedia":[{"embeddable":true,"href":"https:\/\/www.europesays.com\/es\/wp-json\/wp\/v2\/media\/31159"}],"wp:attachment":[{"href":"https:\/\/www.europesays.com\/es\/wp-json\/wp\/v2\/media?parent=31158"}],"wp:term":[{"taxonomy":"category","embeddable":true,"href":"https:\/\/www.europesays.com\/es\/wp-json\/wp\/v2\/categories?post=31158"},{"taxonomy":"post_tag","embeddable":true,"href":"https:\/\/www.europesays.com\/es\/wp-json\/wp\/v2\/tags?post=31158"}],"curies":[{"name":"wp","href":"https:\/\/api.w.org\/{rel}","templated":true}]}}