{"id":311582,"date":"2025-12-29T07:46:09","date_gmt":"2025-12-29T07:46:09","guid":{"rendered":"https:\/\/www.europesays.com\/es\/311582\/"},"modified":"2025-12-29T07:46:09","modified_gmt":"2025-12-29T07:46:09","slug":"santoral-de-hoy-que-santos-se-celebran-hoy-lunes-29-de-diciembre-de-2025","status":"publish","type":"post","link":"https:\/\/www.europesays.com\/es\/311582\/","title":{"rendered":"Santoral de hoy, \u00bfqu\u00e9 santos se celebran hoy lunes 29 de diciembre de 2025?"},"content":{"rendered":"<p><a class=\"v-mdl-ath__fig-a\" href=\"https:\/\/www.elnortedecastilla.es\/autor\/el-norte-2102.html\" title=\"El Norte\" rel=\"nofollow noopener\" target=\"_blank\"><br \/>\n<img decoding=\"async\" class=\"v-mdl-ath__img\" src=\"https:\/\/www.europesays.com\/es\/wp-content\/uploads\/2025\/12\/autor-2102-foto-2.png\" alt=\"El Norte\"\/><br \/>\n<\/a><\/p>\n<p class=\"v-mdl-ath__p v-mdl-ath__p--6\">\nLunes, 29 de diciembre 2025, 08:07<\/p>\n<p class=\"v-p\">Hoy, lunes 29 de diciembre de 2025, el <a href=\"https:\/\/www.elnortedecastilla.es\/temas\/generales\/santoral-diario.html\" data-voc-vtm-id=\"in-text-traffic\" title=\"santoral cristiano\" data-mrf-link=\"www.elnortedecastilla.es\" rel=\"nofollow noopener\" target=\"_blank\">santoral cristiano<\/a> recuerda <strong>Santo Tom\u00e1s Becket<\/strong>, obispo y m\u00e1rtir. Reconocido por su firme defensa de la justicia y de la Iglesia, fue desterrado de la sede de Canterbury y obligado a abandonar Inglaterra. Tras seis a\u00f1os de exilio regres\u00f3 a su pa\u00eds, donde afront\u00f3 diversas dificultades hasta que fue asesinado en la catedral por hombres afines al rey Enrique II, dando su vida por fidelidad a Cristo.<\/p>\n<p class=\"v-p\">En esta jornada tambi\u00e9n se conmemora al<strong> beato Pedro el Venerable<\/strong>, abad del monasterio de Cluny, en la regi\u00f3n francesa de Borgo\u00f1a. Al frente de la orden mon\u00e1stica, impuls\u00f3 una vida regida por los principios de la observancia original y dej\u00f3 una huella destacada gracias a la elaboraci\u00f3n de numerosos escritos y tratados.<\/p>\n<p class=\"v-p\">Como sucede d\u00eda tras d\u00eda, se celebra el reconocimiento de otros santos dentro del santoral. Desde El Norte de Castilla te ofrecemos el santoral de hoy, lunes 29 de diciembre de 2025:<\/p>\n<p>Santos de hoy<\/p>\n<p>\u00bfPor qu\u00e9 se celebra el santo?<\/p>\n<p class=\"v-p\">El d\u00eda de la celebraci\u00f3n de los santos tiene sus inicios en tierras espa\u00f1olas gracias a la tradici\u00f3n cristiana que se instaur\u00f3 hace siglos en Espa\u00f1a. \u00bfPero qu\u00e9 significa, en realidad, celebrar el santo? El catolicismo ha cogido cada uno de los d\u00edas del a\u00f1o para recordar (conmemorar) a aquellos cristianos ilustres que, adem\u00e1s, sufrieron tormentos, en muchas ocasiones de aquellos que repudiaban la fe cat\u00f3lica.<\/p>\n<p>La vinculaci\u00f3n del santo y el cumplea\u00f1os<\/p>\n<p class=\"v-p\">Existe una palabra asociada a la felicitaci\u00f3n del santo. Se trata de la palabra \u00abonom\u00e1stica\u00bb, que se refiere al d\u00eda en el que seg\u00fan el santoral cat\u00f3lico es la festividad del santo de la persona con ese nombre. Es com\u00fan referirse tambi\u00e9n al cumplea\u00f1os de una persona como onom\u00e1stica, aunque no son palabras sin\u00f3nimas. Esto sucede porque era tradici\u00f3n poner a las personas el nombre del santo correspondiente al d\u00eda en el que hab\u00edan nacido. De esta manera, santo y cumplea\u00f1os coincid\u00edan en una \u00fanica fecha, llamada com\u00fanmente onom\u00e1stica.<\/p>\n<p>Reporta un error<\/p>\n","protected":false},"excerpt":{"rendered":"Lunes, 29 de diciembre 2025, 08:07 Hoy, lunes 29 de diciembre de 2025, el santoral cristiano recuerda Santo&hellip;\n","protected":false},"author":2,"featured_media":311583,"comment_status":"","ping_status":"","sticky":false,"template":"","format":"standard","meta":{"footnotes":""},"categories":[42],"tags":[45,17,18,5187,35329,13,14,11,315,61,62,63,64,19,20,1051,9,10,15,16,27389,9593,12,21,22,65,66,67],"class_list":{"0":"post-311582","1":"post","2":"type-post","3":"status-publish","4":"format-standard","5":"has-post-thumbnail","7":"category-internacional","8":"tag-45","9":"tag-breaking-news","10":"tag-breakingnews","11":"tag-celebran","12":"tag-diciembre","13":"tag-featured-news","14":"tag-featurednews","15":"tag-headlines","16":"tag-hoy","17":"tag-internacional","18":"tag-international","19":"tag-international-news","20":"tag-internationalnews","21":"tag-latest-news","22":"tag-latestnews","23":"tag-lunes","24":"tag-news","25":"tag-noticias","26":"tag-noticias-destacadas","27":"tag-noticiasdestacadas","28":"tag-santoral","29":"tag-santos","30":"tag-titulares","31":"tag-ultimas-noticias","32":"tag-ultimasnoticias","33":"tag-world","34":"tag-world-news","35":"tag-worldnews"},"share_on_mastodon":{"url":"https:\/\/pubeurope.com\/@es\/115801750556965927","error":""},"_links":{"self":[{"href":"https:\/\/www.europesays.com\/es\/wp-json\/wp\/v2\/posts\/311582","targetHints":{"allow":["GET"]}}],"collection":[{"href":"https:\/\/www.europesays.com\/es\/wp-json\/wp\/v2\/posts"}],"about":[{"href":"https:\/\/www.europesays.com\/es\/wp-json\/wp\/v2\/types\/post"}],"author":[{"embeddable":true,"href":"https:\/\/www.europesays.com\/es\/wp-json\/wp\/v2\/users\/2"}],"replies":[{"embeddable":true,"href":"https:\/\/www.europesays.com\/es\/wp-json\/wp\/v2\/comments?post=311582"}],"version-history":[{"count":0,"href":"https:\/\/www.europesays.com\/es\/wp-json\/wp\/v2\/posts\/311582\/revisions"}],"wp:featuredmedia":[{"embeddable":true,"href":"https:\/\/www.europesays.com\/es\/wp-json\/wp\/v2\/media\/311583"}],"wp:attachment":[{"href":"https:\/\/www.europesays.com\/es\/wp-json\/wp\/v2\/media?parent=311582"}],"wp:term":[{"taxonomy":"category","embeddable":true,"href":"https:\/\/www.europesays.com\/es\/wp-json\/wp\/v2\/categories?post=311582"},{"taxonomy":"post_tag","embeddable":true,"href":"https:\/\/www.europesays.com\/es\/wp-json\/wp\/v2\/tags?post=311582"}],"curies":[{"name":"wp","href":"https:\/\/api.w.org\/{rel}","templated":true}]}}