{"id":311584,"date":"2025-12-29T07:47:15","date_gmt":"2025-12-29T07:47:15","guid":{"rendered":"https:\/\/www.europesays.com\/es\/311584\/"},"modified":"2025-12-29T07:47:15","modified_gmt":"2025-12-29T07:47:15","slug":"ayuntamiento-del-valle-de-aranguren","status":"publish","type":"post","link":"https:\/\/www.europesays.com\/es\/311584\/","title":{"rendered":"Ayuntamiento del Valle de Aranguren"},"content":{"rendered":"<p>El Ayuntamiento del Valle de Aranguren <strong>ampl\u00eda, a partir del 1 de enero de 2026, el<\/strong> <strong>servicio de \u2018transporte local a la demanda\u2019 dirigido a personas empadronadas en el Valle mayores de 14 a\u00f1os.<\/strong><\/p>\n<p>Este servicio, que lleva varios a\u00f1os realiz\u00e1ndose con el objetivo de <strong>comunicar los distintos pueblos del Valle con Mutilva,<\/strong> facilitar la movilidad y mejorar la calidad de vida del vecindario, ha recibido buenas cr\u00edticas durante este tiempo. As\u00ed pues, el Ayuntamiento ha decidido aumentar<strong> sus horarios <\/strong>para darle un nuevo impulso a este servicio.<\/p>\n<p>En junio de 2024, y atendiendo a la demanda existente, el servicio ya se ampli\u00f3 al horario nocturno durante los meses de verano. Tras la buena acogida de esta medida, ahora el Ayuntamiento informa de dos importantes novedades: por un lado, la <strong>ampliaci\u00f3n del horario del servicio diurno<\/strong>, que pasar\u00e1 a prestarse <strong>de lunes a domingo, incluidos los festivos<\/strong>; y, por otro, la <strong>implantaci\u00f3n del servicio nocturno durante todo el a\u00f1o<\/strong>.<\/p>\n<p><strong>Nuevos horarios<\/strong><\/p>\n<p>Servicio diurno: disponible de lunes a domingo, incluidos festivos.<\/p>\n<ul>\n<li><strong>Salida desde la parada de autob\u00fas de Aranguren<\/strong>: 7:30, 9:00, 11:30, 16:00, 18:00, 21:30 y 23:00 horas.<\/li>\n<li><strong>Salida desde la parada de taxi del Centro de Salud de Mutilva<\/strong>: 8:30, 11:00, 13:30, 16:30, 18:30, 20:30 y 22:30 horas.<\/li>\n<\/ul>\n<p>Servicio nocturno: disponible los jueves, viernes, s\u00e1bados y festivos.<\/p>\n<ul>\n<li><strong>Salida desde la parada de taxi del Centro de Salud de Mutilva<\/strong>:<br \/>00:30, 02:30, 04:30 y 06:30 horas.<\/li>\n<\/ul>\n<p>A su vez, los <strong>destinos del servicio<\/strong> seguir\u00e1n siendo las paradas habituales de Mutilva, Tajonar, Zolina, Labiano, Ilundain, Laquidain y Aranguren.<\/p>\n<p><strong>Funcionamiento del servicio<\/strong><\/p>\n<p>As\u00ed pues, las personas usuarias deber\u00e1n contactar con la <strong>Asociaci\u00f3n Teletaxi San Ferm\u00edn<\/strong> con, al menos, <strong>media hora de antelaci\u00f3n<\/strong>, a trav\u00e9s de los tel\u00e9fonos habituales (<strong>948 23 23 00 y 948 35 13 35<\/strong>), indicando nombre y destino; as\u00ed como que son beneficiarias del servicio que presta el Ayuntamiento del Valle.<\/p>\n<p>El <strong>importe del servicio es de 1 euro por trayecto<\/strong> y deber\u00e1 abonarse mediante un <strong>ticket que se adquirir\u00e1 previamente <\/strong>en el Ayuntamiento (de lunes a viernes, de 9:00 a 14:00 horas), en las sedes concejiles o en el local que determine cada concejo. En dicho ticket <strong>se indicar\u00e1 el d\u00eda, la hora y el trayecto realizado.<\/strong><\/p>\n<p><strong>Informaci\u00f3n importante<\/strong><\/p>\n<ul>\n<li>Las solicitudes recibidas con <strong>menos de media hora de antelaci\u00f3n<\/strong> solo se atender\u00e1n como servicio incluido en el contrato si existe alguna llamada previa y el trayecto ya va a realizarse.<\/li>\n<li>En el caso de que <strong>la persona que haya realizado la reserva no se presente<\/strong> en la parada a la hora indicada y ello suponga que el taxi no recoja a ninguna persona pasajera, se facturar\u00e1 el desplazamiento, dejando constancia de la incidencia, as\u00ed como del nombre y tel\u00e9fono de la persona solicitante.<\/li>\n<\/ul>\n<p>Consulta la <a href=\"https:\/\/www.aranguren.es\/wp-content\/uploads\/2025\/12\/Infografia-Transporte-Local.pdf\" class=\"mtli_attachment mtli_pdf\" rel=\"nofollow noopener\" target=\"_blank\"><strong>infograf\u00eda explicativa haciendo clic aqu\u00ed.<\/strong><\/a><\/p>\n","protected":false},"excerpt":{"rendered":"El Ayuntamiento del Valle de Aranguren ampl\u00eda, a partir del 1 de enero de 2026, el servicio de&hellip;\n","protected":false},"author":2,"featured_media":311585,"comment_status":"","ping_status":"","sticky":false,"template":"","format":"standard","meta":{"footnotes":""},"categories":[8],"tags":[17,18,25,24,13,14,11,19,20,9,10,15,16,23,12,21,22],"class_list":{"0":"post-311584","1":"post","2":"type-post","3":"status-publish","4":"format-standard","5":"has-post-thumbnail","7":"category-espana","8":"tag-breaking-news","9":"tag-breakingnews","10":"tag-es","11":"tag-espana","12":"tag-featured-news","13":"tag-featurednews","14":"tag-headlines","15":"tag-latest-news","16":"tag-latestnews","17":"tag-news","18":"tag-noticias","19":"tag-noticias-destacadas","20":"tag-noticiasdestacadas","21":"tag-spain","22":"tag-titulares","23":"tag-ultimas-noticias","24":"tag-ultimasnoticias"},"share_on_mastodon":{"url":"https:\/\/pubeurope.com\/@es\/115801754419131526","error":""},"_links":{"self":[{"href":"https:\/\/www.europesays.com\/es\/wp-json\/wp\/v2\/posts\/311584","targetHints":{"allow":["GET"]}}],"collection":[{"href":"https:\/\/www.europesays.com\/es\/wp-json\/wp\/v2\/posts"}],"about":[{"href":"https:\/\/www.europesays.com\/es\/wp-json\/wp\/v2\/types\/post"}],"author":[{"embeddable":true,"href":"https:\/\/www.europesays.com\/es\/wp-json\/wp\/v2\/users\/2"}],"replies":[{"embeddable":true,"href":"https:\/\/www.europesays.com\/es\/wp-json\/wp\/v2\/comments?post=311584"}],"version-history":[{"count":0,"href":"https:\/\/www.europesays.com\/es\/wp-json\/wp\/v2\/posts\/311584\/revisions"}],"wp:featuredmedia":[{"embeddable":true,"href":"https:\/\/www.europesays.com\/es\/wp-json\/wp\/v2\/media\/311585"}],"wp:attachment":[{"href":"https:\/\/www.europesays.com\/es\/wp-json\/wp\/v2\/media?parent=311584"}],"wp:term":[{"taxonomy":"category","embeddable":true,"href":"https:\/\/www.europesays.com\/es\/wp-json\/wp\/v2\/categories?post=311584"},{"taxonomy":"post_tag","embeddable":true,"href":"https:\/\/www.europesays.com\/es\/wp-json\/wp\/v2\/tags?post=311584"}],"curies":[{"name":"wp","href":"https:\/\/api.w.org\/{rel}","templated":true}]}}