{"id":311587,"date":"2025-12-29T07:52:08","date_gmt":"2025-12-29T07:52:08","guid":{"rendered":"https:\/\/www.europesays.com\/es\/311587\/"},"modified":"2025-12-29T07:52:08","modified_gmt":"2025-12-29T07:52:08","slug":"por-que-el-golf-y-la-opera-solo-les-gustan-a-los-ricos-el-comic-que-explica-un-clasico-de-la-sociologia","status":"publish","type":"post","link":"https:\/\/www.europesays.com\/es\/311587\/","title":{"rendered":"\u00bfPor qu\u00e9 el golf y la \u00f3pera solo les gustan a los ricos? El c\u00f3mic que explica un cl\u00e1sico de la sociolog\u00eda"},"content":{"rendered":"<p>Por pura estad\u00edstica, lo m\u00e1s probable es que usted, como la mayor\u00eda de la poblaci\u00f3n, pertenezca a la clase trabajadora de este pa\u00eds. Aunque haya podido prosperar con respecto a la generaci\u00f3n anterior, de su familia y entorno en el que se cri\u00f3 ha heredado esa condici\u00f3n social, que aparte del propio estatus econ\u00f3mico, lleva aparejada otros elementos profundos en su psique que moldear\u00e1n sus gustos hasta el final de su vida. Y es muy probable que<strong> aunque su estatus actual le permita jugar a golf o dar clases de equitaci\u00f3n a diario, no estar\u00eda dispuesto ni a ver un segundo de estos deportes por la tele. Algo muy similar le ocurrir\u00e1 con la \u00f3pera, y esto en buena medida le viene marcado por la clase social en la que se naci\u00f3, por su \u2018habitus\u2019.<\/strong><\/p>\n<p><strong>El soci\u00f3logo franc\u00e9s Pierre Bourdieu public\u00f3 en 1979 La distinci\u00f3n, un trabajo en el que teoriz\u00f3 sobre c\u00f3mo la clase social marca nuestros gustos y\u00a0formas de vida. <\/strong>En su obra se\u00f1al\u00f3 que el &#8216;habitus&#8217; era esa br\u00fajula social interior que gu\u00eda nuestros comportamientos y actitudes. Una gu\u00eda interiorizada que influye de una manera inconsciente en nuestras formas de sentir, pensar, vestirnos, votar, practicar un deporte o divertirnos. Ahora Tiphaine Rivi\u00e8re adapta en \u2018La distinci\u00f3n\u2019 \u00a0(Garbuix books), el cl\u00e1sico del soci\u00f3logo franc\u00e9s para la generaci\u00f3n del siglo XXI.<\/p>\n<p>La dibujante lleva su historia a una clase de instituto con un profesor que les ense\u00f1a los conceptos de Bourdieu: \u00abEl &#8216;habitus se encuentra en\u00a0 centro de la reproducci\u00f3n de las estructuras sociales. Garantiza la presencia activa de cada individuo, de la historia de las din\u00e1micas de dominaci\u00f3n y del orden social\u00bb, se\u00f1ala el profesor de la ficci\u00f3n parafraseando al soci\u00f3logo franc\u00e9s.\u00a0<strong>No es un determinismo absoluto por el que, como reza el provocativo titular de este art\u00edculo, el obrero no pueda aplaudir un birdie o emocionarse con un aria. Pero es algo profundamente marcado que incluso muchos proletarios que acceden a estos gustos lo hagan siguiendo el aroma de la distinci\u00f3n.<\/strong><\/p>\n<p>El an\u00e1lisis de esta forma de perpetuar las clases sociales lleva a los j\u00f3venes protagonistas del c\u00f3mic a investigar en sus propias familia. \u00abTengo que conseguir que mis alumnos entiendan que gente con los mismos ingresos no consume igual si no tiene el mismo habitus\u00bb, reflexiona el profesor mientras encarga a sus pupilos a indagar en sus casas. Uno de los chavales de clase trabajadora acaba desquiciando a sus padres pregunt\u00e1ndoles qu\u00e9 har\u00edan si tuvieran mucho dinero. En cada respuesta vemos c\u00f3mo en ese hipot\u00e9tico y c\u00f3modo futuro, los padres seguir\u00edan priv\u00e1ndose de muchos servicios, entendidos como lujos, como asistentes en el hogar: \u201c\u00bfPara qu\u00e9 voy a contratar a alguien si lo puedo hacer yo?\u201d, replica la madre. La conclusi\u00f3n del hijo es tan rotunda como la bofetada que recibe por expresarla: \u201cVale, entonces no har\u00edais nada. Sois pobres pero si fuerais ricos seguiria\u00eds siendo pobres mentalmente\u201d.<\/p>\n<p>Perpetuar las clases y jerarquizar el gusto<\/p>\n<p>Las p\u00e1ginas avanzan explicando el modelo de perpetuaci\u00f3n de las clases, que de forma consciente o inconsciente, impermeabiliza a unas de otras. \u201cEntonces, \u00bfcre\u00e9is que si alguien de clase trabajadora se hace rico, forma parte autom\u00e1ticamente de la clase dominante?\u201d, pregunta el profesor que r\u00e1pidamente se\u00f1ala que seg\u00fan Bourdieu no: \u201cLa clase social en la que nacemos da forma a nuestras preferencias pero tambi\u00e9n a nuestra manera de pensar, nuestros deseos, nuestra relaci\u00f3n con el trabajo, nuestras ambiciones, nuestros valores pol\u00edticos todo lo que forma parte de nuestra identidad, incluyendo la alimentaci\u00f3n, las amistades y ad\u00f3nde vamos de vacaciones. De forma consciente o inconsciente, las clases dominantes colaboran para establecer un sistema que hace que pasar de una clase a otra sea dificil\u00edsimo\u201d.<\/p>\n<p><strong>Los alumnos tambi\u00e9n descubren los rasgos de cada clase social:<\/strong> c\u00f3mo la alta burgues\u00eda marca y se aferra a este dominio simb\u00f3lico y se pueden permitir el lujo de transgredirlo; los peque\u00f1oburgueses, \u00abproletarios con un poquito m\u00e1s de dinero\u00bb intentan alejarse del proletariado, porque \u00abse cagan de miedo si les confunden con la clase inferior\u00bb, seg\u00fan explica una de las alumnas de la ficci\u00f3n. O los proletarios que por sus propias condiciones materiales tienen vetado hasta el individualismo: \u00abSi pudi\u00e9ramos pagar una canguro, no nos hubi\u00e9ramos organizado con los vecinos\u00bb, dice uno de los chavales m\u00e1s humildes, observando c\u00f3mo t\u00edos o vecinos tienen que cuidar de su hermano peque\u00f1o.<\/p>\n<p>El profesor tambi\u00e9n les ense\u00f1a que las clases poderosas no solo obstaculizan el acceso a su status sino que marcan qu\u00e9 gustos o aficiones son m\u00e1s o menos leg\u00edtimas, algo que se perpet\u00faa en la escuela. \u00abLos hijos de las clases dominantes se embeben de su cultura leg\u00edtima y tienen todas las papeletas para rendir &#8216;de forma natural&#8217; en su trayectora escolar y universitaria\u00bb. Aqu\u00ed tambi\u00e9n el origen de la \u00abalta\u00bb o \u00abbaja\u00bb cultura y c\u00f3mo determinadas expresiones art\u00edsticas como la \u00f3pera, inaccesible econ\u00f3micamente para muchos, se mantienen en el podio del considerado buen gusto. Gafas altas fan\u00e1ticos de Wagner que siguen torciendo el gesto despu\u00e9s de dos d\u00e9cadas de hegemon\u00eda del reguet\u00f3n, de igual forma que lo hicieron sus padres con el rock o el pop unas generaciones atr\u00e1s.<\/p>\n<p><img decoding=\"async\" alt=\"La distinci\u00f3n comic\" src=\"https:\/\/www.europesays.com\/es\/wp-content\/uploads\/2025\/12\/articulos-2630840.jpg\" style=\"width:20%\"\/><\/p>\n<p><a href=\"https:\/\/amzn.to\/3N2guJ4\" rel=\"nofollow noopener\" target=\"_blank\"><strong>COMPRAR POR 24,65\u20ac<\/strong><\/a><\/p>\n","protected":false},"excerpt":{"rendered":"Por pura estad\u00edstica, lo m\u00e1s probable es que usted, como la mayor\u00eda de la poblaci\u00f3n, pertenezca a la&hellip;\n","protected":false},"author":2,"featured_media":311588,"comment_status":"","ping_status":"","sticky":false,"template":"","format":"standard","meta":{"footnotes":""},"categories":[275],"tags":[168,25,24,329,23,167],"class_list":{"0":"post-311587","1":"post","2":"type-post","3":"status-publish","4":"format-standard","5":"has-post-thumbnail","7":"category-golf","8":"tag-deportes","9":"tag-es","10":"tag-espana","11":"tag-golf","12":"tag-spain","13":"tag-sports"},"share_on_mastodon":{"url":"https:\/\/pubeurope.com\/@es\/115801774084710558","error":""},"_links":{"self":[{"href":"https:\/\/www.europesays.com\/es\/wp-json\/wp\/v2\/posts\/311587","targetHints":{"allow":["GET"]}}],"collection":[{"href":"https:\/\/www.europesays.com\/es\/wp-json\/wp\/v2\/posts"}],"about":[{"href":"https:\/\/www.europesays.com\/es\/wp-json\/wp\/v2\/types\/post"}],"author":[{"embeddable":true,"href":"https:\/\/www.europesays.com\/es\/wp-json\/wp\/v2\/users\/2"}],"replies":[{"embeddable":true,"href":"https:\/\/www.europesays.com\/es\/wp-json\/wp\/v2\/comments?post=311587"}],"version-history":[{"count":0,"href":"https:\/\/www.europesays.com\/es\/wp-json\/wp\/v2\/posts\/311587\/revisions"}],"wp:featuredmedia":[{"embeddable":true,"href":"https:\/\/www.europesays.com\/es\/wp-json\/wp\/v2\/media\/311588"}],"wp:attachment":[{"href":"https:\/\/www.europesays.com\/es\/wp-json\/wp\/v2\/media?parent=311587"}],"wp:term":[{"taxonomy":"category","embeddable":true,"href":"https:\/\/www.europesays.com\/es\/wp-json\/wp\/v2\/categories?post=311587"},{"taxonomy":"post_tag","embeddable":true,"href":"https:\/\/www.europesays.com\/es\/wp-json\/wp\/v2\/tags?post=311587"}],"curies":[{"name":"wp","href":"https:\/\/api.w.org\/{rel}","templated":true}]}}