{"id":311591,"date":"2025-12-29T07:54:17","date_gmt":"2025-12-29T07:54:17","guid":{"rendered":"https:\/\/www.europesays.com\/es\/311591\/"},"modified":"2025-12-29T07:54:17","modified_gmt":"2025-12-29T07:54:17","slug":"benjamin-noval-joya-ciclismo-espanol-6","status":"publish","type":"post","link":"https:\/\/www.europesays.com\/es\/311591\/","title":{"rendered":"BENJAM\u00cdN NOVAL JOYA CICLISMO ESPA\u00d1OL"},"content":{"rendered":"<p class=\"ft-text ft-helper-closenews\"><strong>El ciclocross sigue en marcha en B\u00e9lgica y antes de acabar el a\u00f1o toc\u00f3 la disputa ayer de una nueva prueba de la Copa del Mundo,<\/strong> en este caso en Dendermonde, donde Benjam\u00edn Noval (Nesta MMR) no pudo estar en el podio de la categor\u00eda junior,<strong> pero s\u00ed entre los mejores de la carrera, acabando en 15\u00aa. posici\u00f3n, a 1:05 del ganador, el italiano Patrik Pezzo. <\/strong><\/p>\n<p><img decoding=\"async\" src=\"https:\/\/www.europesays.com\/es\/wp-content\/uploads\/2025\/12\/f18aa0fa-2cd2-4b05-ad2b-e1a4318303e3_alta-libre-aspect-ratio_default_0.jpg\" width=\"1200\" height=\"1079\" alt=\"Junquera, Luc\u00eda, Noval y Mart\u00edn, en la pelea en la Copa del Mundo\" class=\"ft-helper-img-rd\" loading=\"lazy\"\/><\/p>\n<p class=\"ft-helper-fontColor-quaternary ft-helper-fontSize-body-S ft-helper-spacer-t-xxs\">Luc\u00eda Gonz\u00e1lez durante la prueba de la Copa del Mundo de ciclocross disputada en Derdenmonde (B\u00e9lgica)  \/ Lizziehaumesser<\/p>\n<p class=\"ft-text\">Otro que rindi\u00f3 a gran nivel en esta prueba junior fue<strong> el tambi\u00e9n asturiano Mart\u00edn Fern\u00e1ndez (Nesta MMR), que fue 18\u00ba., a 1:18 del ganador. <\/strong>Tambi\u00e9n particip\u00f3 el asturiano Pelayo Gancedo (MMR Academy), que acab\u00f3 el 58\u00ba., a 3:49 de <strong>Patrick Pezzo. <\/strong><\/p>\n<p class=\"ft-text\">En la prueba \u00e9lite masculina, la victoria fue para uno de los grandes favoritos, <strong>Thibau Nys<\/strong>, dos segundos por delante del neerland\u00e9s Tibor del Grosso, y a cinco de su compatriota Laurens Sweeck. El mejor espa\u00f1ol en esta prueba fue Felipe Orts, que lleg\u00f3 en una gran octava posici\u00f3n, a solo quince segundos del ganador. Vig\u00e9simo primero fue el tambi\u00e9n espa\u00f1ol Gonzalo Inguanzo, a 2:09 de Nys, y el asturiano <strong>Mario Junquera (Unicaja Gij\u00f3n) fue vig\u00e9simo cuarto, a 2:12 del neerland\u00e9s. <\/strong><\/p>\n<p class=\"ft-text\"><strong>En la prueba \u00e9lite femenina la victoria fue para la neerlandesa Lucinda Brand<\/strong>, que lleg\u00f3 con 11 segundo de ventaja sobre su compatriota Puck Pieterse y con 23 segundos sobre la francesa Amandine Fouquenet.<\/p>\n<p class=\"ft-text\">La mejor espa\u00f1ola en esta prueba \u00e9lite femenina fue la valenciana <strong>Sof\u00eda Rodr\u00edguez, tambi\u00e9n del equipo asturiano Nesta MMR, <\/strong>que lleg\u00f3 en 29\u00aa. posici\u00f3n, a 3:46 de la ganadora. En cuanto a la participaci\u00f3n asturiana, <strong>Luc\u00eda Gonz\u00e1lez (Nesta MMR) fue 37\u00aa., a 4:14 de Lucinda Brand. Sara Cueto (Unicaja Gij\u00f3n) fue 50\u00aa. y Alicia Gonz\u00e1lez (Nesta MMR), 63\u00aa.<\/strong><\/p>\n<p data-close=\"closedContent\" class=\"subscribeHideForDisplay\">Suscr\u00edbete para seguir leyendo<\/p>\n","protected":false},"excerpt":{"rendered":"El ciclocross sigue en marcha en B\u00e9lgica y antes de acabar el a\u00f1o toc\u00f3 la disputa ayer de&hellip;\n","protected":false},"author":2,"featured_media":311592,"comment_status":"","ping_status":"","sticky":false,"template":"","format":"standard","meta":{"footnotes":""},"categories":[273],"tags":[12232,32543,313,44324,2493,8186,312,168,1755,25,24,656,3013,23,167],"class_list":{"0":"post-311591","1":"post","2":"type-post","3":"status-publish","4":"format-standard","5":"has-post-thumbnail","7":"category-ciclismo","8":"tag-asturiano","9":"tag-asturianos","10":"tag-ciclismo","11":"tag-ciclocross","12":"tag-copa","13":"tag-copa-del-mundo","14":"tag-cycling","15":"tag-deportes","16":"tag-elite","17":"tag-es","18":"tag-espana","19":"tag-mario","20":"tag-mundo","21":"tag-spain","22":"tag-sports"},"share_on_mastodon":{"url":"https:\/\/pubeurope.com\/@es\/115801781915117896","error":""},"_links":{"self":[{"href":"https:\/\/www.europesays.com\/es\/wp-json\/wp\/v2\/posts\/311591","targetHints":{"allow":["GET"]}}],"collection":[{"href":"https:\/\/www.europesays.com\/es\/wp-json\/wp\/v2\/posts"}],"about":[{"href":"https:\/\/www.europesays.com\/es\/wp-json\/wp\/v2\/types\/post"}],"author":[{"embeddable":true,"href":"https:\/\/www.europesays.com\/es\/wp-json\/wp\/v2\/users\/2"}],"replies":[{"embeddable":true,"href":"https:\/\/www.europesays.com\/es\/wp-json\/wp\/v2\/comments?post=311591"}],"version-history":[{"count":0,"href":"https:\/\/www.europesays.com\/es\/wp-json\/wp\/v2\/posts\/311591\/revisions"}],"wp:featuredmedia":[{"embeddable":true,"href":"https:\/\/www.europesays.com\/es\/wp-json\/wp\/v2\/media\/311592"}],"wp:attachment":[{"href":"https:\/\/www.europesays.com\/es\/wp-json\/wp\/v2\/media?parent=311591"}],"wp:term":[{"taxonomy":"category","embeddable":true,"href":"https:\/\/www.europesays.com\/es\/wp-json\/wp\/v2\/categories?post=311591"},{"taxonomy":"post_tag","embeddable":true,"href":"https:\/\/www.europesays.com\/es\/wp-json\/wp\/v2\/tags?post=311591"}],"curies":[{"name":"wp","href":"https:\/\/api.w.org\/{rel}","templated":true}]}}