{"id":311597,"date":"2025-12-29T07:58:07","date_gmt":"2025-12-29T07:58:07","guid":{"rendered":"https:\/\/www.europesays.com\/es\/311597\/"},"modified":"2025-12-29T07:58:07","modified_gmt":"2025-12-29T07:58:07","slug":"josie-el-estilista-de-las-campanadas-de-cristina-pedroche-los-dardos-que-me-claven-me-los-voy-a-quitar-victorioso-y-voy-a-seguir-haciendo-mi-vida-gente","status":"publish","type":"post","link":"https:\/\/www.europesays.com\/es\/311597\/","title":{"rendered":"Josie, el estilista de las Campanadas de Cristina Pedroche: \u201cLos dardos que me claven me los voy a quitar victorioso y voy a seguir haciendo mi vida\u201d | Gente"},"content":{"rendered":"<p class=\"\"><a href=\"https:\/\/elpais.com\/gente\/2024-06-06\/cristina-pedroche-a-mi-hija-le-voy-a-dar-todo-mi-amor-pero-no-todo-mi-dinero.html\" target=\"_blank\" rel=\"noreferrer nofollow noopener\" title=\"https:\/\/elpais.com\/gente\/2024-06-06\/cristina-pedroche-a-mi-hija-le-voy-a-dar-todo-mi-amor-pero-no-todo-mi-dinero.html\">Cristina Pedroche<\/a> y su mano derecha, Jos\u00e9 Fern\u00e1ndez-Pacheco Gallego, conocido como <a href=\"https:\/\/elpais.com\/icon\/2021-11-12\/josie-los-ricos-actuales-no-saben-serlo-cristiano-ronaldo-no-sabe.html\" target=\"_blank\" rel=\"noreferrer nofollow noopener\" title=\"https:\/\/elpais.com\/icon\/2021-11-12\/josie-los-ricos-actuales-no-saben-serlo-cristiano-ronaldo-no-sabe.html\">Josie <\/a>(Manzanares, 45 a\u00f1os), han conseguido convertir las Campanadas en un evento seguido \u2014y sobre todo comentado\u2014 por millones de personas. Todo gira esa noche, y los d\u00edas previos y los siguientes, en torno al estilismo elegido por la presentadora para dar las uvas. Una idea que comienza en la mente del estilista y que se acaba materializando en un look que no deja indiferente. A pocos d\u00edas de una de las noches m\u00e1s esperadas del a\u00f1o, Josie atiende a EL PA\u00cdS en los peque\u00f1os huecos que encuentra en una agenda que cada vez est\u00e1 m\u00e1s cargada de compromisos. Una se\u00f1al que ya vaticina lo que le espera en 2026. <\/p>\n<p class=\"\">Se define as\u00ed mismo como un \u201chombre orquesta\u201d, porque es el encargado de la gesti\u00f3n de todo lo que tiene que ver con el estilismo de Pedroche, convertido en el secreto mejor guardado cada a\u00f1o: \u201cEs una acci\u00f3n de comunicaci\u00f3n de moda que va m\u00e1s all\u00e1 de los vestidos. Esto es crear un concepto, una expectaci\u00f3n y maniobrarla antes y despu\u00e9s del 31. Hay que organizarlo para que todo tenga el impacto que tiene. La gente realmente no sabe lo que yo hago, si coso, bordo, pinto o coloreo. Les dir\u00eda que simplemente comunico\u201d, afirma desde su biblioteca de Villa Josie, la casa que hered\u00f3 en su tierra natal (en la provincia de Ciudad Real), que lleva a\u00f1os reformando, fue portada de la revista AD y en la que reside cuando no est\u00e1 en Madrid. <\/p>\n<p>M\u00e1s informaci\u00f3n<\/p>\n<p class=\"\">Para entender qui\u00e9n<a href=\"https:\/\/elpais.com\/television\/2020-09-17\/josie-las-ricas-de-ahora-buf-estan-a-la-deriva-tienen-dinero-pero-no-imaginacion.html\" target=\"_blank\" rel=\"noreferrer nofollow noopener\" title=\"https:\/\/elpais.com\/television\/2020-09-17\/josie-las-ricas-de-ahora-buf-estan-a-la-deriva-tienen-dinero-pero-no-imaginacion.html\"> es hoy Josie<\/a> hay que regresar a sus or\u00edgenes en Manzanares: \u201cMe fui con muchas ilusiones y alegr\u00eda porque tampoco era f\u00e1cil ser un ni\u00f1o como yo fui en una tierra que, algunas veces, puede ser hostil cuando tienes mucha imaginaci\u00f3n. Por 5.000 Sancho Panzas hay un Quijote. Era bastante distinto al resto de mis compa\u00f1eros\u201d. Supo desde peque\u00f1o que lo suyo era el mundo de la moda: \u201cSiempre he tenido muy claro lo que no me gusta y lo que me encanta. Descubr\u00ed las revistas de moda femeninas a trav\u00e9s de mi madre y de mis t\u00edas abuelas. Ve\u00eda un universo muy atractivo. Lo primero, porque estaba poblada de gente que me atra\u00eda y que me parec\u00eda lo m\u00e1s y que compart\u00edan el mismo universo al que yo quer\u00eda pertenecer\u201d. A pesar de su pasi\u00f3n, no sab\u00eda si quer\u00eda dedicarse al dise\u00f1o, as\u00ed que lo prob\u00f3 todo: entr\u00f3 en Humanidades, estudi\u00f3 Periodismo y complet\u00f3 el m\u00e1ster de moda de Vogue. <\/p>\n<p><img decoding=\"auto\" class=\"_re lazyload a_m-h\" height=\"277\"  width=\"414\"  src=\"https:\/\/www.europesays.com\/es\/wp-content\/uploads\/2025\/12\/I2JPFJI6HRAEVFQNPEWBFRPUGU.jpg\" loading=\"lazy\"\/>Josie se define as\u00ed mismo como un \u201chombre orquesta\u201d: es el encargado de la gesti\u00f3n de todo lo que tiene que ver con el estilismo de Pedroche.SAMUEL S\u00c1NCHEZ<\/p>\n<p class=\"\">En 2008, despu\u00e9s de pasar por distintas redacciones, le lleg\u00f3 la oportunidad de su vida: participar en Supermodelo, un programa de televisi\u00f3n: \u201cDec\u00edan que me iba a hundir. Entonces todo lo audiovisual vinculado con la moda no funcionaba y era inexistente. Ellos le ten\u00edan pavo a la televisi\u00f3n y yo no ten\u00eda nada que perder\u201d. 17 a\u00f1os despu\u00e9s, Josie ha participado en todo tipo de formatos: <a href=\"https:\/\/elpais.com\/gente\/2020-12-07\/josie-el-estilista-casi-anonimo-convertido-en-la-revelacion-de-masterchef-celebrity.html\" target=\"_blank\" rel=\"noreferrer nofollow noopener\" title=\"https:\/\/elpais.com\/gente\/2020-12-07\/josie-el-estilista-casi-anonimo-convertido-en-la-revelacion-de-masterchef-celebrity.html\">MasterChef Celebrity,<\/a> Tu cara me suena, Bailando con las estrellas y, en 2026, lo har\u00e1 en <a href=\"https:\/\/elpais.com\/television\/2025-09-30\/confirmados-los-concursantes-de-maestros-de-la-costura-celebrity-2-mario-vaquerizo-blanca-paloma-y-jaydy-michel-entre-los-participantes.html\" target=\"_blank\" rel=\"noreferrer nofollow noopener\" title=\"https:\/\/elpais.com\/television\/2025-09-30\/confirmados-los-concursantes-de-maestros-de-la-costura-celebrity-2-mario-vaquerizo-blanca-paloma-y-jaydy-michel-entre-los-participantes.html\">Maestros de la Costura Celebrity 2.<\/a> \u201cA m\u00ed me proponen televisi\u00f3n cada a\u00f1o y ya llevo 18 consecutivos sin salir de la parrilla. Si me lanzase sin pensar a lo que llega, ya me hubiera ido por el helic\u00f3ptero abajo [en referencia a Supervivientes], pero no lo cojo todo. Soy muy cuidadoso con los proyectos de televisi\u00f3n que manejo. Me encantar\u00eda tener otro tipo de programas en los que se vea otra parte de m\u00ed: como entrevistador podr\u00eda dar mucho juego, radio o temas m\u00e1s period\u00edsticos&#8230; pero siempre les computa m\u00e1s mi lado showman. Un mix de ambas creo que me encantar\u00eda darlo a tanta gente que me sigue despu\u00e9s de casi 20 a\u00f1os\u201d. Aunque le encantar\u00eda regresar a las revistas de moda, siente que algo ha cambiado en el sector en los \u00faltimos a\u00f1os: \u201cMi labor como comunicador siempre ha sido inspirar a los dem\u00e1s. Cada mes la vida cambia y es as\u00ed como se ve la moda. Creo que las revistas deber\u00edan volver con todo su peso y que se acabe el foco omnipresente de tanto \u00eddolo de barro. El empacho de informaci\u00f3n te bloquea la cabeza y es imposible inspirar en medio de tanto exceso de contenidos\u201d. Para ello, propone una idea: \u201cDeber\u00eda haber un c\u00f3nclave de periodismo de moda. Todo deber\u00eda volver a su cauce y que las revistas vuelvan a ser biblias, porque vivir\u00edamos y vestir\u00edamos mejor\u201d. <\/p>\n<p class=\"\">Las influencias de las que ha bebido han hecho que su sello sea muy personal: \u201cVengo de Humanidades, Filosof\u00eda y letras. Dirig\u00ed durante 12 a\u00f1os un m\u00e1ster en estilismo de moda y siempre les dec\u00eda a mis alumnas: \u2018Cuando no sep\u00e1is qu\u00e9 estudiar para dedicaros a la moda, ir a otros mundos del arte o la literatura, porque ah\u00ed encontrar\u00e9is lo que os hace diferentes, que se lo digan a Yves Saint Laurent, rendido a Proust\u201d. Pero tambi\u00e9n reconoce que en estos a\u00f1os ha contado con la ayuda del sector para poder llegar alto: \u201cHe sido un ni\u00f1o muy mimado por la industria y por la gente que me ha dado oportunidades, porque yo se lo he devuelto con creces. Te tienes que volcar en los proyectos que te encantan\u201d. Aunque se ha encontrado obst\u00e1culos en el camino: \u201cDesde que entr\u00e9 vi mucho cuchillo volando, pero tambi\u00e9n es importante c\u00f3mo t\u00fa los manejes y c\u00f3mo te quites el cuchillo cuando te lo han clavado. Algunos han sido muy duros, no te digo que no, sobre todo gente muy cercana y que de repente por estar ah\u00ed, quieren acuchillarte y quieren tu puesto, quieren ser como t\u00fa\u201d. Y contin\u00faa: \u201cLa moda muchas veces tiene un mal karma&#8230; cuando deber\u00eda ser un sitio l\u00fadico y lleno de buena energ\u00eda\u201d. Y tiene claro el porqu\u00e9 de su \u00e9xito: \u201cYo no llegu\u00e9 a la moda para que me regalasen bolsos ni colonias. Llegu\u00e9 a la moda con una vocaci\u00f3n de servicio. El d\u00eda que la moda considere que ya no puedo servir en sus filas, me ir\u00e9 muy satisfecho. El mundo no empieza ni acaba en la moda\u201d. <\/p>\n<p class=\"\">Desde hace 11 a\u00f1os, adem\u00e1s de sus proyectos dentro y fuera de la televisi\u00f3n, se encarga del estilismo de las Pedroche Campanadas. M\u00e1s de una d\u00e9cada que les ha cambiado la vida. \u201cAl principio fueron a\u00f1os dif\u00edciles. Empec\u00e9 sin camerino, vistiendo a Pedroche en una pensi\u00f3n con camita de n\u00edquel horrorosa en la Puerta del Sol. Desde aquel a\u00f1o fue marc\u00e1ndose un r\u00e9cord de audiencia hasta convertir este evento en una especie de Super Bowl. Cada vez es mejor y ahora tenemos un camerino incre\u00edble, no te digo que sea m\u00e1s f\u00e1cil que entonces, pero si tengo mucho callo ya. Me he especializado en las Pedroche Campanadas\u201d.<\/p>\n<p class=\"\">Han sentado un precedente, una manera de consumir televisi\u00f3n y de desvelar un estilismo que engancha a la audiencia. Y pese a esa presi\u00f3n a\u00f1adida, \u00e9l consigue abstraerse de todo el ruido que le rodea: \u201cMe lo tomo como si estuviera jugando con Cristina, es como un juego, una cosa entre ella y yo. Cuando la veo contenta y s\u00e9 que puede defender ese mensaje, ese concepto, ese vestido&#8230; ya estamos felices\u201d. \u00c9l es el que se encarga de pensar la idea de estilismo y se la transmite a la presentadora. \u201cEs muy luchadora, valiente&#8230; Cuando le planteas algo, a lo mejor te mira con cara de susto, pero al d\u00eda siguiente llama por tel\u00e9fono y me dice: \u2018Me atrevo\u2019. Eso ha vuelto a ocurrir este a\u00f1o. Si yo no me divierto haciendo esto, es que el vestido est\u00e1 mal. Me tiene que entusiasmar, me tiene que apetecer hacerlo, divertirme y contagiar mi diversi\u00f3n. Ella hace lo suyo, lo defiende a muerte y lo disfruta\u201d. <\/p>\n<p class=\"\">Las cr\u00edticas no le importan, o al menos ha aprendido a gestionarlas: \u201cAl d\u00eda siguiente es un escarnio p\u00fablico, llevo 11 escarnios p\u00fablicos&#8230; pero me da igual. Hay gente que te ama, que te odia&#8230; pero no dejas indiferente a nadie. Desde ni\u00f1o he vivido con el insulto, con los ataques a mi forma de estar en el mundo, los dardos que me claven me los voy a quitar victorioso y voy a seguir haciendo mi vida como quiero\u201d. Desde hace a\u00f1os, Josie y Pedroche buscan enviar mensajes reivindicativos con los dise\u00f1os, muchos de ellos basados en experiencias personales. \u201c<a href=\"https:\/\/elpais.com\/gente\/2023-12-31\/el-vestido-de-cristina-pedroche-en-las-campanadas-de-2023-una-alegoria-sobre-la-importancia-del-agua-de-la-mano-de-greenpeace.html\" target=\"_blank\" rel=\"noreferrer nofollow noopener\" title=\"https:\/\/elpais.com\/gente\/2023-12-31\/el-vestido-de-cristina-pedroche-en-las-campanadas-de-2023-una-alegoria-sobre-la-importancia-del-agua-de-la-mano-de-greenpeace.html\">El que hicimos del agua en 2023 <\/a>fue porque yo viv\u00ed una contaminaci\u00f3n de un acu\u00edfero del Guadiana debajo de mi casa. Cuando est\u00e1bamos excavando para hacer la alberca, vimos que el agua sal\u00eda roja. Eso me marc\u00f3 mucho\u201d. <\/p>\n<p class=\"\">Pero no siempre se trat\u00f3 de reivindicar. \u201cTienen un punto agridulce porque son deseos incumplidos: hemos pedido <a href=\"https:\/\/elpais.com\/gente\/2022-12-31\/el-vestido-de-cristina-pedroche-en-las-campanadas-2022-homenajea-a-los-refugiados-con-una-capa-y-un-top-paloma-de-la-paz.html\" target=\"_blank\" rel=\"noreferrer nofollow noopener\" title=\"https:\/\/elpais.com\/gente\/2022-12-31\/el-vestido-de-cristina-pedroche-en-las-campanadas-2022-homenajea-a-los-refugiados-con-una-capa-y-un-top-paloma-de-la-paz.html\">paz<\/a>, ecolog\u00eda, que se<a href=\"https:\/\/elpais.com\/gente\/2024-12-31\/el-vestido-de-cristina-pedroche-en-las-campanadas-2024-un-alegato-por-la-proteccion-de-la-infancia-creado-a-partir-de-su-leche-materna.html\" target=\"_blank\" rel=\"noreferrer nofollow noopener\" title=\"https:\/\/elpais.com\/gente\/2024-12-31\/el-vestido-de-cristina-pedroche-en-las-campanadas-2024-un-alegato-por-la-proteccion-de-la-infancia-creado-a-partir-de-su-leche-materna.html\"> cuide a la infancia<\/a>&#8230; Y cada a\u00f1o vamos a peor. Empec\u00e9 con un mundo mucho m\u00e1s emp\u00e1tico que ahora. Al crear un foco tan incre\u00edble, ten\u00edamos que aprovechar para mandar estos mensajes. Aunando moda y televisi\u00f3n puedes dar un mensaje m\u00e1s all\u00e1, que no sea simplemente est\u00e9tico. La est\u00e9tica de las Campanadas es lo que menos me interesa\u201d.<\/p>\n<p class=\"\">No da detalles de c\u00f3mo ser\u00e1 el vestido este a\u00f1o, pero s\u00ed revela que ha participado en el proceso de confecci\u00f3n gracias a lo que ha aprendido durante su paso por Maestros de la costura Celebrity 2: \u201cEs la primera vez que he colaborado cosiendo. Estoy feliz porque la m\u00e1quina de coser me ha hecho libre, porque yo he vivido una trayectoria en la moda de espaldas al corte y la confecci\u00f3n. He aprovechado y como \u00edbamos fatal de tiempo, me he puesto a coser el vestido\u201d. <\/p>\n<p class=\"\">Para 2026 tiene muchos proyectos en mente. Adem\u00e1s del confirmado Maestros de la Costura Celebrity, su idea tambi\u00e9n es iniciar un doctorado en verano: \u201cVoy a hacer una investigaci\u00f3n en artes esc\u00e9nicas y moda centradas en la Edad de Plata con dos directoras de lujo. Estoy contento de que quieran dirigir y firmar mi tesis. Ha llegado el momento de pasar de ser Josie a ser don Jos\u00e9. Hay que cortarse un poco la coleta del espect\u00e1culo, aunque ahora no puedo. Queda mucha peripecia de Josie en televisi\u00f3n en 2026\u201d. Y piensa en otros m\u00e1s a largo plazo: \u201cMe encantar\u00eda que Villa Josie se convirtiera en un motor de comunicaci\u00f3n de estilo de vida, de moda, de gastronom\u00eda, de belleza, de decoraci\u00f3n&#8230; Y me encantar\u00eda hacer m\u00e9ritos catedr\u00e1ticos tambi\u00e9n porque quiero volver a la docencia\u201d. Muchos prop\u00f3sitos, pero por ahora el m\u00e1s importante del a\u00f1o llega en apenas unos d\u00edas.<\/p>\n","protected":false},"excerpt":{"rendered":"Cristina Pedroche y su mano derecha, Jos\u00e9 Fern\u00e1ndez-Pacheco Gallego, conocido como Josie (Manzanares, 45 a\u00f1os), han conseguido convertir&hellip;\n","protected":false},"author":2,"featured_media":311598,"comment_status":"","ping_status":"","sticky":false,"template":"","format":"standard","meta":{"footnotes":""},"categories":[174],"tags":[72478,255,18875,146,147,25,24,256,260,73276,1023,2951,5199,23,807,73277,5732],"class_list":{"0":"post-311597","1":"post","2":"type-post","3":"status-publish","4":"format-standard","5":"has-post-thumbnail","7":"category-famosos","8":"tag-ano-nuevo","9":"tag-celebrities","10":"tag-cristina-pedroche","11":"tag-entertainment","12":"tag-entretenimiento","13":"tag-es","14":"tag-espana","15":"tag-famosos","16":"tag-gente","17":"tag-josie","18":"tag-moda","19":"tag-navidad","20":"tag-nochevieja","21":"tag-spain","22":"tag-television","23":"tag-tradiciones-navidad","24":"tag-vestidos"},"share_on_mastodon":{"url":"https:\/\/pubeurope.com\/@es\/115801797734371699","error":""},"_links":{"self":[{"href":"https:\/\/www.europesays.com\/es\/wp-json\/wp\/v2\/posts\/311597","targetHints":{"allow":["GET"]}}],"collection":[{"href":"https:\/\/www.europesays.com\/es\/wp-json\/wp\/v2\/posts"}],"about":[{"href":"https:\/\/www.europesays.com\/es\/wp-json\/wp\/v2\/types\/post"}],"author":[{"embeddable":true,"href":"https:\/\/www.europesays.com\/es\/wp-json\/wp\/v2\/users\/2"}],"replies":[{"embeddable":true,"href":"https:\/\/www.europesays.com\/es\/wp-json\/wp\/v2\/comments?post=311597"}],"version-history":[{"count":0,"href":"https:\/\/www.europesays.com\/es\/wp-json\/wp\/v2\/posts\/311597\/revisions"}],"wp:featuredmedia":[{"embeddable":true,"href":"https:\/\/www.europesays.com\/es\/wp-json\/wp\/v2\/media\/311598"}],"wp:attachment":[{"href":"https:\/\/www.europesays.com\/es\/wp-json\/wp\/v2\/media?parent=311597"}],"wp:term":[{"taxonomy":"category","embeddable":true,"href":"https:\/\/www.europesays.com\/es\/wp-json\/wp\/v2\/categories?post=311597"},{"taxonomy":"post_tag","embeddable":true,"href":"https:\/\/www.europesays.com\/es\/wp-json\/wp\/v2\/tags?post=311597"}],"curies":[{"name":"wp","href":"https:\/\/api.w.org\/{rel}","templated":true}]}}