{"id":311603,"date":"2025-12-29T08:02:10","date_gmt":"2025-12-29T08:02:10","guid":{"rendered":"https:\/\/www.europesays.com\/es\/311603\/"},"modified":"2025-12-29T08:02:10","modified_gmt":"2025-12-29T08:02:10","slug":"el-miembro-de-the-beatles-que-sabia-perfectamente-como-realzar-una-cancion-segun-ringo-starr","status":"publish","type":"post","link":"https:\/\/www.europesays.com\/es\/311603\/","title":{"rendered":"El miembro de The Beatles que sab\u00eda perfectamente c\u00f3mo \u00abrealzar una canci\u00f3n\u00bb seg\u00fan Ringo Starr"},"content":{"rendered":"<p>La repentina muerte de <strong><a href=\"https:\/\/indiehoy.com\/historias\/john-lennon-y-la-cancion-de-the-beatles-escribio-sintiendose-miserable\/\" target=\"_blank\" rel=\"noreferrer noopener nofollow\">John Lennon<\/a><\/strong> en 1980 priv\u00f3 al mundo del futuro de uno de los m\u00e1s grandes compositores de la historia. Lennon dej\u00f3 tras de s\u00ed una obra magn\u00edfica y tambi\u00e9n canciones en proceso, entre ellas \u00abFree as a Bird\u00bb, \u00abReal Love\u00bb, \u00abNow and Then\u00bb y \u00abGrow Old With Me\u00bb, destinada a formar parte del disco Double Fantasy y considerada la \u00faltima grabaci\u00f3n del brit\u00e1nico antes de ser asesinado.<\/p>\n<p>Este tema no lleg\u00f3 a grabarse en su versi\u00f3n final, pero el demo apareci\u00f3 en el disco p\u00f3stumo Milk and Honey. Sin embargo, fue <strong>Ringo Starr<\/strong>, ya como solista, quien decidi\u00f3 grabarla de manera definitiva \u2014incluso despu\u00e9s de que varios artistas, como Peter Randall y Glen Campbell, la versionaran\u2014, como parte de su disco What\u2019s My Name (2019). Para ello convoc\u00f3 a su excompa\u00f1ero de banda, <strong><a href=\"https:\/\/indiehoy.com\/noticias\/paul-mccartney-lanza-una-cancion-silenciosa-para-protestar-contra-la-ia\/\" target=\"_blank\" rel=\"noreferrer noopener nofollow\">Paul McCartney<\/a><\/strong>, con quien tambi\u00e9n grab\u00f3 otras canciones pos-Beatles como \u00abBeautiful Night\u00bb y \u00abWe\u2019re on the Road Again\u00bb. <\/p>\n<p><img loading=\"lazy\" decoding=\"async\" width=\"1200\" height=\"800\" src=\"https:\/\/www.europesays.com\/es\/wp-content\/uploads\/2025\/12\/paul-mccartney-ringo-starr.jpg\" alt=\"Paul McCartney y Ringo Starr\" class=\"wp-image-636037\"  \/>Paul McCartney y Ringo Starr &#8211; Credito: Facebook Paul McCartney <\/p>\n<p>En cuanto a la experiencia de volver a compartir un espacio creativo con su antiguo compa\u00f1ero, Starr tuvo solo elogios: \u201c<strong>Paul ven\u00eda a la ciudad y le dije: \u2018Me encantar\u00eda que tocaras en esta canci\u00f3n\u2019. Pens\u00e9 que ser\u00eda perfecto porque es muy mel\u00f3dico y siempre sabe realzar la canci\u00f3n. Eso es todo lo que hace cuando toca<\/strong>\u201d, dijo en una entrevista recogida por Far Out Magazine.<\/p>\n<p>Sobre c\u00f3mo plane\u00f3 esta suerte de \u201creuni\u00f3n\u201d de <a href=\"https:\/\/indiehoy.com\/historias\/la-cancion-de-the-beatles-que-influencio-la-formacion-de-the-velvet-underground\/\" target=\"_blank\" rel=\"noreferrer noopener nofollow\">The Beatles<\/a>, Starr dijo a NME: \u201cQuer\u00eda que Paul tocara en ella, y dijo que s\u00ed. Luego vino, toc\u00f3 el bajo y cant\u00f3 un poco conmigo. John est\u00e1 en esto de alguna manera. No es un truco publicitario. Es exactamente lo que quer\u00eda. Y las cuerdas que Jack arregl\u00f3 para esta canci\u00f3n, si realmente las escuchas, hacen una l\u00ednea de \u2018Here Comes the Sun\u2019. Entonces, en cierto modo, somos los cuatro\u201d.<\/p>\n","protected":false},"excerpt":{"rendered":"La repentina muerte de John Lennon en 1980 priv\u00f3 al mundo del futuro de uno de los m\u00e1s&hellip;\n","protected":false},"author":2,"featured_media":311604,"comment_status":"","ping_status":"","sticky":false,"template":"","format":"standard","meta":{"footnotes":""},"categories":[170],"tags":[146,147,25,24,184,185,20679,23,6620],"class_list":{"0":"post-311603","1":"post","2":"type-post","3":"status-publish","4":"format-standard","5":"has-post-thumbnail","7":"category-musica","8":"tag-entertainment","9":"tag-entretenimiento","10":"tag-es","11":"tag-espana","12":"tag-music","13":"tag-musica","14":"tag-ringo-starr","15":"tag-spain","16":"tag-the-beatles"},"share_on_mastodon":{"url":"https:\/\/pubeurope.com\/@es\/115801815560553279","error":""},"_links":{"self":[{"href":"https:\/\/www.europesays.com\/es\/wp-json\/wp\/v2\/posts\/311603","targetHints":{"allow":["GET"]}}],"collection":[{"href":"https:\/\/www.europesays.com\/es\/wp-json\/wp\/v2\/posts"}],"about":[{"href":"https:\/\/www.europesays.com\/es\/wp-json\/wp\/v2\/types\/post"}],"author":[{"embeddable":true,"href":"https:\/\/www.europesays.com\/es\/wp-json\/wp\/v2\/users\/2"}],"replies":[{"embeddable":true,"href":"https:\/\/www.europesays.com\/es\/wp-json\/wp\/v2\/comments?post=311603"}],"version-history":[{"count":0,"href":"https:\/\/www.europesays.com\/es\/wp-json\/wp\/v2\/posts\/311603\/revisions"}],"wp:featuredmedia":[{"embeddable":true,"href":"https:\/\/www.europesays.com\/es\/wp-json\/wp\/v2\/media\/311604"}],"wp:attachment":[{"href":"https:\/\/www.europesays.com\/es\/wp-json\/wp\/v2\/media?parent=311603"}],"wp:term":[{"taxonomy":"category","embeddable":true,"href":"https:\/\/www.europesays.com\/es\/wp-json\/wp\/v2\/categories?post=311603"},{"taxonomy":"post_tag","embeddable":true,"href":"https:\/\/www.europesays.com\/es\/wp-json\/wp\/v2\/tags?post=311603"}],"curies":[{"name":"wp","href":"https:\/\/api.w.org\/{rel}","templated":true}]}}