{"id":311605,"date":"2025-12-29T08:03:16","date_gmt":"2025-12-29T08:03:16","guid":{"rendered":"https:\/\/www.europesays.com\/es\/311605\/"},"modified":"2025-12-29T08:03:16","modified_gmt":"2025-12-29T08:03:16","slug":"11-expertos-y-criticos-de-la-revista-fotogramas-eligen-las-10-mejores-peliculas-de-2025-en-un-ranking-donde-triunfa-una-batalla-tras-otra-de-paul-thomas-anderson","status":"publish","type":"post","link":"https:\/\/www.europesays.com\/es\/311605\/","title":{"rendered":"11 expertos y cr\u00edticos de la revista Fotogramas eligen las 10 mejores pel\u00edculas de 2025 en un r\u00e1nking donde triunfa &#8216;Una batalla tras otra&#8217; de Paul Thomas Anderson"},"content":{"rendered":"<p data-journey-content=\"true\" data-node-id=\"3\" class=\"css-6wxqfj emevuu60\"><a href=\"https:\/\/www.fotogramas.es\/noticias-cine\/a63285015\/mejores-peliculas-2024-ranking-redaccion-fotogramas-la-zona-de-interes\/\" data-vars-ga-ux-element=\"Hyperlink\" data-node-id=\"3.0\" data-mrf-link=\"https:\/\/www.fotogramas.es\/series-tv-noticias\/a46250705\/la-mesias-mejor-serie-2023-redaccion-fotogramas\/\" data-vars-ga-outbound-link=\"https:\/\/www.fotogramas.es\/noticias-cine\/a63285015\/mejores-peliculas-2024-ranking-redaccion-fotogramas-la-zona-de-interes\/\" data-vars-ga-call-to-action=\"&#039;La zona de inter\u00e9s&#039;, elegida mejor pel\u00edcula de 2024 seg\u00fan la redacci\u00f3n de Fotogramas\" class=\"body-link css-d2so5l emevuu60\" rel=\"nofollow noopener\" target=\"_blank\">&#8216;La zona de inter\u00e9s&#8217;, elegida mejor pel\u00edcula de 2024 seg\u00fan la redacci\u00f3n de Fotogramas<\/a>, ya tiene sucesora: <strong data-node-id=\"3.2\">&#8216;<\/strong>Una batalla tras otra<strong data-node-id=\"3.4\">&#8216;, el espectacular nuevo t\u00edtulo de <\/strong>Paul Thomas Anderson<strong data-node-id=\"3.6\"\/>, ha subido a lo m\u00e1s alto del r\u00e1nking de las pel\u00edculas estrenadas en 2025, un listado que elabora Fotogramas reuniendo los votos de sus redactores para seleccionar las 10 mejores producciones que han pasado por las salas en el \u00faltimo a\u00f1o. Con una gran diferencia de puntos respecto al resto, <strong data-node-id=\"3.8\">l<\/strong><strong data-node-id=\"3.9\">a redacci\u00f3n de Fotogramas elige este film como lo mejor del \u00faltimo curso cin\u00e9filo<\/strong> en un r\u00e1nking en el que dos pel\u00edculas espa\u00f1olas le han ido a la zaga<strong data-node-id=\"3.11\">.<\/strong><\/p>\n<p data-journey-content=\"true\" data-node-id=\"7\" class=\"css-6wxqfj emevuu60\">El equipo de directores, cr\u00edticos y redactores de Fotogramas que han votado para formar esta lista est\u00e1 formado por Julieta Martialay, Roger Salvans, Juan Silvestre, Javier D\u00edaz-Salado, Laura P\u00e9rez, Coral Chamorro, Juan Pando, Mar\u00eda Juesas, Borja Santos, Fran Chico y Ricardo Rosado, con el \u00fanico requisito de que fueses pel\u00edculas estrenadas en las salas espa\u00f1olas de enero a diciembre de este 2025.<\/p>\n<p data-journey-content=\"true\" data-node-id=\"9\" class=\"css-6wxqfj emevuu60\">No nos resistimos a se\u00f1alar que se han quedado fuera, por estrecho margen, t\u00edtulos imprescindibles como &#8216;Romer\u00eda&#8217;, &#8216;Los pecadores&#8217;, &#8216;Sirat&#8217;, &#8216;Sorda&#8217;, &#8216;Superman&#8217;, &#8216;A Real Pain&#8217; y &#8216;Weapons&#8217;.<\/p>\n<p>Las 10 mejores pel\u00edculas de 2025 seg\u00fan la redacci\u00f3n de Fotogramas<\/p>\n<p data-journey-content=\"true\" data-node-id=\"13\" class=\"css-6wxqfj emevuu60\">A continuaci\u00f3n revelamos el listado y detallamos cu\u00e1les son, seg\u00fan la redacci\u00f3n de Fotogramas, las mejores pel\u00edculas de 2025. Este ha sido el resultado definitivo:<\/p>\n<p>10. &#8216;Memorias de un caracol&#8217; (Adam Elliot)<\/p>\n<p data-journey-content=\"true\" data-node-id=\"16\" class=\"css-6wxqfj emevuu60\">Una solitaria ni\u00f1a aficionada a coleccionar figuras decorativas de caracoles conoce a una exc\u00e9ntrica anciana llena de amor por la vida. Quince a\u00f1os despu\u00e9s de emocionarnos con la maravillosa &#8216;Mary and Max&#8217; (2009), Adam Elliot regresa con otra maravilla hecha por stop motion que ha fascinado al p\u00fablico en cada festival en los que se ha proyectado, y a nuestra <a href=\"https:\/\/www.fotogramas.es\/peliculas-criticas\/a63615272\/memorias-de-un-caracol-critica-pelicula\/\" data-vars-ga-outbound-link=\"https:\/\/www.fotogramas.es\/peliculas-criticas\/a63615272\/memorias-de-un-caracol-critica-pelicula\/\" data-vars-ga-ux-element=\"Hyperlink\" data-vars-ga-call-to-action=\"cr\u00edtica de &#039;Memorias de un caracol&#039;\" data-node-id=\"16.1\" class=\"body-link css-d2so5l emevuu60\" rel=\"nofollow noopener\" target=\"_blank\">cr\u00edtica de &#8216;Memorias de un caracol&#8217;<\/a>.<\/p>\n<p><img draggable=\"true\" alt=\"memorias de un caracol\" title=\"memorias de un caracol\" loading=\"lazy\" width=\"3698\" height=\"2080\" decoding=\"async\" data-nimg=\"1\" style=\"color:transparent;width:100%;height:auto;\"   src=\"https:\/\/www.europesays.com\/es\/wp-content\/uploads\/2025\/12\/memorias-de-un-caracol-6951b716ab22f.jpg\" class=\"css-0 e1g79fud0\"\/><\/p>\n<p>Madman Entertainment<\/p>\n<p data-journey-content=\"true\" data-node-id=\"19\" class=\"css-6wxqfj emevuu60\">\u00abAdam Elliot va m\u00e1s all\u00e1 en la <strong data-node-id=\"19.1\">muy elaborada psicolog\u00eda de sus personajes, y en <\/strong><strong data-node-id=\"19.2\">una narraci\u00f3n llena de tragedia pero tambi\u00e9n de un humor negro muy contempor\u00e1neo<\/strong>\u00ab, escrib\u00eda Laura P\u00e9rez.<\/p>\n<p data-journey-content=\"true\" data-node-id=\"21\" class=\"body-tip css-1n723qz emevuu60\">Los votos de la redactora Coral Chamorro y los cr\u00edticas Fran Chico y Ricardo Rosado han convertido a &#8216;Memorias de un caracol en una de las sorpresas de la lista.<\/p>\n<p><img draggable=\"true\" alt=\"memorias de un caracol\" title=\"memorias de un caracol\" loading=\"lazy\" width=\"2000\" height=\"3000\" decoding=\"async\" data-nimg=\"1\" style=\"color:transparent;width:100%;height:auto;\"   src=\"https:\/\/www.europesays.com\/es\/wp-content\/uploads\/2025\/12\/memorias-de-un-caracol-672ce6d06a938.jpg\" class=\"css-0 e1g79fud0\"\/><\/p>\n<p>Madman Entertainment<\/p>\n<p>9. &#8216;Devu\u00e9lvemela&#8217; (Danny Philippou, Michael Philippou)<\/p>\n<p data-journey-content=\"true\" data-node-id=\"25\" class=\"css-6wxqfj emevuu60\">&#8216;H\u00e1blame&#8217;, la estupenda puesta de largo de Danny y Michael Philippou, nos present\u00f3 a estos dos cineastas \u2018aussies\u2019 que, tras pasarse la infancia rodando pel\u00edculas caseras y la adolescencia rellenando YouTube de material de calidad, dieron con una idea lo suficientemente potente como para lucir sus dotes tras la c\u00e1mara. Con &#8216;Devu\u00e9lvemela&#8217; van mucho m\u00e1s lejos y, pese a tratarse de su segundo largometraje, dejan claro que aqu\u00ed hay m\u00e1s talento que suerte y que, para alegr\u00eda de todos sus ya convencidos ac\u00f3litos, hay dos nuevos de hermanos a los que seguir de cerca en cada estreno.<\/p>\n<p><img draggable=\"true\" alt=\"devuelvemela\" title=\"devuelvemela\" loading=\"lazy\" width=\"3500\" height=\"2625\" decoding=\"async\" data-nimg=\"1\" style=\"color:transparent;width:100%;height:auto;\"   src=\"https:\/\/www.europesays.com\/es\/wp-content\/uploads\/2025\/12\/devuelvemela-pelicula-terror-688c8766ad5ea.jpg\" class=\"css-0 e1g79fud0\"\/><\/p>\n<p>Sony Pictures<\/p>\n<p data-journey-content=\"true\" data-node-id=\"28\" class=\"css-6wxqfj emevuu60\">La <a href=\"https:\/\/www.fotogramas.es\/peliculas-criticas\/a65561608\/devuelvemela-critica-pelicula\/\" data-vars-ga-outbound-link=\"https:\/\/www.fotogramas.es\/peliculas-criticas\/a65561608\/devuelvemela-critica-pelicula\/\" data-vars-ga-ux-element=\"Hyperlink\" data-vars-ga-call-to-action=\"cr\u00edtica de &#039;Devu\u00e9lvemela&#039; \" data-node-id=\"28.1\" data-mrf-link=\"https:\/\/www.fotogramas.es\/peliculas-criticas\/a65561608\/devuelvemela-critica-pelicula\/\" class=\"body-link css-d2so5l emevuu60\" rel=\"nofollow noopener\" target=\"_blank\">cr\u00edtica de &#8216;Devu\u00e9lvemela&#8217;<\/a> publicada en FOTOGRAMAS afirma que \u00abes una propuesta excesiva, que no da tregua ni a los personajes ni al espectador. Est\u00e1 todo el rato arriba en el ritmo (es ansiosa), en el c\u00f3digo de las interpretaciones y en la concepci\u00f3n de escenas e im\u00e1genes de terror\u00bb. <\/p>\n<p data-journey-content=\"true\" data-node-id=\"30\" class=\"body-tip css-1n723qz emevuu60\">&#8216;Devu\u00e9lvemela&#8217; ha sido elegida como la mejor pel\u00edcula del a\u00f1o para el redactor y editor de v\u00eddeo Borja Santos.<\/p>\n<p><img draggable=\"true\" alt=\"devuelvemela\" title=\"devuelvemela \" loading=\"lazy\" width=\"3000\" height=\"4447\" decoding=\"async\" data-nimg=\"1\" style=\"color:transparent;width:100%;height:auto;\"   src=\"https:\/\/www.europesays.com\/es\/wp-content\/uploads\/2025\/12\/1sheet-teaser2-aw-bring-her-back-6072x9000-traducido-688b4f0f67146.jpg\" class=\"css-0 e1g79fud0\"\/><\/p>\n<p>Sony Pictures<\/p>\n<p>8. &#8216;The Brutalist&#8217; (Brady Corbet)<\/p>\n<p data-journey-content=\"true\" data-node-id=\"34\" class=\"css-6wxqfj emevuu60\">Una de las m\u00e1s valiosas aportaciones de la espl\u00e9ndida &#8216;The Brutalist&#8217; es que entendamos que <strong data-node-id=\"34.1\">el sue\u00f1o americano, con sus promesas de ascensi\u00f3n social y su elogio al individualismo superlativo, se aliment\u00f3 de los fascismos europeos<\/strong> para hipervitaminar su homil\u00eda en favor del \u00e9xito sin l\u00edmites. El mensaje nos llega en forma de pel\u00edcula-r\u00edo, una especie de equivalente f\u00edlmico a la Gran Novela Americana \u2013o a la imposibilidad de su existencia\u2013 que recupera la majestuosidad de una manera de hacer cine \u2013tres horas y media de metraje con intermedio incluido, rodadas en 70 mil\u00edmetros y Vistavision\u2013 que asociamos con el expresivo clasicismo de King Vidor o Elia Kazan, pero tambi\u00e9n con sus relecturas \u00e9picas, desde &#8216;El Padrino&#8217; hasta &#8216;\u00c9rase una vez en Am\u00e9rica&#8217;.<\/p>\n<p><img draggable=\"true\" alt=\"the brutalist pelicula adrien brody\" title=\"the brutalist pelicula adrien brody\" loading=\"lazy\" width=\"2500\" height=\"1506\" decoding=\"async\" data-nimg=\"1\" style=\"color:transparent;width:100%;height:auto;\"   src=\"https:\/\/www.europesays.com\/es\/wp-content\/uploads\/2025\/12\/the-brutalist-pelicula-adrien-brody-6793f9fff4204.jpg\" class=\"css-0 e1g79fud0\"\/><\/p>\n<p>Universal<\/p>\n<p data-journey-content=\"true\" data-node-id=\"37\" class=\"css-6wxqfj emevuu60\">\u00ab<strong data-node-id=\"37.1\">No nos malinterpreten: no hay un \u00e1pice de nostalgia en sus vitales y disonantes im\u00e1genes<\/strong> que, sobre todo en su primera parte, trabaja el sonido, la m\u00fasica, el relato, la textura de la luz y el color, y las soluciones de montaje con una ambici\u00f3n desmedida, extraordinaria, ante la que es dif\u00edcil no quedarse noqueado\u00bb, se\u00f1ala la <a href=\"https:\/\/www.fotogramas.es\/noticias-cine\/a63489529\/the-brutalist-critica-pelicula-adrien-brody-brady-corbert-premios-oscar-2025\/\" data-vars-ga-outbound-link=\"https:\/\/www.fotogramas.es\/noticias-cine\/a63489529\/the-brutalist-critica-pelicula-adrien-brody-brady-corbert-premios-oscar-2025\/\" data-vars-ga-ux-element=\"Hyperlink\" data-vars-ga-call-to-action=\"cr\u00edtica de &#039;The Brutalist&#039;\" data-node-id=\"37.3\" class=\"body-link css-d2so5l emevuu60\" rel=\"nofollow noopener\" target=\"_blank\">cr\u00edtica de &#8216;The Brutalist&#8217;<\/a>.<\/p>\n<p data-journey-content=\"true\" data-node-id=\"39\" class=\"body-tip css-1n723qz emevuu60\">Nuestro redactor jefe digital, Javier D\u00edaz-Salado, y la redactora Coral Chamorro, han sido los principales responsables de la buena nota de &#8216;The Brutalist&#8217;.<\/p>\n<p><img draggable=\"true\" alt=\"the brutalist poster\" title=\"the brutalist poster\" loading=\"lazy\" width=\"1000\" height=\"1500\" decoding=\"async\" data-nimg=\"1\" style=\"color:transparent;width:100%;height:auto;\"   src=\"https:\/\/www.europesays.com\/es\/wp-content\/uploads\/2025\/12\/the-brutalist-poster-6793de080a3df.jpg\" class=\"css-0 e1g79fud0\"\/><\/p>\n<p>Universal<\/p>\n<p>7. &#8216;Frankenstein&#8217; (Guillermo del Toro)<\/p>\n<p data-journey-content=\"true\" data-node-id=\"43\" class=\"css-6wxqfj emevuu60\">Adaptar <strong data-node-id=\"43.1\">&#8216;<\/strong>Frankenstein&#8217; ha formado parte durante d\u00e9cadas del listado de pel\u00edculas nunca realizadas por Guillermo del Toro, conocido por tener siempre abiertos alrededor de media docena de proyectos so\u00f1ados a la espera de poder llevarlos a cabo. Despu\u00e9s de muchos a\u00f1os de intentonas y rumores, por fin ha llegado su versi\u00f3n del cl\u00e1sico de Mary Shelley. Del Toro, seg\u00fan nuestra <a href=\"https:\/\/www.fotogramas.es\/peliculas-criticas\/a65938572\/frankenstein-pelicula-critica-guillermo-del-toro-netflix-festival-venecia-2025\/\" data-vars-ga-outbound-link=\"https:\/\/www.fotogramas.es\/peliculas-criticas\/a65938572\/frankenstein-pelicula-critica-guillermo-del-toro-netflix-festival-venecia-2025\/\" data-vars-ga-ux-element=\"Hyperlink\" data-vars-ga-call-to-action=\"cr\u00edtica de &#039;Frankenstein&#039;\" data-node-id=\"43.3\" data-mrf-link=\"https:\/\/www.fotogramas.es\/peliculas-criticas\/a65938572\/frankenstein-pelicula-critica-guillermo-del-toro-netflix-festival-venecia-2025\/\" class=\"body-link css-d2so5l emevuu60\" rel=\"nofollow noopener\" target=\"_blank\">cr\u00edtica de &#8216;Frankenstein&#8217;<\/a>, \u00ab<strong data-node-id=\"43.5\">construye universos fant\u00e1sticos con la intenci\u00f3n de celebrar la singularidad e inocencia humanas, y para denunciar el car\u00e1cter desp\u00f3tico de las figuras institucionales y normativas<\/strong>. Nadie ama a los monstruos como \u00e9l\u00bb.<\/p>\n<p><img draggable=\"true\" alt=\"frankenstein pelicula guillermo del toro netflix\" title=\"frankenstein pelicula guillermo del toro netflix\" loading=\"lazy\" width=\"4000\" height=\"2667\" decoding=\"async\" data-nimg=\"1\" style=\"color:transparent;width:100%;height:auto;\"   src=\"https:\/\/www.europesays.com\/es\/wp-content\/uploads\/2025\/12\/jacob-elordi-frankenstein-pelicula-netflix-6920db05212a0.jpg\" class=\"css-0 e1g79fud0\"\/><\/p>\n<p>Netflix<\/p>\n<p data-journey-content=\"true\" data-node-id=\"46\" class=\"css-6wxqfj emevuu60\">De este film, y de sus anteriores \u00e9xitos, <a href=\"https:\/\/www.fotogramas.es\/noticias-cine\/a69235997\/guillermo-del-toro-mejores-peliculas-filmografia-entrevista-santiago-segura\/\" data-vars-ga-outbound-link=\"https:\/\/www.fotogramas.es\/noticias-cine\/a69235997\/guillermo-del-toro-mejores-peliculas-filmografia-entrevista-santiago-segura\/\" data-vars-ga-ux-element=\"Hyperlink\" data-vars-ga-call-to-action=\"hablamos en exclusiva con Guillermo del Toro en un encuentro el que repas\u00f3 su filmograf\u00eda para Fotogramas\" data-node-id=\"46.1\" class=\"body-link css-d2so5l emevuu60\" rel=\"nofollow noopener\" target=\"_blank\">hablamos en exclusiva con Guillermo del Toro en un encuentro el que repas\u00f3 su filmograf\u00eda para Fotogramas<\/a> a trav\u00e9s de  siete escenas memorables cuya anatom\u00eda comparti\u00f3 con nosotros.<\/p>\n<p data-journey-content=\"true\" data-node-id=\"48\" class=\"body-tip css-1n723qz emevuu60\">La directora de Fotogramas, Julieta Martialay, y el redactor y editor de v\u00eddeo Borja Santos han apostado por &#8216;Frankenstein&#8217; para que forme parte de esta lista.<\/p>\n<p><img draggable=\"true\" alt=\"frankenstein pelicula guillermo del toro netflix poster oficial\" title=\"frankenstein pelicula guillermo del toro netflix poster oficial\" loading=\"lazy\" width=\"2000\" height=\"3000\" decoding=\"async\" data-nimg=\"1\" style=\"color:transparent;width:100%;height:auto;\"   src=\"https:\/\/www.europesays.com\/es\/wp-content\/uploads\/2025\/12\/frankenstein-pelicula-guillermo-del-toro-netflix-poster-oficial-6951b49bb3d69.jpg\" class=\"css-0 e1g79fud0\"\/><\/p>\n<p>Netflix<\/p>\n<p>6. &#8216;Un simple accidente&#8217; (Jafar Panahi)<\/p>\n<p data-journey-content=\"true\" data-node-id=\"52\" class=\"css-6wxqfj emevuu60\">La \u00faltima Palma de Oro en Cannes tiene algo del teatro del absurdo del &#8216;Esperando a Godot &#8216;de Samuel Becketten el que la par\u00e1lisis amenaza con bloquear toda reacci\u00f3n afectiva. Y aqu\u00ed los afectos son importantes: <strong data-node-id=\"52.1\">lo que se mueve es el dolor de los represaliados por la crueldad del r\u00e9gimen iran\u00ed, <\/strong>ese que tortura a los disidentes \u2013si entendemos por disidencia el ejercicio de la libertad de expresi\u00f3n\u2013, y lo importante es concluir si ese dolor silenciar\u00e1 sus gritos con la venganza.<\/p>\n<p><img draggable=\"true\" alt=\"un simple accidente\" title=\"un simple accidente\" loading=\"lazy\" width=\"3840\" height=\"2880\" decoding=\"async\" data-nimg=\"1\" style=\"color:transparent;width:100%;height:auto;\"   src=\"https:\/\/www.europesays.com\/es\/wp-content\/uploads\/2025\/12\/un-simple-accidente-6951b555c7a13.jpg\" class=\"css-0 e1g79fud0\"\/><\/p>\n<p>La Aventura<\/p>\n<p data-journey-content=\"true\" data-node-id=\"55\" class=\"css-6wxqfj emevuu60\">\u00ab<strong data-node-id=\"55.1\">Es una pel\u00edcula en verdad combativa, una par\u00e1bola sorprendente por lo directo de su mensaje<\/strong>\u00ab, se lee en nuestra <a href=\"https:\/\/www.fotogramas.es\/peliculas-criticas\/a69066502\/un-simple-accidente-pelicula-critica-opinion\/\" data-vars-ga-outbound-link=\"https:\/\/www.fotogramas.es\/peliculas-criticas\/a69066502\/un-simple-accidente-pelicula-critica-opinion\/\" data-vars-ga-ux-element=\"Hyperlink\" data-vars-ga-call-to-action=\"cr\u00edtica de &#039;Un simple accidente&#039;\" data-node-id=\"55.3\" class=\"body-link css-d2so5l emevuu60\" rel=\"nofollow noopener\" target=\"_blank\">cr\u00edtica de &#8216;Un simple accidente&#8217;<\/a>. \u00abJafar Panahi lo demuestra no solo en el largo, dubitativo deambular de sus personajes, en el que se preocupa por humanizar algo tan siniestro como un secuestro, sino, sobre todo, en su escalofriante cl\u00edmax final\u00bb.<\/p>\n<p data-journey-content=\"true\" data-node-id=\"57\" class=\"body-tip css-1n723qz emevuu60\">&#8216;Un simple accidente&#8217; se sit\u00faa a esta altura del r\u00e1nking gracias a las puntuaciones de los cr\u00edticos de cine Ricardo Rosado y Laura P\u00e9rez.<\/p>\n<p><img draggable=\"true\" alt=\"un simple accidente\" title=\"un simple accidente\" loading=\"lazy\" width=\"3969\" height=\"5669\" decoding=\"async\" data-nimg=\"1\" style=\"color:transparent;width:100%;height:auto;\"   src=\"https:\/\/www.europesays.com\/es\/wp-content\/uploads\/2025\/12\/un-simple-accidente-poster-68f1df1f5b0fe.jpg\" class=\"css-0 e1g79fud0\"\/><\/p>\n<p>La Aventura Audiovisual<\/p>\n<p>5. &#8216;La voz de Hind&#8217; (Kaouther Ben Hania)<\/p>\n<p data-journey-content=\"true\" data-node-id=\"61\" class=\"css-6wxqfj emevuu60\">Cuando la directora tunecina Kaouther Ben Hania, nominada al Oscar por \u2018<a href=\"https:\/\/www.fotogramas.es\/peliculas-criticas\/a39660557\/hombre-que-vendio-su-piel-critica-pelicula\/\" target=\"_blank\" data-vars-ga-outbound-link=\"https:\/\/www.fotogramas.es\/peliculas-criticas\/a39660557\/hombre-que-vendio-su-piel-critica-pelicula\/\" data-vars-ga-ux-element=\"Hyperlink\" data-vars-ga-call-to-action=\"El hombre que vendi\u00f3 su piel\" data-node-id=\"61.1\" data-mrf-link=\"https:\/\/www.fotogramas.es\/peliculas-criticas\/a39660557\/hombre-que-vendio-su-piel-critica-pelicula\/\" class=\"body-link css-d2so5l emevuu60\" rel=\"nofollow noopener\">El hombre que vendi\u00f3 su piel<\/a>\u2019 (2020) y \u2018<a href=\"https:\/\/www.fotogramas.es\/peliculas-criticas\/a46692085\/las-cuatro-hijas-critica-pelicula\/\" target=\"_blank\" data-vars-ga-outbound-link=\"https:\/\/www.fotogramas.es\/peliculas-criticas\/a46692085\/las-cuatro-hijas-critica-pelicula\/\" data-vars-ga-ux-element=\"Hyperlink\" data-vars-ga-call-to-action=\"Las cuatro hijas\" data-node-id=\"61.3\" data-mrf-link=\"https:\/\/www.fotogramas.es\/peliculas-criticas\/a46692085\/las-cuatro-hijas-critica-pelicula\/\" class=\"body-link css-d2so5l emevuu60\" rel=\"nofollow noopener\">Las cuatro hijas<\/a>\u2019 (2023), se encontraba promocionando esta \u00faltima en Los \u00c1ngeles, supo del asesinato de Hind Rajab, una ni\u00f1a de seis a\u00f1os que hu\u00eda con parte de su familia despu\u00e9s de que el ej\u00e9rcito de Israel ordenara evacuar la zona donde viv\u00eda, al norte de Gaza. El coche en el que viajaba hab\u00eda sido alcanzado por las balas y ella, la \u00fanica superviviente, estaba atrapada en su interior rodeada de tanques. Varios medios difundieron fragmentos de sus llamadas telef\u00f3nicas pidiendo auxilio y la cineasta dej\u00f3 todo lo que estaba haciendo para ponerse en contacto con la Media Luna Roja de Palestina, que conservaba la grabaci\u00f3n completa.<\/p>\n<p><img draggable=\"true\" alt=\"la voz de hind\" title=\"la voz de hind\" loading=\"lazy\" width=\"3051\" height=\"1716\" decoding=\"async\" data-nimg=\"1\" style=\"color:transparent;width:100%;height:auto;\"   src=\"https:\/\/www.europesays.com\/es\/wp-content\/uploads\/2025\/12\/la-voz-de-hind-6951b78e3deeb.jpg\" class=\"css-0 e1g79fud0\"\/><\/p>\n<p>Caramel Films<\/p>\n<p data-journey-content=\"true\" data-node-id=\"64\" class=\"css-6wxqfj emevuu60\">\u00ab<strong data-node-id=\"64.1\">La pel\u00edcula vuela en lo m\u00e1s alto, se vale de diferentes elementos para mantener la tensi\u00f3n y seguir ese intento de rescate ag\u00f3nico que tan solo estaba a ocho minutos de ella<\/strong>\u00ab, destaca la cr\u00edtica de &#8216;La voz de Hind&#8217;.<\/p>\n<p data-journey-content=\"true\" data-node-id=\"66\" class=\"body-tip css-1n723qz emevuu60\">Nuestro director digital, Juan Silvestre, ha elegido &#8216;La voz de Hind&#8217; como la mejor pel\u00edcula de 2025.<\/p>\n<p><img draggable=\"true\" alt=\"la voz de hind\" title=\"la voz de hind\" loading=\"lazy\" width=\"2000\" height=\"2800\" decoding=\"async\" data-nimg=\"1\" style=\"color:transparent;width:100%;height:auto;\"   src=\"https:\/\/www.europesays.com\/es\/wp-content\/uploads\/2025\/12\/la-voz-de-hind-pelicula-poster-692887d66c2b7.jpg\" class=\"css-0 e1g79fud0\"\/><\/p>\n<p>Caramel Films<\/p>\n<p>4. &#8216;Valor sentimental&#8217; (Joachim Trier)<\/p>\n<p data-journey-content=\"true\" data-node-id=\"70\" class=\"css-6wxqfj emevuu60\">\u00abEn su aparatoso y endiablado arranque, la pel\u00edcula fija las dos coordenadas esenciales de su itinerario formal\u00bb, explica nuestra <a href=\"https:\/\/www.fotogramas.es\/peliculas-criticas\/a64859306\/valor-sentimental-pelicula-critica-opinion\/\" data-vars-ga-outbound-link=\"https:\/\/www.fotogramas.es\/peliculas-criticas\/a64859306\/valor-sentimental-pelicula-critica-opinion\/\" data-vars-ga-ux-element=\"Hyperlink\" data-vars-ga-call-to-action=\"cr\u00edtica de &#039;Valor sentimental&#039;\" data-node-id=\"70.1\" class=\"body-link css-d2so5l emevuu60\" rel=\"nofollow noopener\" target=\"_blank\">cr\u00edtica de &#8216;Valor sentimental&#8217;<\/a>, donde <strong data-node-id=\"70.3\">el director Joaquim Trier pone en escena, mediante un fren\u00e9tico montaje, el retrato impresionista de la historia de una casa<\/strong>. Las im\u00e1genes de diferentes peri\u00f3dicos hist\u00f3ricos aluden a la memoria de ese espacio dom\u00e9stico, como si estuvi\u00e9semos ante una versi\u00f3n arty de lo que propon\u00eda Robert Zemeckis en la reciente &#8216;Here&#8217;.<\/p>\n<p><img draggable=\"true\" alt=\"valor sentimental\" title=\"valor sentimental\" loading=\"lazy\" width=\"3840\" height=\"2160\" decoding=\"async\" data-nimg=\"1\" style=\"color:transparent;width:100%;height:auto;\"   src=\"https:\/\/www.europesays.com\/es\/wp-content\/uploads\/2025\/12\/valor-sentimental-6951b901c8f72.jpg\" class=\"css-0 e1g79fud0\"\/><\/p>\n<p>El\u00e1stica Films<\/p>\n<p data-journey-content=\"true\" data-node-id=\"73\" class=\"css-6wxqfj emevuu60\">De esta manera, el autor de \u2018Thelma\u2019 presenta el escenario principal de la pel\u00edcula, una antigua casa familiar, y tambi\u00e9n un arco hist\u00f3rico que abarca a varias generaciones. <\/p>\n<p data-journey-content=\"true\" data-node-id=\"75\" class=\"body-tip css-1n723qz emevuu60\">&#8216;Valor sentimental&#8217; ha sido elegida como la mejor pel\u00edcula del a\u00f1o por nuestro cr\u00edtico de cine Juan Pando.<\/p>\n<p><img draggable=\"true\" alt=\"valor sentimental pelicula poster\" title=\"valor sentimental pelicula poster\" loading=\"lazy\" width=\"2000\" height=\"2857\" decoding=\"async\" data-nimg=\"1\" style=\"color:transparent;width:100%;height:auto;\"   src=\"https:\/\/www.europesays.com\/es\/wp-content\/uploads\/2025\/12\/valor-sentimental-pelicula-poster-692dab9ea8fbc.jpg\" class=\"css-0 e1g79fud0\"\/><\/p>\n<p>El\u00e1stica Films<\/p>\n<p>3. &#8216;Maspalomas&#8217; (Jos\u00e9 Mari Goenaga, Aitor Arregi)<\/p>\n<p data-journey-content=\"true\" data-node-id=\"79\" class=\"css-6wxqfj emevuu60\">Jose Mari Goenaga y Aitor Arregi, dos tercios del tr\u00edo Moriarti que cierra Jon Gara\u00f1o, han sido los responsables de &#8216;Maspalomas&#8217;, la historia de un hombre de 76 a\u00f1os que, pese a llevar la vida que desea en en la costa canaria, es obligado a ingresar en una residencia en San Sebasti\u00e1n y a reencontrarse con su hija, a quien abandon\u00f3 a\u00f1os atr\u00e1s. All\u00ed se ver\u00e1 empujado a volver al armario y a ocultar una parte de s\u00ed mismo que cre\u00eda resuelta mientras descubre si a\u00fan est\u00e1 a tiempo de reconciliarse con los dem\u00e1s y consigo mismo.<\/p>\n<p><img draggable=\"true\" alt=\"maspalomas\" title=\"maspalomas\" loading=\"lazy\" width=\"3996\" height=\"2160\" decoding=\"async\" data-nimg=\"1\" style=\"color:transparent;width:100%;height:auto;\"   src=\"https:\/\/www.europesays.com\/es\/wp-content\/uploads\/2025\/12\/maspalomas-6-6951b814b182a.jpg\" class=\"css-0 e1g79fud0\"\/><\/p>\n<p>BTEAM Pictures<\/p>\n<p data-journey-content=\"true\" data-node-id=\"82\" class=\"css-6wxqfj emevuu60\">\u00abUn canto a la esperanza, a <strong data-node-id=\"82.1\">la posibilidad de aceptarse en cualquier momento de la vida y de superar las reca\u00eddas las veces que sea necesario<\/strong>\u00ab, subraya nuestra <a href=\"https:\/\/www.fotogramas.es\/peliculas-criticas\/a67983713\/maspalomas-critica-pelicula-moriarti\/\" data-vars-ga-outbound-link=\"https:\/\/www.fotogramas.es\/peliculas-criticas\/a67983713\/maspalomas-critica-pelicula-moriarti\/\" data-vars-ga-ux-element=\"Hyperlink\" data-vars-ga-call-to-action=\"cr\u00edtica de &#039;Maspalomas&#039;\" data-node-id=\"82.3\" class=\"body-link css-d2so5l emevuu60\" rel=\"nofollow noopener\" target=\"_blank\">cr\u00edtica de &#8216;Maspalomas&#8217;<\/a>.<\/p>\n<p data-journey-content=\"true\" data-node-id=\"84\" class=\"body-tip css-1n723qz emevuu60\">La directora de Fotogramas, Julieta Martialay, ha elegido &#8216;Maspalomas&#8217; como la mejor pel\u00edcula de 2025.<\/p>\n<p><img draggable=\"true\" alt=\"maspalomas\" title=\"maspalomas\" loading=\"lazy\" width=\"1350\" height=\"1920\" decoding=\"async\" data-nimg=\"1\" style=\"color:transparent;width:100%;height:auto;\"   src=\"https:\/\/www.europesays.com\/es\/wp-content\/uploads\/2025\/08\/maspalomas-poster-pelicula-68a2f4a81415a.jpg\" class=\"css-0 e1g79fud0\"\/><\/p>\n<p>BTEAM Pictures<\/p>\n<p>2. &#8216;Los domingos&#8217; (Alauda Ruiz de Az\u00faa)<\/p>\n<p data-journey-content=\"true\" data-node-id=\"88\" class=\"css-6wxqfj emevuu60\">El <a href=\"https:\/\/www.fotogramas.es\/festival-de-san-sebastian\/\" data-vars-ga-outbound-link=\"https:\/\/www.fotogramas.es\/festival-de-san-sebastian\/\" data-vars-ga-ux-element=\"Hyperlink\" data-vars-ga-call-to-action=\"Festival de San Sebasti\u00e1n\" data-node-id=\"88.1\" data-mrf-link=\"https:\/\/www.fotogramas.es\/festival-de-san-sebastian\/\" class=\"body-link css-d2so5l emevuu60\" rel=\"nofollow noopener\" target=\"_blank\">Festival de San Sebasti\u00e1n<\/a> 2025 cerr\u00f3 por todo lo alto otorgando la codiciada <strong data-node-id=\"88.3\">Concha de Oro a la mejor pel\u00edcula a &#8216;Los domingos&#8217;, constataci\u00f3n del talento narrativo de Alauda Ruiz de Az\u00faa<\/strong> que, tras los aplausos recibidos con &#8216;Cinco lobitos&#8217; (2022) y la serie &#8216;Querer&#8217; (2024), firma una pel\u00edcula imprescindible, un relato magn\u00e9tico en el que conocemos la historia de Ainara, una estudiante idealista y brillante que, con 17 a\u00f1os, provoca un cisma en su familia cuando plantea abrazar la vida de monja de clausura.<\/p>\n<p><img draggable=\"true\" alt=\"nagore aranburu los domingos\" title=\"nagore aranburu los domingos\" loading=\"lazy\" width=\"3500\" height=\"2334\" decoding=\"async\" data-nimg=\"1\" style=\"color:transparent;width:100%;height:auto;\"   src=\"https:\/\/www.europesays.com\/es\/wp-content\/uploads\/2025\/12\/nagore-aranburu-los-domingos-68fa0aa18aa4b.jpg\" class=\"css-0 e1g79fud0\"\/><\/p>\n<p>BTEAM Pictures<\/p>\n<p data-journey-content=\"true\" data-node-id=\"91\" class=\"css-6wxqfj emevuu60\">\u00abEs <strong data-node-id=\"91.1\">una obra extremadamente compleja que se cuenta desde una transparencia inaudita<\/strong>\u00ab, explica nuestra <a href=\"https:\/\/www.fotogramas.es\/peliculas-criticas\/a67994261\/los-domingos-critica-pelicula-concha-de-oro-san-sebastian\/\" data-vars-ga-outbound-link=\"https:\/\/www.fotogramas.es\/peliculas-criticas\/a67994261\/los-domingos-critica-pelicula-concha-de-oro-san-sebastian\/\" data-vars-ga-ux-element=\"Hyperlink\" data-vars-ga-call-to-action=\"cr\u00edtica de &#039;Los domingos&#039;\" data-node-id=\"91.3\" class=\"body-link css-d2so5l emevuu60\" rel=\"nofollow noopener\" target=\"_blank\">cr\u00edtica de &#8216;Los domingos&#8217;<\/a>. \u00abEst\u00e1 repleta de detalles, de una austeridad que esconde una precisi\u00f3n en cada encuadre que alcanza unos niveles de depuraci\u00f3n exquisitos\u00bb.<\/p>\n<p data-journey-content=\"true\" data-node-id=\"93\" class=\"body-tip css-1n723qz emevuu60\">&#8216;Los domingos&#8217; ha sido elegida por el cr\u00edtico de cine Fran Chico como la mejor pel\u00edcula del a\u00f1o.<\/p>\n<p><img draggable=\"true\" alt=\"cartel los domingos\" title=\"cartel los domingos\" loading=\"lazy\" width=\"1984\" height=\"2835\" decoding=\"async\" data-nimg=\"1\" style=\"color:transparent;width:100%;height:auto;\"   src=\"https:\/\/www.europesays.com\/es\/wp-content\/uploads\/2025\/09\/cartel70x100-losdomingos-fecha-68d0fa93f2bbd.jpg\" class=\"css-0 e1g79fud0\"\/><\/p>\n<p>cedida distribuidora<\/p>\n<p>1. &#8216;Una batalla tras otra&#8217; (Paul Thomas Anderson)<\/p>\n<p data-journey-content=\"true\" data-node-id=\"97\" class=\"css-6wxqfj emevuu60\"><strong data-node-id=\"97.0\">&#8216;Una batalla tras otra&#8217; encierra dos pel\u00edculas en una (aunque podr\u00edan ser muchas m\u00e1s).<\/strong> Una comienza en un centro de detenci\u00f3n de inmigrantes en la frontera con M\u00e9xico donde act\u00faa un violento grupo revolucionario que siembra el caos en las calles. Solo por el nivel de acci\u00f3n y la persecuci\u00f3n que vemos en este arranque merece la pena sentarse ante la pantalla. Y es solo el principio. La otra parte tiene lugar 16 a\u00f1os despu\u00e9s. \u00abEl mundo ha cambiado poco\u00bb, dice uno de los personajes. Pero los que antes eran rebeldes ahora se hacen llamar la resistencia. Han perdido la batalla y las \u00e9lites blancas supremacistas copan el poder.<\/p>\n<p><img draggable=\"true\" alt=\"una batalla tras otra\" title=\"una batalla tras otra\" loading=\"lazy\" width=\"3840\" height=\"4160\" decoding=\"async\" data-nimg=\"1\" style=\"color:transparent;width:100%;height:auto;\"   src=\"https:\/\/www.europesays.com\/es\/wp-content\/uploads\/2025\/12\/una-batalla-tras-otra-pelicula-hbo-max-estreno-694875ed42458.jpg\" class=\"css-0 e1g79fud0\"\/><\/p>\n<p>Warner Bros.<\/p>\n<p data-journey-content=\"true\" data-node-id=\"100\" class=\"css-6wxqfj emevuu60\"><a href=\"https:\/\/www.fotogramas.es\/noticias-cine\/a68130571\/una-batalla-tras-otra-eddington-pelicula-watchmen-serie-estados-unidos-final-caida-imperio\/\" data-vars-ga-outbound-link=\"https:\/\/www.fotogramas.es\/noticias-cine\/a68130571\/una-batalla-tras-otra-eddington-pelicula-watchmen-serie-estados-unidos-final-caida-imperio\/\" data-vars-ga-ux-element=\"Hyperlink\" data-vars-ga-call-to-action=\"El final de Estados Unidos seg\u00fan &#039;Una batalla tras otra&#039; se asemeja al de &#039;Eddington&#039;\" data-node-id=\"100.0\" class=\"body-link css-d2so5l emevuu60\" rel=\"nofollow noopener\" target=\"_blank\">El final de Estados Unidos seg\u00fan &#8216;Una batalla tras otra&#8217; se asemeja al de &#8216;Eddington&#8217;<\/a>, dos western para entender la ca\u00edda de un imperio gracias a dos cineastas que relatan en directo lo que ocurre en cada momento hist\u00f3rico y nosotros, como espectadores, estamos invitados a entender mejor nuestro presente a trav\u00e9s de la cultura. Si servir\u00e1 de algo o no, eso ya lo veremos en una pel\u00edcula m\u00e1s adelante.<\/p>\n<p data-journey-content=\"true\" data-node-id=\"102\" class=\"body-tip css-1n723qz emevuu60\">El redactor jefe de la revista en papel, Roger Salvans, los cr\u00edticos de cine Ricardo Rosado y Laura P\u00e9rez y las redactoras Coral Chamorro y Mar\u00eda Juesas han elegido &#8216;Una batalla tras otra&#8217; como la mejor pel\u00edcula de 2025.<\/p>\n<p><img draggable=\"true\" alt=\"una batalla tras otra\" title=\"una batalla tras otra\" loading=\"lazy\" width=\"2000\" height=\"3000\" decoding=\"async\" data-nimg=\"1\" style=\"color:transparent;width:100%;height:auto;\"   src=\"https:\/\/www.europesays.com\/es\/wp-content\/uploads\/2025\/12\/una-batalla-tras-otra-poster-6951b9e703e09.jpg\" class=\"css-0 e1g79fud0\"\/><\/p>\n<p>Warner Bros.<\/p>\n<p><img src=\"https:\/\/www.europesays.com\/es\/wp-content\/uploads\/2025\/12\/0dffbcb6-5990-48f6-96e1-86183ebacace_1691665397.file.png\" alt=\"Headshot of Redacci\u00f3n Fotogramas\" title=\"Headshot of Redacci\u00f3n Fotogramas\" width=\"100%\" height=\"100%\" decoding=\"async\" loading=\"lazy\" class=\"css-o0wq4v ev8dhu53\"\/><\/p>\n<p>Desde que lleg\u00f3 a los quioscos por primera vez, el 15 de noviembre de 1946, hace m\u00e1s de 75 a\u00f1os, FOTOGRAMAS se ha convertido en la publicaci\u00f3n de referencia en el \u00e1mbito del cine y el entretenimiento. Nuestro equipo de periodistas y cr\u00edticos cinematogr\u00e1ficos ofrecen, cada d\u00eda, la informaci\u00f3n m\u00e1s actualizada sobre los \u00faltimos estrenos de cartelera, las mejores pel\u00edculas y series que llegan a las plataformas y las cr\u00edticas firmadas por los nombres m\u00e1s prestigiosos del panorama audiovisual.\u00a0<\/p>\n<p>Adem\u00e1s de informaci\u00f3n, la redacci\u00f3n de FOTOGRAMAS te trae a diario completas y divertidas entrevistas a actores y directores nacionales e internacionales, los mejores an\u00e1lisis y curiosidades y diferentes clips, teasers y tr\u00e1ilers exclusivos para que no te pierdas nada. Todo esto son solo algunos de los contenidos que han colocado a FOTOGRAMAS como la primera revista de cine de Espa\u00f1a.\u00a0<\/p>\n<p>Pero nada de ello ser\u00eda posible sin un nutrido equipo de expertos colaboradores, cr\u00edticos y redactores que buscan y seleccionan las noticias de cine y series m\u00e1s relevantes del momento. El <a href=\"https:\/\/www.fotogramas.es\/informacion\/a22495266\/contacto\/\" rel=\"nofollow noopener\" target=\"_blank\">equipo de FOTOGRAMAS<\/a> est\u00e1 compuesto por:\u00a0<\/p>\n<p><a href=\"https:\/\/www.fotogramas.es\/author\/630003\/juan-silvestre\/\" rel=\"nofollow noopener\" target=\"_blank\">Juan Silvestre<\/a>: Director digital de Fotogramas\u00a0<\/p>\n<p><a href=\"https:\/\/www.fotogramas.es\/author\/630013\/javier-diazsalado\/\" rel=\"nofollow noopener\" target=\"_blank\">Javier D\u00edaz-Salado<\/a>: redactor jefe digital de Fotogramas\u00a0<\/p>\n<p><a href=\"https:\/\/www.fotogramas.es\/author\/630009\/ricardo-rosado\/\" rel=\"nofollow noopener\" target=\"_blank\">Ricardo Rosado<\/a>: redactor de Fotogramas<\/p>\n<p><a href=\"https:\/\/www.fotogramas.es\/author\/235591\/fran-chico\/\" rel=\"nofollow noopener\" target=\"_blank\">Fran Chico<\/a>: redactor de Fotogramas\u00a0<\/p>\n<p>Sergio Valverde: Community Manager de Fotogramas \u00a0<\/p>\n","protected":false},"excerpt":{"rendered":"&#8216;La zona de inter\u00e9s&#8217;, elegida mejor pel\u00edcula de 2024 seg\u00fan la redacci\u00f3n de Fotogramas, ya tiene sucesora: &#8216;Una&hellip;\n","protected":false},"author":2,"featured_media":311606,"comment_status":"","ping_status":"","sticky":false,"template":"","format":"standard","meta":{"footnotes":""},"categories":[169],"tags":[177,1180,146,147,25,24,176,175,8788,975,23],"class_list":{"0":"post-311605","1":"post","2":"type-post","3":"status-publish","4":"format-standard","5":"has-post-thumbnail","7":"category-cine","8":"tag-cine","9":"tag-editorial","10":"tag-entertainment","11":"tag-entretenimiento","12":"tag-es","13":"tag-espana","14":"tag-film","15":"tag-movies","16":"tag-prescripcion","17":"tag-seo","18":"tag-spain"},"share_on_mastodon":{"url":"https:\/\/pubeurope.com\/@es\/115801817675349546","error":""},"_links":{"self":[{"href":"https:\/\/www.europesays.com\/es\/wp-json\/wp\/v2\/posts\/311605","targetHints":{"allow":["GET"]}}],"collection":[{"href":"https:\/\/www.europesays.com\/es\/wp-json\/wp\/v2\/posts"}],"about":[{"href":"https:\/\/www.europesays.com\/es\/wp-json\/wp\/v2\/types\/post"}],"author":[{"embeddable":true,"href":"https:\/\/www.europesays.com\/es\/wp-json\/wp\/v2\/users\/2"}],"replies":[{"embeddable":true,"href":"https:\/\/www.europesays.com\/es\/wp-json\/wp\/v2\/comments?post=311605"}],"version-history":[{"count":0,"href":"https:\/\/www.europesays.com\/es\/wp-json\/wp\/v2\/posts\/311605\/revisions"}],"wp:featuredmedia":[{"embeddable":true,"href":"https:\/\/www.europesays.com\/es\/wp-json\/wp\/v2\/media\/311606"}],"wp:attachment":[{"href":"https:\/\/www.europesays.com\/es\/wp-json\/wp\/v2\/media?parent=311605"}],"wp:term":[{"taxonomy":"category","embeddable":true,"href":"https:\/\/www.europesays.com\/es\/wp-json\/wp\/v2\/categories?post=311605"},{"taxonomy":"post_tag","embeddable":true,"href":"https:\/\/www.europesays.com\/es\/wp-json\/wp\/v2\/tags?post=311605"}],"curies":[{"name":"wp","href":"https:\/\/api.w.org\/{rel}","templated":true}]}}