{"id":311621,"date":"2025-12-29T08:11:12","date_gmt":"2025-12-29T08:11:12","guid":{"rendered":"https:\/\/www.europesays.com\/es\/311621\/"},"modified":"2025-12-29T08:11:12","modified_gmt":"2025-12-29T08:11:12","slug":"temporal-de-lluvia-en-espana-en-directo-rios-desbordados-un-muerto-y-la-ultima-hora-de-los-dos-desaparecidos-la-razon","status":"publish","type":"post","link":"https:\/\/www.europesays.com\/es\/311621\/","title":{"rendered":"Temporal de lluvia en Espa\u00f1a, en directo: R\u00edos desbordados, un muerto y la \u00faltima hora de los dos desaparecidos &#8211; La Raz\u00f3n"},"content":{"rendered":"<ol>\n<li><a href=\"https:\/\/news.google.com\/rss\/articles\/CBMi6wFBVV95cUxPZWw2UmRQOUFxc251U3p2Rnk0UnVqR2xwX1RTOVN1MUZPcVVzWHhQNVZtUzVtMGRreVMyak5TOXV6SnRrb2FwU0tRWC1MZ2F5WlUwbV9KeVVVOXFBajVVSUR4cjJQTk9hSEd6TGZSWnZEakJET21RVlNiZjE3Z3FMMjF2bS1LaXNKOXlFQkNYR3ZJQlhqbUJETmx0ZmUzbF8ydDVsVjZzLUE1clhxMmRKeXoxQ1F6d1ZWQjU1UnBNcEwyVnBnWV9qVUxidmU0cTJCX21PTnA3bWxobHppWGFMRHdxUXZUU193ejM0?oc=5\" target=\"_blank\" rel=\"nofollow noopener\">Temporal de lluvia en Espa\u00f1a, en directo: R\u00edos desbordados, un muerto y la \u00faltima hora de los dos desaparecidos<\/a>&nbsp;&nbsp;La Raz\u00f3n<\/li>\n<li><a href=\"https:\/\/news.google.com\/rss\/articles\/CBMiggJBVV95cUxQM1FhbmpRaU9aNUIzNWtzbm5yTVBtdkhlWUplaVNsaWZwYkZSNXVlS2lRSS1LTG4xUXczd0xPOVZIN05tRjRXU1B3MVhob0pFYlhPV1o1dGg5dE1acjF2YkdJWWpPcHRaT0UxTVctanYyMlJleTVCT29UX2pPZ3UyLV9ZRnBUTVJmM1RTU0N6NTdzanFudl9uSWxvTTFDU2EyUU9SYVBDREhDWkVtUDRYSVVlck5iM2RlZ1hjeDIyLXYzSFBJdk5Mby16VkNpeTIyYmxvcGpRV01hSlpOLXZ5OTZLSi16U2d2UVpDYnlFRXBTZ1cwNDZxa1ZnOHpPdjlrTHc?oc=5\" target=\"_blank\" rel=\"nofollow noopener\">El temporal amaina tras provocar rescates y desalojos en Valencia y Andaluc\u00eda<\/a>&nbsp;&nbsp;EL PA\u00cdS<\/li>\n<li><a href=\"https:\/\/news.google.com\/rss\/articles\/CBMiygFBVV95cUxOeDlJSUI3clh0RUZMTzZLbndvdFdsWmdXNExMek9JUUJOWUlpaHRfelItRy1YUzBqQ2kzbkdxZkpzQWJ2ak43V0tTcC0wWVh1d1V2Tm1iNG8wbVNHWlVSaFhBNkVqYmxzYlBjZ0hsVGlLZkF1M1FsQXQ5aDN0YnlYV2V0MWM0d0dfcHFuMm54Zm9uaGVmODZSTlBZTnBWM0lZUlJwTTZVOHM1Y1pLdi1LQmxmaURaVnBHcEVoYURhOWtyOVZJNWp0cEZ3?oc=5\" target=\"_blank\" rel=\"nofollow noopener\">El temporal se cobra una v\u00edctima mortal en M\u00e1laga y deja varias provincias en aviso rojo<\/a>&nbsp;&nbsp;EL PA\u00cdS<\/li>\n<li><a href=\"https:\/\/news.google.com\/rss\/articles\/CBMirAFBVV95cUxPODZfZXRYS19sdDBRUUxBMkFqUTBRWVV1djdvUjlPUkhXZEhLU19KYjZqZkkxQ2FFaE5UWDAyQlBoVUhqQ2NUUkp0Wi03bjk4Tk81WVc5V1p2b0RHVlRxLWJlMk5YMGR4NnB5Zko0aGdOZlVxU3F1dTlBbXF5ZGY5dHRFTTBHbkhDQTZCVzVkNDRjY2ZiVFBTOTNncWVVRXVWVWVPVlZBWDBQcm5I?oc=5\" target=\"_blank\" rel=\"nofollow noopener\">Hallan sin vida a uno de los dos vecinos desaparecidos tras ser arrastrados por la corriente en Alhaur\u00edn el Grande<\/a>&nbsp;&nbsp;Diario Sur<\/li>\n<li><a href=\"https:\/\/news.google.com\/rss\/articles\/CBMiugFBVV95cUxPaGl2R2sxZVZKaGRlQWtGOENmUVpNRWxsNDVZVlV2N2VwV0FXLXBrWWdmbVdDWVJBaTBGbDRNQkh4a2ZJdHR0VU1YakJMb3JqYWVNVUNIMFczWGlMeTB3ejdFRHRwTDhOYWRRNmZGOXIxd2RYcnppVjYxSmw3ZWZyQTdSaWtqeXFlWnhxZWpVMlcxOHI1R1hsN1J0ay1QNjAyX01xR2RaVTNZajZuX3ZsTEpmZnNjWV9qRGc?oc=5\" target=\"_blank\" rel=\"nofollow noopener\">El temporal deja dos desaparecidos, un muerto y medio millar de incidencias en Andaluc\u00eda<\/a>&nbsp;&nbsp;ABC<\/li>\n<\/ol>\n","protected":false},"excerpt":{"rendered":"Temporal de lluvia en Espa\u00f1a, en directo: R\u00edos desbordados, un muerto y la \u00faltima hora de los dos&hellip;\n","protected":false},"author":2,"featured_media":311622,"comment_status":"","ping_status":"","sticky":false,"template":"","format":"standard","meta":{"footnotes":""},"categories":[5],"tags":[17,18,25,24,13,14,11,19,20,9,10,15,16,23,12,21,22],"class_list":{"0":"post-311621","1":"post","2":"type-post","3":"status-publish","4":"format-standard","5":"has-post-thumbnail","7":"category-titulares","8":"tag-breaking-news","9":"tag-breakingnews","10":"tag-es","11":"tag-espana","12":"tag-featured-news","13":"tag-featurednews","14":"tag-headlines","15":"tag-latest-news","16":"tag-latestnews","17":"tag-news","18":"tag-noticias","19":"tag-noticias-destacadas","20":"tag-noticiasdestacadas","21":"tag-spain","22":"tag-titulares","23":"tag-ultimas-noticias","24":"tag-ultimasnoticias"},"share_on_mastodon":{"url":"https:\/\/pubeurope.com\/@es\/115801848732581618","error":""},"_links":{"self":[{"href":"https:\/\/www.europesays.com\/es\/wp-json\/wp\/v2\/posts\/311621","targetHints":{"allow":["GET"]}}],"collection":[{"href":"https:\/\/www.europesays.com\/es\/wp-json\/wp\/v2\/posts"}],"about":[{"href":"https:\/\/www.europesays.com\/es\/wp-json\/wp\/v2\/types\/post"}],"author":[{"embeddable":true,"href":"https:\/\/www.europesays.com\/es\/wp-json\/wp\/v2\/users\/2"}],"replies":[{"embeddable":true,"href":"https:\/\/www.europesays.com\/es\/wp-json\/wp\/v2\/comments?post=311621"}],"version-history":[{"count":0,"href":"https:\/\/www.europesays.com\/es\/wp-json\/wp\/v2\/posts\/311621\/revisions"}],"wp:featuredmedia":[{"embeddable":true,"href":"https:\/\/www.europesays.com\/es\/wp-json\/wp\/v2\/media\/311622"}],"wp:attachment":[{"href":"https:\/\/www.europesays.com\/es\/wp-json\/wp\/v2\/media?parent=311621"}],"wp:term":[{"taxonomy":"category","embeddable":true,"href":"https:\/\/www.europesays.com\/es\/wp-json\/wp\/v2\/categories?post=311621"},{"taxonomy":"post_tag","embeddable":true,"href":"https:\/\/www.europesays.com\/es\/wp-json\/wp\/v2\/tags?post=311621"}],"curies":[{"name":"wp","href":"https:\/\/api.w.org\/{rel}","templated":true}]}}