{"id":311631,"date":"2025-12-29T08:20:11","date_gmt":"2025-12-29T08:20:11","guid":{"rendered":"https:\/\/www.europesays.com\/es\/311631\/"},"modified":"2025-12-29T08:20:11","modified_gmt":"2025-12-29T08:20:11","slug":"valentin-gomez-la-revelacion-del-betis-que-ya-desata-pasiones-en-europa","status":"publish","type":"post","link":"https:\/\/www.europesays.com\/es\/311631\/","title":{"rendered":"Valent\u00edn G\u00f3mez, la revelaci\u00f3n del Betis que ya desata pasiones en Europa"},"content":{"rendered":"<p style=\"\">Fue una apuesta decidida de la direcci\u00f3n deportiva de <strong>Manu Fajardo<\/strong> y en apenas media temporada puede asegurarse ya que los t\u00e9cnicos verdiblancos dieron en la diana. <strong>Valent\u00edn G\u00f3mez<\/strong> se ha adaptado en tiempo r\u00e9cord al ecosistema de LaLiga y a la exigencias  &#8230; t\u00e1cticas de <strong>Manuel Pellegrini<\/strong>. El zaguero argentino es una de las grandes noticias para el <strong>Betis<\/strong> en lo que va de curso. Con s\u00f3lo 22 a\u00f1os, y desde su notable personalidad y car\u00e1cter dentro del campo, Valent\u00edn ha convencido al cuerpo t\u00e9cnico y a la afici\u00f3n verdiblanca.<\/p>\n<p class=\"voc-p\" style=\"\">Su polivalencia ha sido tambi\u00e9n clave, permiti\u00e9ndole escalar hasta la cuarta posici\u00f3n en la lista de los futbolistas m\u00e1s utilizados por el t\u00e9cnico chileno en esta 2025-26, algo tremendamente llamativo para un futbolista tan joven que vive su primera experiencia en Europa y en los niveles competitivos en los que se mueve actualmente el Real Betis. El defensor supo aprovechar las ausencias de <strong>Marc Bartra y Diego Llorente<\/strong> en el eje de la zaga para asentarse en el once y posteriormente su versatilidad le abri\u00f3 las puertas del carril zurdo de la defensa, donde para muchos mejora incluso a los especialistas <strong>Ricardo Rodr\u00edguez y Junior<\/strong>.<\/p>\n<p class=\"voc-p\" style=\"\">Mientras, su cotizaci\u00f3n, como es l\u00f3gico, sube como la espuma. P\u00e1ginas como Transfermarkt lo tasan ya en 12 millones de euros, al nivel de todo un pelotero como <strong>Sofyan Amrabat<\/strong> asentado en Europa. Valent\u00edn es el \u00fanico menor de 23 a\u00f1os que supera la barrera de los 10 millones de euros en la entidad verdiblanca.<\/p>\n<p class=\"voc-p\" style=\"\">Su rendimiento hace ruido en el escaparate internacional, una vez que ha demostrado estar m\u00e1s que capacitado para competir al m\u00e1ximo nivel en el Viejo Continente. A ello, Valent\u00edn suma las otras dos virtudes caras del f\u00fatbol: <strong>versatilidad y juventud<\/strong>. Todo despierta un creciente inter\u00e9s de clubes punteros de las grandes ligas europeas. El central se perfila como un potencial fil\u00f3n econ\u00f3mico para el Betis, que pag\u00f3 en verano 5,3 millones de euros por el 90 por ciento de su pase a V\u00e9lez Sarsfield.<\/p>\n","protected":false},"excerpt":{"rendered":"Fue una apuesta decidida de la direcci\u00f3n deportiva de Manu Fajardo y en apenas media temporada puede asegurarse&hellip;\n","protected":false},"author":2,"featured_media":311632,"comment_status":"","ping_status":"","sticky":false,"template":"","format":"standard","meta":{"footnotes":""},"categories":[268],"tags":[34392,291,168,25,24,700,280,282,4190,73282,18710,73281,8315,281,23,167,4189],"class_list":{"0":"post-311631","1":"post","2":"type-post","3":"status-publish","4":"format-standard","5":"has-post-thumbnail","7":"category-futbol","8":"tag-agita","9":"tag-betis","10":"tag-deportes","11":"tag-es","12":"tag-espana","13":"tag-europa","14":"tag-football","15":"tag-futbol","16":"tag-gomez","17":"tag-heliopolis","18":"tag-miradas","19":"tag-revaloriza","20":"tag-revelacion","21":"tag-soccer","22":"tag-spain","23":"tag-sports","24":"tag-valentin"},"share_on_mastodon":{"url":"https:\/\/pubeurope.com\/@es\/115801884242089648","error":""},"_links":{"self":[{"href":"https:\/\/www.europesays.com\/es\/wp-json\/wp\/v2\/posts\/311631","targetHints":{"allow":["GET"]}}],"collection":[{"href":"https:\/\/www.europesays.com\/es\/wp-json\/wp\/v2\/posts"}],"about":[{"href":"https:\/\/www.europesays.com\/es\/wp-json\/wp\/v2\/types\/post"}],"author":[{"embeddable":true,"href":"https:\/\/www.europesays.com\/es\/wp-json\/wp\/v2\/users\/2"}],"replies":[{"embeddable":true,"href":"https:\/\/www.europesays.com\/es\/wp-json\/wp\/v2\/comments?post=311631"}],"version-history":[{"count":0,"href":"https:\/\/www.europesays.com\/es\/wp-json\/wp\/v2\/posts\/311631\/revisions"}],"wp:featuredmedia":[{"embeddable":true,"href":"https:\/\/www.europesays.com\/es\/wp-json\/wp\/v2\/media\/311632"}],"wp:attachment":[{"href":"https:\/\/www.europesays.com\/es\/wp-json\/wp\/v2\/media?parent=311631"}],"wp:term":[{"taxonomy":"category","embeddable":true,"href":"https:\/\/www.europesays.com\/es\/wp-json\/wp\/v2\/categories?post=311631"},{"taxonomy":"post_tag","embeddable":true,"href":"https:\/\/www.europesays.com\/es\/wp-json\/wp\/v2\/tags?post=311631"}],"curies":[{"name":"wp","href":"https:\/\/api.w.org\/{rel}","templated":true}]}}