{"id":311654,"date":"2025-12-29T08:34:15","date_gmt":"2025-12-29T08:34:15","guid":{"rendered":"https:\/\/www.europesays.com\/es\/311654\/"},"modified":"2025-12-29T08:34:15","modified_gmt":"2025-12-29T08:34:15","slug":"el-primer-ministro-nacionalista-de-kosovo-vence-con-claridad-en-las-elecciones-anticipadas","status":"publish","type":"post","link":"https:\/\/www.europesays.com\/es\/311654\/","title":{"rendered":"El primer ministro nacionalista de Kosovo vence con claridad en las elecciones anticipadas"},"content":{"rendered":"<p class=\"article-text\">\n        La nacionalista formaci\u00f3n &#8216;Autodeterminaci\u00f3n&#8217; (Vet\u00ebvendosje), del primer ministro en funciones Albin Kurti, ha ganado con claridad las elecciones anticipadas de Kosovo al sumar el 49% de los votos, con el 93,43% de las papeletas escrutadas, seg\u00fan la Comisi\u00f3n Electoral Central.\n    <\/p>\n<p>    <a href=\"https:\/\/www.eldiario.es\/internacional\/partido-derecha-populista-presidente-vucic-proclama-victoria-elecciones-legislativas-serbia_1_10774880.html\" data-mrf-recirculation=\"saber-mas\" data-dl-event=\"saber-mas\" rel=\"nofollow noopener\" target=\"_blank\"><\/p>\n<p class=\"know-more__title\">El partido de derecha populista del presidente Vucic proclama la victoria en las elecciones legislativas en Serbia<\/p>\n<p>            <img decoding=\"async\" class=\"lazy\" loading=\"lazy\" data-src=\"https:\/\/static.eldiario.es\/clip\/6b60d9af-ba2b-4135-a755-f26c0bf14343_16-9-aspect-ratio_default_0.jpg\" src=\"data:image\/svg+xml,%3Csvg xmlns=\" http:=\"\" viewbox=\"0 0 880 495\" alt=\"El partido de derecha populista del presidente Vucic proclama la victoria en las elecciones legislativas en Serbia\"\/><\/p>\n<p>                        <\/a><\/p>\n<p class=\"article-text\">\n        En segundo lugar se sit\u00faa \u2014con ese nivel de escrutinio\u2014 el opositor Partido Democr\u00e1tico de Kosovo (PDK) con el 21%, seguido por la Liga Democr\u00e1tica de Kosovo (LDK) con el 13,9% y la Alianza para el Futuro de Kosovo (AAK) con el 5,8%.\n    <\/p>\n<p class=\"article-text\">\n        El resultado supone para &#8216;Autodeterminaci\u00f3n&#8217; mejorar sus resultados de las elecciones de febrero, cuando sum\u00f3 el 42,3%, al tiempo que la oposici\u00f3n de forma general ha visto reducidos sus apoyos.\n    <\/p>\n<p class=\"article-text\">\n        Veinte esca\u00f1os est\u00e1n reservados para las minor\u00edas \u00e9tnicas de la antigua provincia serbia, que proclam\u00f3 su independencia en febrero de 2008, diez de ellos para los serbokosovares y el resto para otros, como roman\u00edes y bosniacos.\n    <\/p>\n<p class=\"article-text\">\n        Kosovo est\u00e1 inmerso en una par\u00e1lisis pol\u00edtica desde febrero, cuando la formaci\u00f3n nacionalista en el poder perdi\u00f3 la mayor\u00eda absoluta que hab\u00eda conseguido en 2021 y no logr\u00f3 el apoyo de ninguna otra fuerza para formar Gobierno.\n    <\/p>\n<p class=\"article-text\">\n        El reparto de esca\u00f1os en el Parlamento ser\u00e1 fundamental para saber si &#8216;Autodeterminaci\u00f3n&#8217; queda ahora cerca de la mayor\u00eda absoluta y puede gobernar con apoyo de los diputados de las minor\u00edas, salvo la serbokosovar.\n    <\/p>\n<p class=\"article-text\">\n        \u201cEn esta situaci\u00f3n todos los escenarios son posibles. El pa\u00eds puede incluso ir a nuevas elecciones anticipadas en abril\u201d, indic\u00f3 el analista Berat Buzhall en la televisi\u00f3n Klan Kosova.\n    <\/p>\n<p class=\"article-text\">\n        La Comisi\u00f3n Electoral Central cifr\u00f3 la participaci\u00f3n en el 45 %, inferior en dos puntos a la de febrero, y asegur\u00f3 que la votaci\u00f3n se desarroll\u00f3 sin incidentes de importancia.\n    <\/p>\n<p class=\"article-text\">\n        Estas han sido las s\u00e9ptimas elecciones legislativas celebradas en Kosovo desde su independencia unilateral, una decisi\u00f3n que no ha sido reconocida por Serbia ni por cinco estado de la Uni\u00f3n Europea (UE): Espa\u00f1a, Ruman\u00eda, Grecia, Eslovaquia y Chipre.\n    <\/p>\n<p class=\"article-text\">\n        La votaci\u00f3n se produce en medio de un repunte de las tensiones con Serbia desde 2021 y de la fricci\u00f3n de Kurti con la Uni\u00f3n Europea (UE) y Estados Unidos, principales aliados de Kosovo, un factor que contribuy\u00f3 a que no encontrara socios de gobierno.\n    <\/p>\n<p class=\"article-text\">\n        Bruselas y Washington consideran que la pol\u00edtica de mano dura de Kurti para reducir la influencia de Belgrado entre la minor\u00eda serbia de Kosovo aumenta la tensi\u00f3n y, adem\u00e1s, le reprochan que no haya creado una prometida comunidad de municipios serbios, con cierta autonom\u00eda.\n    <\/p>\n<p class=\"article-text\">\n        La UE espera un Gobierno dispuesto a reactivar el di\u00e1logo de normalizaci\u00f3n con Belgrado, una condici\u00f3n para que tanto Serbia como Kosovo avancen en su camino hacia la integraci\u00f3n en el bloque comunitario.\n    <\/p>\n<p class=\"article-text\">\n        En 2023, la Comisi\u00f3n Europea impuso sanciones diplom\u00e1ticas y congel\u00f3 fondos para Kosovo, pero la presidenta del ejecutivo comunitario, Ursula von der Leyen, prometi\u00f3 este mes que se retomar\u00eda la ayuda financiera.\n    <\/p>\n<p class=\"article-text\">\n        Pero si el Parlamento vuelve a ser incapaz de formar Gobierno, Kosovo se arriesga a perder el acceso a los fondos del Plan de Crecimiento de la UE para los Balcanes Occidentales, dotado con 6.000 millones de euros, ya que su desembolso est\u00e1 condicionado a la aplicaci\u00f3n de reformas.\n    <\/p>\n","protected":false},"excerpt":{"rendered":"La nacionalista formaci\u00f3n &#8216;Autodeterminaci\u00f3n&#8217; (Vet\u00ebvendosje), del primer ministro en funciones Albin Kurti, ha ganado con claridad las elecciones&hellip;\n","protected":false},"author":2,"featured_media":311655,"comment_status":"","ping_status":"","sticky":false,"template":"","format":"standard","meta":{"footnotes":""},"categories":[5],"tags":[48246,17,18,41372,4374,25,24,13,14,11,13498,19,20,7459,67269,9,10,15,16,977,23,12,21,22,5146],"class_list":{"0":"post-311654","1":"post","2":"type-post","3":"status-publish","4":"format-standard","5":"has-post-thumbnail","7":"category-titulares","8":"tag-anticipadas","9":"tag-breaking-news","10":"tag-breakingnews","11":"tag-claridad","12":"tag-elecciones","13":"tag-es","14":"tag-espana","15":"tag-featured-news","16":"tag-featurednews","17":"tag-headlines","18":"tag-kosovo","19":"tag-latest-news","20":"tag-latestnews","21":"tag-ministro","22":"tag-nacionalista","23":"tag-news","24":"tag-noticias","25":"tag-noticias-destacadas","26":"tag-noticiasdestacadas","27":"tag-primer","28":"tag-spain","29":"tag-titulares","30":"tag-ultimas-noticias","31":"tag-ultimasnoticias","32":"tag-vence"},"share_on_mastodon":{"url":"https:\/\/pubeurope.com\/@es\/115801939141285977","error":""},"_links":{"self":[{"href":"https:\/\/www.europesays.com\/es\/wp-json\/wp\/v2\/posts\/311654","targetHints":{"allow":["GET"]}}],"collection":[{"href":"https:\/\/www.europesays.com\/es\/wp-json\/wp\/v2\/posts"}],"about":[{"href":"https:\/\/www.europesays.com\/es\/wp-json\/wp\/v2\/types\/post"}],"author":[{"embeddable":true,"href":"https:\/\/www.europesays.com\/es\/wp-json\/wp\/v2\/users\/2"}],"replies":[{"embeddable":true,"href":"https:\/\/www.europesays.com\/es\/wp-json\/wp\/v2\/comments?post=311654"}],"version-history":[{"count":0,"href":"https:\/\/www.europesays.com\/es\/wp-json\/wp\/v2\/posts\/311654\/revisions"}],"wp:featuredmedia":[{"embeddable":true,"href":"https:\/\/www.europesays.com\/es\/wp-json\/wp\/v2\/media\/311655"}],"wp:attachment":[{"href":"https:\/\/www.europesays.com\/es\/wp-json\/wp\/v2\/media?parent=311654"}],"wp:term":[{"taxonomy":"category","embeddable":true,"href":"https:\/\/www.europesays.com\/es\/wp-json\/wp\/v2\/categories?post=311654"},{"taxonomy":"post_tag","embeddable":true,"href":"https:\/\/www.europesays.com\/es\/wp-json\/wp\/v2\/tags?post=311654"}],"curies":[{"name":"wp","href":"https:\/\/api.w.org\/{rel}","templated":true}]}}