{"id":311668,"date":"2025-12-29T08:45:16","date_gmt":"2025-12-29T08:45:16","guid":{"rendered":"https:\/\/www.europesays.com\/es\/311668\/"},"modified":"2025-12-29T08:45:16","modified_gmt":"2025-12-29T08:45:16","slug":"el-arte-de-la-pintora-gijonesa-leduina-blanco-en-el-coto-gijon","status":"publish","type":"post","link":"https:\/\/www.europesays.com\/es\/311668\/","title":{"rendered":"El arte de la pintora gijonesa Leduina Blanco, en El Coto, Gij\u00f3n"},"content":{"rendered":"<p><img fetchpriority=\"high\" class=\"v-a-img\" src=\"https:\/\/www.europesays.com\/es\/wp-content\/uploads\/2025\/12\/EXPOSICION.jpg\" loading=\"eager\" decoding=\"async\" alt=\"La pintora Leduina Blanco\"  width=\"1200\" height=\"840\"\/><\/p>\n<p>La pintora Leduina Blanco                  <\/p>\n<p>&#8216;El color de tu sonrisa&#8217;, de la artista, se expone hasta el lunes 29 de diciembre en el centro municipal para \u00abdespertar emociones a trav\u00e9s del color\u00bb<\/p>\n<p class=\"v-mdl-ath__p v-mdl-ath__p--6\">\nDomingo, 28 de diciembre 2025, 15:30<\/p>\n<p class=\"v-p\">El lunes 29 de diciembre es el \u00faltimo d\u00eda para disfrutar de la exposici\u00f3n &#8216;El color de tu sonrisa\u00bb&#8217;, de Leduina Blanco Garc\u00eda, que se exhibe en la sala de exposiciones del Centro Municipal Integrado El Coto. <\/p>\n<p class=\"v-p\">Hasta las nueve de la noche y desde las nueve de la ma\u00f1ana, con entrada libre, se podr\u00e1 ver la obra de esta pintora que consigue con su trabajo despertar emociones a trav\u00e9s del color y de la perspectiva. <\/p>\n<p class=\"v-p\">Desde la infancia pinta quien ha cosechado 178 premios, entre cert\u00e1menes de pintura y literatura.<\/p>\n<p>Reporta un error<\/p>\n","protected":false},"excerpt":{"rendered":"La pintora Leduina Blanco &#8216;El color de tu sonrisa&#8217;, de la artista, se expone hasta el lunes 29&hellip;\n","protected":false},"author":2,"featured_media":311669,"comment_status":"","ping_status":"","sticky":false,"template":"","format":"standard","meta":{"footnotes":""},"categories":[173],"tags":[229,233,231,230,8135,10049,232,234,146,147,25,24,6023,22112,73289,11608,23],"class_list":{"0":"post-311668","1":"post","2":"type-post","3":"status-publish","4":"format-standard","5":"has-post-thumbnail","7":"category-arte-y-diseno","8":"tag-arte","9":"tag-arte-y-diseno","10":"tag-arts","11":"tag-arts-and-design","12":"tag-blanco","13":"tag-coto","14":"tag-design","15":"tag-diseno","16":"tag-entertainment","17":"tag-entretenimiento","18":"tag-es","19":"tag-espana","20":"tag-gijon","21":"tag-gijonesa","22":"tag-leduina","23":"tag-pintora","24":"tag-spain"},"share_on_mastodon":{"url":"https:\/\/pubeurope.com\/@es\/115801982491578205","error":""},"_links":{"self":[{"href":"https:\/\/www.europesays.com\/es\/wp-json\/wp\/v2\/posts\/311668","targetHints":{"allow":["GET"]}}],"collection":[{"href":"https:\/\/www.europesays.com\/es\/wp-json\/wp\/v2\/posts"}],"about":[{"href":"https:\/\/www.europesays.com\/es\/wp-json\/wp\/v2\/types\/post"}],"author":[{"embeddable":true,"href":"https:\/\/www.europesays.com\/es\/wp-json\/wp\/v2\/users\/2"}],"replies":[{"embeddable":true,"href":"https:\/\/www.europesays.com\/es\/wp-json\/wp\/v2\/comments?post=311668"}],"version-history":[{"count":0,"href":"https:\/\/www.europesays.com\/es\/wp-json\/wp\/v2\/posts\/311668\/revisions"}],"wp:featuredmedia":[{"embeddable":true,"href":"https:\/\/www.europesays.com\/es\/wp-json\/wp\/v2\/media\/311669"}],"wp:attachment":[{"href":"https:\/\/www.europesays.com\/es\/wp-json\/wp\/v2\/media?parent=311668"}],"wp:term":[{"taxonomy":"category","embeddable":true,"href":"https:\/\/www.europesays.com\/es\/wp-json\/wp\/v2\/categories?post=311668"},{"taxonomy":"post_tag","embeddable":true,"href":"https:\/\/www.europesays.com\/es\/wp-json\/wp\/v2\/tags?post=311668"}],"curies":[{"name":"wp","href":"https:\/\/api.w.org\/{rel}","templated":true}]}}