{"id":311692,"date":"2025-12-29T09:01:08","date_gmt":"2025-12-29T09:01:08","guid":{"rendered":"https:\/\/www.europesays.com\/es\/311692\/"},"modified":"2025-12-29T09:01:08","modified_gmt":"2025-12-29T09:01:08","slug":"la-voz-del-pueblo-la-voz-del-pueblo-desde-1902-acompanando-la-historia-del-sudeste-bonaerense-3","status":"publish","type":"post","link":"https:\/\/www.europesays.com\/es\/311692\/","title":{"rendered":"La Voz del Pueblo | La Voz del Pueblo \u2013 Desde 1902, acompa\u00f1ando la historia del sudeste bonaerense"},"content":{"rendered":"<p><strong>A la inversa de su profesi\u00f3n de chef, donde muchas veces hace que sus platos o especialidades le \u201centren por los ojos\u201d a los comensales, el golf a \u00e9l le empez\u00f3 a entrar en su cuerpo desde su llegada al restaurante del Tres Arroyos Golf Club, y en apenas poco m\u00e1s de un a\u00f1o de sumergirse en la actividad, alcanz\u00f3 uno de los triunfos m\u00e1s importantes del club como es consagrarse campe\u00f3n del Torneo Anual con H\u00e1ndicap.<\/strong><\/p>\n<p>Ads<\/p>\n<p>Mar del Plata es su ciudad natal, y si bien las grandes canchas de la costa no lo alcanzaron a seducir dado que su perfil deportivo estuvo ligado al v\u00f3ley hasta que sufri\u00f3 una lesi\u00f3n en una de sus rodillas, s\u00f3lo necesit\u00f3 estar un corto tiempo en Tres Arroyos y en la entidad de la Avenida Juan B. Justo para pasar a integrar el padr\u00f3n de socios y jugadores. \u201cSiempre me llam\u00f3 la atenci\u00f3n el juego, conoc\u00eda las reglas b\u00e1sicas pero nunca tuve contacto con el deporte hasta que llegu\u00e9 ac\u00e1 y empec\u00e9 a trabajar en el restaurante con Alfredo Armando, un rafaelino que jugaba y me inculc\u00f3 los primeros conocimientos. R\u00e1pidamente me atrap\u00f3 por completo el juego debido al constante desaf\u00edo al cual te expone el golf; eso fue algo incomparable, una sensaci\u00f3n \u00fanica\u201d, destac\u00f3 Jonathan Cardozo, el mejor del Anual 2025 con h\u00e1ndicap, y sus 284 golpes para los 72 hoyos.<\/p>\n<p>Su actividad como chef en el TAGC lo llev\u00f3 a escuchar las distintas charlas de golf, desde la \u201ctele\u201d empez\u00f3 a ver m\u00e1s asiduamente los torneos y as\u00ed fue su ingreso a la especialidad. \u201cAlfredo fue mi gu\u00eda inicial, y en julio del 2024 ya me pude comprar mi primer juego de palos\u201d, y ya no hab\u00eda vueltas atr\u00e1s\u2026<\/p>\n<p>\u00a0<\/p>\n<p><img alt=\"Jonathan Cardozo - 1\" fetchpriority=\"low\" decoding=\"async\" layout=\"responsive\"   src=\"https:\/\/www.europesays.com\/es\/wp-content\/uploads\/2025\/12\/jonathan_cardozo.jpg\" width=\"700\" height=\"600\" data-nimg=\"future\" loading=\"lazy\" style=\"color:transparent\"\/>El campe\u00f3n y la copa deseada. Jonathan Cardozo luce feliz el trofeo m\u00e1s importante del TAGC<\/p>\n<p>\u00a0<\/p>\n<p>Ads<strong>Nace el jugador<\/strong><\/p>\n<p>Las clases con Federico Haffner lo fueron armando como jugador, \u201cempec\u00e9 a competir, a jugar todos los d\u00edas. Cada jornada era un reto distinto, porque la dificultad y complejidad de este deporte me sedujo y me despert\u00f3 un hermoso desaf\u00edo. Entiendo que soy nuevo en esto, pero en este corto tiempo me he dado cuenta que d\u00eda a d\u00eda se aprende algo nuevo; siempre hay algo m\u00e1s\u201d, destac\u00f3.<\/p>\n<p>Esa primera temporada verlo a Jonathan en el club jugando era algo diario; aunque un nuevo emprendimiento laboral, dado que ya no est\u00e1 m\u00e1s en el restaurante del club para hacerlo en la confiter\u00eda ubicada en la avenida Moreno al 550, hicieron que \u201cen el mes previo al Anual s\u00f3lo pudiera ir a jugar los torneos de fines de semana, y sab\u00eda que este era el torneo m\u00e1s importante del a\u00f1o, el cual todos quieren ganar. En los d\u00edas previos no estaba jugando bien, los \u00faltimos torneos no hab\u00edan sido nada buenos para m\u00ed; por lo que me subieron el h\u00e1ndicap (al Anual lo jug\u00f3 con 40); creo que haber buscado tanto mejorar cada cosa me termin\u00f3 \u2018quemando\u2019 la cabeza\u201d.<\/p>\n<p>Por este motivo, consider\u00f3 que \u201cno me vino mal parar un poco, relajarme, tomarlo con tranquilidad y sin esas presiones que uno se genera sin sentido, en esa b\u00fasqueda de mejorar\u201d.<\/p>\n<p>Ads<\/p>\n<p>\u201cEl torneo del club lo jugu\u00e9 por todo lo que significaba, no ten\u00eda grandes expectativas y te podr\u00eda asegurar que el triunfo \u2018me lleg\u00f3\u2019, no lo esperaba, casi que \u2018me lo choqu\u00e9\u2019\u201d, aclar\u00f3 con total sinceridad, aunque tambi\u00e9n confes\u00f3 que \u201ccuando se me dio la posibilidad intent\u00e9 hacer todo lo mejor posible. Y la definici\u00f3n fue incre\u00edble porque termin\u00e9 consagr\u00e1ndome por desempate autom\u00e1tico con Diego Lezcano, mi gran amigo y compa\u00f1ero inseparable de golf. En la \u00faltima vuelta yo hice 74 y Diego 75, por lo que el desempate me favoreci\u00f3. Fue todo especial porque con \u00e9l adem\u00e1s de jugar juntos las 4 vueltas del Anual, siempre compartimos nuestras pr\u00e1cticas\u201d.<\/p>\n<p>\u00a0<\/p>\n<p><strong>Los s\u00e1bados, la clave<\/strong><\/p>\n<p>En el primer d\u00eda \u201cjugu\u00e9 muy bien, presentando una tarjeta de 69 golpes\u201d y al s\u00e1bado siguiente se fortaleci\u00f3 con una ronda de 66. \u201cLa clave estuvieron en esos dos d\u00edas, aunque el domingo emparejaba para mal\u201d, dijo entre risas. Ese 66 le permiti\u00f3 \u201cpensar que pod\u00eda estar en la pelea por el t\u00edtulo; hasta ah\u00ed me estaba divirtiendo, tratando de disfrutarlo. Pero llegar a la \u00faltima ronda empatado con Guillermo Rivada y a un golpe de Diego me abri\u00f3 otras chances\u201d. Para jugar por debajo de los 70, Jonathan entiende que \u201cel 69 sali\u00f3 porque jugu\u00e9 parejo todo el d\u00eda, nada muy destacado. Pero el h\u00e1ndicap me ayud\u00f3; en cambio al 66 lo marqu\u00e9 jugando bien. Nunca jugu\u00e9 tan bien como lo hice en esos primeros 9 hoyos, los mejores de mi vida, ronda que termin\u00e9 con birdie en el 18, el primero de mi carrera, por lo que la pelotita est\u00e1 guardada dentro de la copa de campe\u00f3n\u201d, valor\u00f3 con alegr\u00eda y algo de sorpresa este jugador.<\/p>\n<p>Identifica como punto fuerte de su juego \u201cla distancia en el drive, palo con el cual en la tercera ronda agarr\u00e9 los 14 fairways (un registro perfecto y deseado por todos) y con el putter me defiendo; el resto del juego est\u00e1 a mejorar\u201d. As\u00ed lo analiz\u00f3 quien en este 2025 tambi\u00e9n se adjudic\u00f3 la Copa Inmobiliaria Paola Ar\u00e1n, una competencia que acumul\u00f3 puntos a lo largo de los medal play jugados en el a\u00f1o. \u201cEl premio de este ranking (un putt) me vino b\u00e1rbaro porque yo estaba jugando con uno que me hab\u00eda prestado Rub\u00e9n Mart\u00edn, a quien le valoro el gesto que tuvo conmigo\u201d, confes\u00f3.<\/p>\n<p>En la despedida, Cardozo fue un agradecido con \u201cel club que me abri\u00f3 las puertas y donde siempre me sent\u00ed bien recibido; lo comparto con Diego Lezcano, mi amigo y compa\u00f1ero de juego durante todo el a\u00f1o, quien entiendo tiene su m\u00e9rito en mi t\u00edtulo; y a mi pareja, Camila Bay\u00fagar, quien siempre estuvo apoy\u00e1ndome, al punto que el \u00faltimo domingo y aprovechando su carrera de kinesiolog\u00eda, me hizo unos masajes que me permitieron afrontar la \u00faltima ronda con todas mis fuerzas\u201d.<\/p>\n","protected":false},"excerpt":{"rendered":"A la inversa de su profesi\u00f3n de chef, donde muchas veces hace que sus platos o especialidades le&hellip;\n","protected":false},"author":2,"featured_media":311693,"comment_status":"","ping_status":"","sticky":false,"template":"","format":"standard","meta":{"footnotes":""},"categories":[275],"tags":[21142,73290,168,25,24,329,23,167,73291],"class_list":{"0":"post-311692","1":"post","2":"type-post","3":"status-publish","4":"format-standard","5":"has-post-thumbnail","7":"category-golf","8":"tag-anual","9":"tag-cardozo","10":"tag-deportes","11":"tag-es","12":"tag-espana","13":"tag-golf","14":"tag-spain","15":"tag-sports","16":"tag-tres-arroyos"},"share_on_mastodon":{"url":"https:\/\/pubeurope.com\/@es\/115802045377634807","error":""},"_links":{"self":[{"href":"https:\/\/www.europesays.com\/es\/wp-json\/wp\/v2\/posts\/311692","targetHints":{"allow":["GET"]}}],"collection":[{"href":"https:\/\/www.europesays.com\/es\/wp-json\/wp\/v2\/posts"}],"about":[{"href":"https:\/\/www.europesays.com\/es\/wp-json\/wp\/v2\/types\/post"}],"author":[{"embeddable":true,"href":"https:\/\/www.europesays.com\/es\/wp-json\/wp\/v2\/users\/2"}],"replies":[{"embeddable":true,"href":"https:\/\/www.europesays.com\/es\/wp-json\/wp\/v2\/comments?post=311692"}],"version-history":[{"count":0,"href":"https:\/\/www.europesays.com\/es\/wp-json\/wp\/v2\/posts\/311692\/revisions"}],"wp:featuredmedia":[{"embeddable":true,"href":"https:\/\/www.europesays.com\/es\/wp-json\/wp\/v2\/media\/311693"}],"wp:attachment":[{"href":"https:\/\/www.europesays.com\/es\/wp-json\/wp\/v2\/media?parent=311692"}],"wp:term":[{"taxonomy":"category","embeddable":true,"href":"https:\/\/www.europesays.com\/es\/wp-json\/wp\/v2\/categories?post=311692"},{"taxonomy":"post_tag","embeddable":true,"href":"https:\/\/www.europesays.com\/es\/wp-json\/wp\/v2\/tags?post=311692"}],"curies":[{"name":"wp","href":"https:\/\/api.w.org\/{rel}","templated":true}]}}