{"id":311704,"date":"2025-12-29T09:08:12","date_gmt":"2025-12-29T09:08:12","guid":{"rendered":"https:\/\/www.europesays.com\/es\/311704\/"},"modified":"2025-12-29T09:08:12","modified_gmt":"2025-12-29T09:08:12","slug":"el-guggenheim-bilbao-abrira-este-lunes-para-atender-la-alta-demanda-de-visitantes-en-navidad","status":"publish","type":"post","link":"https:\/\/www.europesays.com\/es\/311704\/","title":{"rendered":"El Guggenheim Bilbao abrir\u00e1 este lunes para atender la alta demanda de visitantes en Navidad"},"content":{"rendered":"<p data-start=\"280\" data-end=\"626\">El <a href=\"https:\/\/www.radionervion.com\/?s=museo%20guggenheim\" rel=\"nofollow noopener\" target=\"_blank\"><strong data-start=\"283\" data-end=\"310\">Museo Guggenheim Bilbao<\/strong><\/a> abrir\u00e1 sus puertas al p\u00fablico este <strong data-start=\"346\" data-end=\"371\">lunes 29 de diciembre<\/strong>, pese a tratarse de su <strong data-start=\"395\" data-end=\"427\">jornada habitual de descanso<\/strong>, con el objetivo de <strong data-start=\"448\" data-end=\"473\">satisfacer la demanda<\/strong> de personas que aprovechan las vacaciones de Navidad para visitar sus exposiciones. En cambio, el museo <strong data-start=\"582\" data-end=\"625\">permanecer\u00e1 cerrado el d\u00eda de A\u00f1o Nuevo<\/strong>.<\/p>\n<p data-start=\"628\" data-end=\"871\">El centro muse\u00edstico mantendr\u00e1 su <strong data-start=\"662\" data-end=\"682\">horario habitual<\/strong>, de 10:00 a 19:00 horas, durante estos d\u00edas festivos, con la \u00fanica excepci\u00f3n del 31 de diciembre, cuando adelantar\u00e1 su cierre a las 17:00 horas con motivo de la Nochevieja.<\/p>\n<p>Exposiciones abiertas durante las fiestas<\/p>\n<p>    Publicidad<\/p>\n<p data-start=\"920\" data-end=\"1122\">Quienes se acerquen al Guggenheim Bilbao podr\u00e1n recorrer la exposici\u00f3n Artes de la tierra\u00a0y la instalaci\u00f3n in situ del artista Mark Leckey, ambas ubicadas en la segunda planta del museo.<\/p>\n<p data-start=\"1124\" data-end=\"1406\">Adem\u00e1s, la tercera planta acoger\u00e1 una selecci\u00f3n de obras de la Colecci\u00f3n del Museo Guggenheim Bilbao, mientras que junto al Atrio se podr\u00e1 visitar la muestra dedicada a Maria Helena Vieira da Silva y la video instalaci\u00f3n de Sky Hopinka en la sala Film&amp;Video.<\/p>\n","protected":false},"excerpt":{"rendered":"El Museo Guggenheim Bilbao abrir\u00e1 sus puertas al p\u00fablico este lunes 29 de diciembre, pese a tratarse de&hellip;\n","protected":false},"author":2,"featured_media":311705,"comment_status":"","ping_status":"","sticky":false,"template":"","format":"standard","meta":{"footnotes":""},"categories":[173],"tags":[229,233,231,230,232,234,146,147,25,24,27526,4074,73292,2951,23],"class_list":{"0":"post-311704","1":"post","2":"type-post","3":"status-publish","4":"format-standard","5":"has-post-thumbnail","7":"category-arte-y-diseno","8":"tag-arte","9":"tag-arte-y-diseno","10":"tag-arts","11":"tag-arts-and-design","12":"tag-design","13":"tag-diseno","14":"tag-entertainment","15":"tag-entretenimiento","16":"tag-es","17":"tag-espana","18":"tag-festivos","19":"tag-horarios","20":"tag-museo-guggenheim-bilbao","21":"tag-navidad","22":"tag-spain"},"share_on_mastodon":{"url":"","error":""},"_links":{"self":[{"href":"https:\/\/www.europesays.com\/es\/wp-json\/wp\/v2\/posts\/311704","targetHints":{"allow":["GET"]}}],"collection":[{"href":"https:\/\/www.europesays.com\/es\/wp-json\/wp\/v2\/posts"}],"about":[{"href":"https:\/\/www.europesays.com\/es\/wp-json\/wp\/v2\/types\/post"}],"author":[{"embeddable":true,"href":"https:\/\/www.europesays.com\/es\/wp-json\/wp\/v2\/users\/2"}],"replies":[{"embeddable":true,"href":"https:\/\/www.europesays.com\/es\/wp-json\/wp\/v2\/comments?post=311704"}],"version-history":[{"count":0,"href":"https:\/\/www.europesays.com\/es\/wp-json\/wp\/v2\/posts\/311704\/revisions"}],"wp:featuredmedia":[{"embeddable":true,"href":"https:\/\/www.europesays.com\/es\/wp-json\/wp\/v2\/media\/311705"}],"wp:attachment":[{"href":"https:\/\/www.europesays.com\/es\/wp-json\/wp\/v2\/media?parent=311704"}],"wp:term":[{"taxonomy":"category","embeddable":true,"href":"https:\/\/www.europesays.com\/es\/wp-json\/wp\/v2\/categories?post=311704"},{"taxonomy":"post_tag","embeddable":true,"href":"https:\/\/www.europesays.com\/es\/wp-json\/wp\/v2\/tags?post=311704"}],"curies":[{"name":"wp","href":"https:\/\/api.w.org\/{rel}","templated":true}]}}