{"id":311731,"date":"2025-12-29T09:26:09","date_gmt":"2025-12-29T09:26:09","guid":{"rendered":"https:\/\/www.europesays.com\/es\/311731\/"},"modified":"2025-12-29T09:26:09","modified_gmt":"2025-12-29T09:26:09","slug":"el-burgos-burpellet-bh-inicia-la-temporada-en-valencia","status":"publish","type":"post","link":"https:\/\/www.europesays.com\/es\/311731\/","title":{"rendered":"El Burgos Burpellet BH inicia la temporada en Valencia"},"content":{"rendered":"<p>El Burgos Burpellet \u00a0BH ya tiene decidido su inicio de temporada y el calendario para los meses de enero y febrero. El equipo burgal\u00e9s repetir\u00e1 en la categor\u00eda Pro Team, es decir, la segunda categor\u00eda del mundo y su objetivo ser\u00e1 igualar o incluso mejorar un a\u00f1o 2025 que ha sido realmente bueno. El Burgos BH acab\u00f3 la temporada como el 28 mejor equipo del Mundo, con \u00a0m\u00e1s de 3.000 puntos UCI.\u00a0<\/p>\n<p>Los corredores del Burgos BH ya han comenzado los entrenamientos. Muchos de ellos han estado concentrados en la costa valenciana y ya saben cu\u00e1les ser\u00e1n sus primeras carreras del a\u00f1o.<\/p>\n<p>El debut llegar\u00e1 el 23 de enero, en tierras valencianas, con la disputa del Gran Premio Morvedre. Al d\u00eda siguiente correr\u00e1 el Gran Premio de Castell\u00f3n y el d\u00eda 25 el Gran Premio de Valencia. Para completar el mes de enero disputar\u00e1 la Challenge de Mallorca, una carrera ya cl\u00e1sica en el calendario internacional y que se disputar\u00e1 entre el 28 de enero y el 1 de febrero. Y este mismo d\u00eda 1 de febrero para del equipo se desplazar\u00e1 a Francia para inaugurar el calendario internacional como el GP La Marsellaise. El d\u00eda 6 correr\u00e1 la Muscat Classic y entre el 4 y el 8 participar\u00e1 en la exigente Volta a la Comunitat Valenciana. El Tour de Oman, la Vuelta a Murcia, la Cl\u00e1sica de Almer\u00eda, la Cl\u00e1sica de Ja\u00e9n, la Vuelta a Andaluc\u00eda, la Classic du Var y la Cl\u00e1sica Alpes Maritimes completar\u00e1n un duro mes de febrero.<\/p>\n<p>Y para estas carreras el Burgos Burpellet BH distribuir\u00e1 sus 24 corredores. El equipo mantiene la base de la \u00faltima temporada, reforzada con la llegada de cinco nuevos ciclistas. Y entre todos ellos destaca la incorporaci\u00f3n de Jes\u00fas Herrada, brillante corredor que llega procedente del Cofidis franc\u00e9s y que cuenta en su palmar\u00e9s con victorias en la Vuelta a Espa\u00f1a. Es la gran apuesta de un equipo burgal\u00e9s que buscar\u00e1 de nuevo lograr una invitaci\u00f3n para participar en la pr\u00f3xima edici\u00f3n de la Vuelta a Espa\u00f1a, que se correr\u00e1 entre el 22 de agosto y el 13 de septiembre.<\/p>\n","protected":false},"excerpt":{"rendered":"El Burgos Burpellet \u00a0BH ya tiene decidido su inicio de temporada y el calendario para los meses de&hellip;\n","protected":false},"author":2,"featured_media":311732,"comment_status":"","ping_status":"","sticky":false,"template":"","format":"standard","meta":{"footnotes":""},"categories":[273],"tags":[5644,259,9298,3965,313,312,168,25,24,317,3619,2457,1478,58540,23,167,235,5411],"class_list":{"0":"post-311731","1":"post","2":"type-post","3":"status-publish","4":"format-standard","5":"has-post-thumbnail","7":"category-ciclismo","8":"tag-almeria","9":"tag-andalucia","10":"tag-burgos-bh","11":"tag-castellon","12":"tag-ciclismo","13":"tag-cycling","14":"tag-deportes","15":"tag-es","16":"tag-espana","17":"tag-francia","18":"tag-jaen","19":"tag-mallorca","20":"tag-murcia","21":"tag-oman","22":"tag-spain","23":"tag-sports","24":"tag-valencia","25":"tag-vuelta-a-espana"},"share_on_mastodon":{"url":"https:\/\/pubeurope.com\/@es\/115802143667330089","error":""},"_links":{"self":[{"href":"https:\/\/www.europesays.com\/es\/wp-json\/wp\/v2\/posts\/311731","targetHints":{"allow":["GET"]}}],"collection":[{"href":"https:\/\/www.europesays.com\/es\/wp-json\/wp\/v2\/posts"}],"about":[{"href":"https:\/\/www.europesays.com\/es\/wp-json\/wp\/v2\/types\/post"}],"author":[{"embeddable":true,"href":"https:\/\/www.europesays.com\/es\/wp-json\/wp\/v2\/users\/2"}],"replies":[{"embeddable":true,"href":"https:\/\/www.europesays.com\/es\/wp-json\/wp\/v2\/comments?post=311731"}],"version-history":[{"count":0,"href":"https:\/\/www.europesays.com\/es\/wp-json\/wp\/v2\/posts\/311731\/revisions"}],"wp:featuredmedia":[{"embeddable":true,"href":"https:\/\/www.europesays.com\/es\/wp-json\/wp\/v2\/media\/311732"}],"wp:attachment":[{"href":"https:\/\/www.europesays.com\/es\/wp-json\/wp\/v2\/media?parent=311731"}],"wp:term":[{"taxonomy":"category","embeddable":true,"href":"https:\/\/www.europesays.com\/es\/wp-json\/wp\/v2\/categories?post=311731"},{"taxonomy":"post_tag","embeddable":true,"href":"https:\/\/www.europesays.com\/es\/wp-json\/wp\/v2\/tags?post=311731"}],"curies":[{"name":"wp","href":"https:\/\/api.w.org\/{rel}","templated":true}]}}