{"id":311735,"date":"2025-12-29T09:29:08","date_gmt":"2025-12-29T09:29:08","guid":{"rendered":"https:\/\/www.europesays.com\/es\/311735\/"},"modified":"2025-12-29T09:29:08","modified_gmt":"2025-12-29T09:29:08","slug":"queremos-un-burgos-protagonista-en-el-futbol-profesional","status":"publish","type":"post","link":"https:\/\/www.europesays.com\/es\/311735\/","title":{"rendered":"\u00abQueremos un Burgos protagonista en el f\u00fatbol profesional\u00bb"},"content":{"rendered":"<p>Hace dos a\u00f1os el empresario argentino Marcelo Figoli se hac\u00eda cargo del Burgos Club de F\u00fatbol SAD. Y lo hizo transmitiendo un mensaje ambicioso, un mensaje de crecimiento con el objetivo a medio y largo plazo de lograr el ascenso a Primera Divisi\u00f3n. A nivel deportivo ya anunci\u00f3 en su primera entrevista en Diario de Burgos su intenci\u00f3n de mantener y reforzar la posici\u00f3n de Michu. Y a nivel econ\u00f3mico, tras dos ejercicios con p\u00e9rdidas, quiere cerrar la actual temporada sin d\u00e9ficit.<\/p>\n<p><strong>\u00bfC\u00f3mo valora estos dos a\u00f1os al frente del Burgos?<\/strong><br \/>De forma muy positiva. Creo que estamos dando vitalidad a un proyecto de medio y largo plazo, donde queremos dejar atr\u00e1s los problemas, los miedos o la idea de que somos un ave de paso, dejar atr\u00e1s esas desapariciones que vivi\u00f3 el Burgos y que afectaron a la sociedad burgalesa. Trabajamos sobre la idea de que el Burgos lleg\u00f3 para quedarse, para mantener un estatus en el f\u00fatbol profesional con una solidez econ\u00f3mica. Y se va logrando poco a poco. Es un trabajo diario. La afici\u00f3n, las autoridades, las empresas privadas forman un n\u00facleo de solidez dentro de la sociedad burgalesa, que cuenta con un equipo de f\u00fatbol fuerte, grande, dentro del f\u00fatbol profesional.<\/p>\n<p><strong>\u00bfCree que han quedado atr\u00e1s todos los fantasmas que han rodeado la historia reciente del Burgos? \u00bfCree que ya ha convencido con su proyecto a la sociedad burgalesa?<\/strong><\/p>\n<p>Creo que s\u00ed. Lo que hicieron los anteriores propietarios fueron etapas. Antonio Caselli hizo una plantilla deportiva para ascender, gastando por encima de las posibilidades que ten\u00eda el Burgos y lleg\u00f3 el \u00e9xito deportivo con el ascenso, pero generando un grave problema econ\u00f3mico, un gran d\u00e9ficit. Regres\u00f3 el grupo Yucon a ordenar la situci\u00f3n. Consolidaron el club desde el punto de vista econ\u00f3mico financiero.\u00a0 Y ahora nosotros queremos seguir en el f\u00fatbol profesional, mirar hacia arriba, ser protagonistas y, por supuesto, que econ\u00f3micamente el proyecto se pueda sustentar. Entender que este sustento se lo tiene que dar el propietario, el due\u00f1o, no es real.\u00a0 Se trata de hacer un equilibrio, que es muy delicado y muy complejo, de como se manejan los ingresos y los gastos, intentar que el Burgos tenga una etapa ascendente.<\/p>\n<p><strong>\u00bfPor d\u00f3nde cree que puede crecer el club?<\/strong><br \/>El Burgos tiene mucho potencial. Ese fue uno de los motivos que me hizo adquirir el club en comparaci\u00f3n con otros clubes que estaban a la venta en ese momento. Tiene un potencial enorme en los mercados de traspasos. Hab\u00eda tenido muy poca participaci\u00f3n en ese \u00e1rea hasta nuestra llegada, con una \u00fanica operaci\u00f3n que no lleg\u00f3 a los 200.000 euros. Ahora la venta de Arroyo nos pone en el mercado. Es una fuente de ingresos muy importante que trataremos de acompa\u00f1ar con la llegada de nuevos jugadores que igualen o mejoren a los que se van. Despu\u00e9s tenemos mucho margen de crecimiento en otras parcelas del club. Adem\u00e1s queda mucho trabajo en nuestra relaci\u00f3n con los socios. Hay decisiones que se toman que son mejor recibidas, otras peor, y es algo que yo entiendo. A nosotros nos toca trabajar en base a un presupuesto, a una idea de solidez\u00a0 y creo que la afici\u00f3n va a valorar que trabajemos con seriedad en las cuentas del club que arrastran p\u00e9rdidas durante los \u00faltimos a\u00f1os. Hay que dar la vuelta a esta situaci\u00f3n para hacerlo sostenible.<\/p>\n<p><strong>El club ingresa unos seis millones de euros por derechos de televisi\u00f3n, en un presupuesto de 14 millones. \u00bfC\u00f3mo se pueden generar esos 8 millones restantes?<\/strong><\/p>\n<p>Ahora mismo no suponen tanto porcentaje y es una buena noticia no depender tanto de los ingresos por televisi\u00f3n, nos permite estar m\u00e1s s\u00f3lidos y m\u00e1s tranquilos. El escenario ser\u00eda completamente distinto si se logra ascender a Primera Divisi\u00f3n y eso se analizar\u00e1 en su momento. Pero hoy lograr que la televisi\u00f3n suponga menos del 45% de los ingresos es una gran noticia.<\/p>\n<p><strong>Pero la realidad es que se siguen generando p\u00e9rdidas.<\/strong><\/p>\n<p>La temporada 25-26 no va a dar p\u00e9rdidas. Esperaba haberlo solucionado un poco antes pero esta campa\u00f1a no habr\u00e1 d\u00e9ficit entre ingresos y gastos. Luego t\u00e9cnicamente siempre est\u00e1n las amortizaciones y otros detalles, pero vamos a tener un club que mira del cero para arriba y no del cero para abajo como hasta ahora. Cuanto m\u00e1s dinero hay en caja m\u00e1s proyectos se pueden acometer, como mejorar nuestra plantilla, reformar el estadio o tener una nueva ciudad deportiva, cuidar nuestras categor\u00edas inferiores o el equipo femenino.<\/p>\n<p><strong>(La entrevista completa, en la edici\u00f3n impresa o <a href=\"https:\/\/diariodeburgos.promecal.es\/\" rel=\"nofollow noopener\" target=\"_blank\">aqu\u00ed)<\/a><\/strong><\/p>\n","protected":false},"excerpt":{"rendered":"Hace dos a\u00f1os el empresario argentino Marcelo Figoli se hac\u00eda cargo del Burgos Club de F\u00fatbol SAD. Y&hellip;\n","protected":false},"author":2,"featured_media":311736,"comment_status":"","ping_status":"","sticky":false,"template":"","format":"standard","meta":{"footnotes":""},"categories":[268],"tags":[73296,10221,2770,168,14680,25,24,280,282,73297,59793,5931,1945,281,23,167],"class_list":["post-311735","post","type-post","status-publish","format-standard","has-post-thumbnail","category-futbol","tag-antonio-caselli","tag-burgos-cf","tag-complejo-deportivo-el-plantio","tag-deportes","tag-diario-de-burgos","tag-es","tag-espana","tag-football","tag-futbol","tag-grupo-yucon","tag-marcelo-figoli","tag-michu","tag-primera-division","tag-soccer","tag-spain","tag-sports"],"share_on_mastodon":{"url":"https:\/\/pubeurope.com\/@es\/115802155819413792","error":""},"_links":{"self":[{"href":"https:\/\/www.europesays.com\/es\/wp-json\/wp\/v2\/posts\/311735","targetHints":{"allow":["GET"]}}],"collection":[{"href":"https:\/\/www.europesays.com\/es\/wp-json\/wp\/v2\/posts"}],"about":[{"href":"https:\/\/www.europesays.com\/es\/wp-json\/wp\/v2\/types\/post"}],"author":[{"embeddable":true,"href":"https:\/\/www.europesays.com\/es\/wp-json\/wp\/v2\/users\/2"}],"replies":[{"embeddable":true,"href":"https:\/\/www.europesays.com\/es\/wp-json\/wp\/v2\/comments?post=311735"}],"version-history":[{"count":0,"href":"https:\/\/www.europesays.com\/es\/wp-json\/wp\/v2\/posts\/311735\/revisions"}],"wp:featuredmedia":[{"embeddable":true,"href":"https:\/\/www.europesays.com\/es\/wp-json\/wp\/v2\/media\/311736"}],"wp:attachment":[{"href":"https:\/\/www.europesays.com\/es\/wp-json\/wp\/v2\/media?parent=311735"}],"wp:term":[{"taxonomy":"category","embeddable":true,"href":"https:\/\/www.europesays.com\/es\/wp-json\/wp\/v2\/categories?post=311735"},{"taxonomy":"post_tag","embeddable":true,"href":"https:\/\/www.europesays.com\/es\/wp-json\/wp\/v2\/tags?post=311735"}],"curies":[{"name":"wp","href":"https:\/\/api.w.org\/{rel}","templated":true}]}}