{"id":311739,"date":"2025-12-29T09:31:14","date_gmt":"2025-12-29T09:31:14","guid":{"rendered":"https:\/\/www.europesays.com\/es\/311739\/"},"modified":"2025-12-29T09:31:14","modified_gmt":"2025-12-29T09:31:14","slug":"un-monigote-sustituye-a-la-emblematica-estatua","status":"publish","type":"post","link":"https:\/\/www.europesays.com\/es\/311739\/","title":{"rendered":"un monigote sustituye a la emblem\u00e1tica estatua"},"content":{"rendered":"<p class=\"ft-text ft-helper-closenews\">La ma\u00f1ana de este 28 de diciembre ha arrancado con sorpresa para los habituales del Campo San Francisco. Quienes se acercaron al estanque de los patos buscando la eterna mirada reflexiva de <strong>Mafalda<\/strong> se encontraron con un inquilino inesperado: el popular monigote de la <strong>Fundaci\u00f3n Inocente<\/strong>. La escultura, uno de los puntos m\u00e1s fotografiados de la ciudad, \u00abdesapareci\u00f3\u00bb por unas horas en un gui\u00f1o simb\u00f3lico que ha servido para marcar el cierre de un a\u00f1o especial para la capital asturiana.<\/p>\n<p class=\"ft-text\">Esta inocentada no es casual. Oviedo despide as\u00ed su mandato como <strong>Ciudad Inocente 2025<\/strong>, un a\u00f1o en el que la ciudad se ha volcado con la infancia vulnerable a trav\u00e9s de diversas iniciativas. Desde el reparto de material en el comercio local hasta las exitosas campa\u00f1as del <strong>\u201cDulce Solidario\u201d<\/strong> y el <strong>\u201cDesarme Solidario\u201d<\/strong>, que lograron recaudar casi <strong>5.000 euros<\/strong>. Incluso el Teatro Campoamor se sum\u00f3 a la causa, difundiendo el proyecto de la Fundaci\u00f3n entre los asistentes a la temporada de \u00f3pera.<\/p>\n<p>Los \u00c1lamos, tambi\u00e9n de estreno<\/p>\n<p class=\"ft-text\">La acci\u00f3n visual no se limit\u00f3 al banco de piedra de Mafalda. Los ciudadanos que transitaron por el <strong>Paseo de los \u00c1lamos<\/strong> se encontraron con otra curiosidad: la emblem\u00e1tica <strong>fecha vegetal<\/strong> luc\u00eda hoy un inusual tono naranja, abandonando su verde habitual para mimetizarse con el color corporativo de la Fundaci\u00f3n.<\/p>\n<p><img decoding=\"async\" src=\"https:\/\/www.europesays.com\/es\/wp-content\/uploads\/2025\/12\/c1c4822a-502f-4cfa-8118-032d86f92d8b_alta-libre-aspect-ratio_default_0.jpg\" width=\"1200\" height=\"603\" alt=\"El paseo de Los \u00c1lamos este domingo.\" class=\"ft-helper-img-rd\" loading=\"lazy\"\/><\/p>\n<p class=\"ft-helper-fontColor-quaternary ft-helper-fontSize-body-S ft-helper-spacer-t-xxs\">El paseo de Los \u00c1lamos este domingo.  \/ LNE<\/p>\n<p class=\"ft-text\">El alcalde, <strong>Alfredo Canteli<\/strong>, puso en valor el gesto destacando que \u00abOviedo se ha sentido orgullosa de ser Ciudad Inocente y de sumar apoyo real junto a la Fundaci\u00f3n y el comercio local\u00bb. Con esta peque\u00f1a \u00abtrastada\u00bb, el Ayuntamiento cierra un 2025 de compromiso, recordando que el humor y la solidaridad pueden ir de la mano en el calendario ovetense.<\/p>\n<p class=\"ft-text\">La Fundaci\u00f3n Inocente, la instituci\u00f3n que desde 1995 ha recaudado M\u00c1S 29 millones de euros para causas ben\u00e9ficas a trav\u00e9s, entre otros medios de galas televisadas cada 28 de diciembre, declar\u00f3 el pasado julio a Oviedo \u00abCiudad Inocente 2025\u00bb. Lo hizo durante una presentaci\u00f3n celebrada en la calle Cervantes, a escasos metros donde viv\u00eda el presidente de la instituci\u00f3n, el ovetense Jos\u00e9 Velasco, durante su etapa universitaria, donde destac\u00f3 que la capital del Principado tendr\u00eda el honor de llevar por primera vez este distintivo, consistente en la organizaci\u00f3n de varias iniciativas ben\u00e9ficas a lo largo del a\u00f1o.<\/p>\n<p class=\"ft-text\">La puesta de largo de este reconocimiento cont\u00f3 tambi\u00e9n con la presencia del alcalde, Alfredo Canteli, as\u00ed como de la concejala de Econom\u00eda, Leticia Gonz\u00e1lez, la directora de la Fundaci\u00f3n, Cristina Fern\u00e1ndez, y el oftalm\u00f3logo Luis Fern\u00e1ndez-Vega, patrono de la misma. \u00abEs un orgullo para nuestra ciudad asociarnos a una fundaci\u00f3n que lleva d\u00e9cadas transformando la vida de miles de ni\u00f1os y ni\u00f1as. Este 2025 queremos que Oviedo sea un altavoz de la esperanza, la empat\u00eda y el compromiso colectivo\u00bb, declar\u00f3 entonces Canteli antes de posar con el caracter\u00edstico monigote naranja de la Fundaci\u00f3n.<\/p>\n<p data-close=\"closedContent\" class=\"subscribeHideForDisplay\">Suscr\u00edbete para seguir leyendo<\/p>\n","protected":false},"excerpt":{"rendered":"La ma\u00f1ana de este 28 de diciembre ha arrancado con sorpresa para los habituales del Campo San Francisco.&hellip;\n","protected":false},"author":2,"featured_media":311740,"comment_status":"","ping_status":"","sticky":false,"template":"","format":"standard","meta":{"footnotes":""},"categories":[173],"tags":[229,233,231,230,73298,73302,232,234,73301,146,147,25,24,2881,73299,73300,1796,9172,23],"class_list":{"0":"post-311739","1":"post","2":"type-post","3":"status-publish","4":"format-standard","5":"has-post-thumbnail","7":"category-arte-y-diseno","8":"tag-arte","9":"tag-arte-y-diseno","10":"tag-arts","11":"tag-arts-and-design","12":"tag-cambiazo","13":"tag-campo-san-francisco","14":"tag-design","15":"tag-diseno","16":"tag-el-comercio","17":"tag-entertainment","18":"tag-entretenimiento","19":"tag-es","20":"tag-espana","21":"tag-fundacion","22":"tag-mafalda","23":"tag-monigote","24":"tag-oviedo","25":"tag-sorprendente","26":"tag-spain"},"share_on_mastodon":{"url":"https:\/\/pubeurope.com\/@es\/115802163314273099","error":""},"_links":{"self":[{"href":"https:\/\/www.europesays.com\/es\/wp-json\/wp\/v2\/posts\/311739","targetHints":{"allow":["GET"]}}],"collection":[{"href":"https:\/\/www.europesays.com\/es\/wp-json\/wp\/v2\/posts"}],"about":[{"href":"https:\/\/www.europesays.com\/es\/wp-json\/wp\/v2\/types\/post"}],"author":[{"embeddable":true,"href":"https:\/\/www.europesays.com\/es\/wp-json\/wp\/v2\/users\/2"}],"replies":[{"embeddable":true,"href":"https:\/\/www.europesays.com\/es\/wp-json\/wp\/v2\/comments?post=311739"}],"version-history":[{"count":0,"href":"https:\/\/www.europesays.com\/es\/wp-json\/wp\/v2\/posts\/311739\/revisions"}],"wp:featuredmedia":[{"embeddable":true,"href":"https:\/\/www.europesays.com\/es\/wp-json\/wp\/v2\/media\/311740"}],"wp:attachment":[{"href":"https:\/\/www.europesays.com\/es\/wp-json\/wp\/v2\/media?parent=311739"}],"wp:term":[{"taxonomy":"category","embeddable":true,"href":"https:\/\/www.europesays.com\/es\/wp-json\/wp\/v2\/categories?post=311739"},{"taxonomy":"post_tag","embeddable":true,"href":"https:\/\/www.europesays.com\/es\/wp-json\/wp\/v2\/tags?post=311739"}],"curies":[{"name":"wp","href":"https:\/\/api.w.org\/{rel}","templated":true}]}}