{"id":311755,"date":"2025-12-29T09:41:07","date_gmt":"2025-12-29T09:41:07","guid":{"rendered":"https:\/\/www.europesays.com\/es\/311755\/"},"modified":"2025-12-29T09:41:07","modified_gmt":"2025-12-29T09:41:07","slug":"australia-revisara-si-atentado-de-bondi-pudo-haberse-evitado-dw-29-12-2025","status":"publish","type":"post","link":"https:\/\/www.europesays.com\/es\/311755\/","title":{"rendered":"Australia revisar\u00e1 si atentado de Bondi pudo haberse evitado \u2013 DW \u2013 29\/12\/2025"},"content":{"rendered":"<p>El primer ministro de <a class=\"internal-link\" href=\"https:\/\/www.dw.com\/es\/australia\/t-39761591\" rel=\"nofollow noopener\" target=\"_blank\">Australia<\/a>, Anthony Albanese, anunci\u00f3 el lunes (29.12.2025) el inicio de una revisi\u00f3n independiente que determinar\u00e1 si la Polic\u00eda pudo haber evitado el atentado terrorista del pasado 14 de diciembre, <a class=\"internal-link\" href=\"https:\/\/www.dw.com\/es\/australia-celebra-primeros-funerales-tras-ataque-en-s\u00eddney\/a-75193167\" rel=\"nofollow noopener\" target=\"_blank\">cuando 15 personas fueron asesinadas<\/a> en medio de una celebraci\u00f3n jud\u00eda en Bondi, una tur\u00edstica playa de S\u00eddney.<\/p>\n<p>En una declaraci\u00f3n ante la prensa, Albanese explic\u00f3 que la revisi\u00f3n estar\u00e1 dirigida por el exjefe de la Organizaci\u00f3n de Inteligencia de Seguridad Australiana (ASIO) Dennis Richardson, con experiencia en las carteras de Defensa y Exteriores, quien tendr\u00e1 \u00abacceso total\u00bb a los materiales vinculados con la investigaci\u00f3n.<\/p>\n<p>Se espera que Richardson eval\u00fae si las agencias federales, incluyendo la Polic\u00eda Federal Australiana, trabajaron \u00abcon la mayor eficacia posible\u00bb y las acciones que tomaron con la informaci\u00f3n que manejaban antes del ataque, algo que se conocer\u00e1 cuando se presenten las conclusiones de la revisi\u00f3n, en abril de 2026.<\/p>\n<p>\u00abConsiderar\u00e1 lo que estas agencias sab\u00edan sobre los presuntos culpables antes del ataque, el intercambio de informaci\u00f3n entre agencias. Richardson tendr\u00e1 acceso total a todo el material que considere relevante para su indagaci\u00f3n\u00bb, sostuvo el primer ministro.<\/p>\n<p>Familiares piden formar una \u00abcomisi\u00f3n real\u00bb<\/p>\n<p>Seg\u00fan la cadena p\u00fablica australiana ABC, <a class=\"internal-link\" href=\"https:\/\/www.dw.com\/es\/australia-recuerda-a-las-v\u00edctimas-del-atentado-en-s\u00eddney\/a-75256445\" rel=\"nofollow noopener\" target=\"_blank\">familiares de 17 heridos y fallecidos<\/a> en el atentado firmaron una petici\u00f3n el lunes exigiendo que se constituya una comisi\u00f3n real para investigar si el ataque se pudo haber evitado.<\/p>\n<p>A diferencia de la revisi\u00f3n independiente, el mecanismo de la comisi\u00f3n real se maneja con mayor transparencia, con audiencias p\u00fablicas o televisadas, y puede obligar a las personas a declarar bajo juramento con la amenaza de sanciones o encarcelamiento.<\/p>\n<p>El camino escogido por Albanese ofrece soluciones m\u00e1s r\u00e1pidas, otorga poderes limitados a Richardson y permite mantener en la confidencialidad asuntos que se consideren especialmente sensibles para la seguridad de la naci\u00f3n.<\/p>\n<p>La semana pasada, un hombre de 39 a\u00f1os de edad fue detenido en la ciudad de Perth, despu\u00e9s de que la Polic\u00eda encontrase en su residencia armas, municiones y s\u00edmbolos de organizaciones terroristas en una redada ordenada por las autoridades en vista del apoyo expresado por el sujeto al ataque del 14 de diciembre.<\/p>\n<p>El detenido fue acusado de hacer comentarios antisemitas en redes sociales despu\u00e9s del atentado, presuntamente calificando de \u00abdefensa propia\u00bb el ataque perpetrado en Bondi por el que acusan a <a class=\"internal-link\" href=\"https:\/\/www.dw.com\/es\/padre-e-hijo-mataron-a-15-personas-en-playa-de-australia\/a-75154559\" rel=\"nofollow noopener\" target=\"_blank\">Naveed Akram, actualmente preso, y a su padre, Sajid Akram<\/a>, que fue abatido por la Polic\u00eda.<\/p>\n<p>gs (efe, reuters)<\/p>\n","protected":false},"excerpt":{"rendered":"El primer ministro de Australia, Anthony Albanese, anunci\u00f3 el lunes (29.12.2025) el inicio de una revisi\u00f3n independiente que&hellip;\n","protected":false},"author":2,"featured_media":311756,"comment_status":"","ping_status":"","sticky":false,"template":"","format":"standard","meta":{"footnotes":""},"categories":[42],"tags":[17,18,13,14,11,61,62,63,64,19,20,9,10,15,16,12,21,22,65,66,67],"class_list":{"0":"post-311755","1":"post","2":"type-post","3":"status-publish","4":"format-standard","5":"has-post-thumbnail","7":"category-internacional","8":"tag-breaking-news","9":"tag-breakingnews","10":"tag-featured-news","11":"tag-featurednews","12":"tag-headlines","13":"tag-internacional","14":"tag-international","15":"tag-international-news","16":"tag-internationalnews","17":"tag-latest-news","18":"tag-latestnews","19":"tag-news","20":"tag-noticias","21":"tag-noticias-destacadas","22":"tag-noticiasdestacadas","23":"tag-titulares","24":"tag-ultimas-noticias","25":"tag-ultimasnoticias","26":"tag-world","27":"tag-world-news","28":"tag-worldnews"},"share_on_mastodon":{"url":"https:\/\/pubeurope.com\/@es\/115802202663446616","error":""},"_links":{"self":[{"href":"https:\/\/www.europesays.com\/es\/wp-json\/wp\/v2\/posts\/311755","targetHints":{"allow":["GET"]}}],"collection":[{"href":"https:\/\/www.europesays.com\/es\/wp-json\/wp\/v2\/posts"}],"about":[{"href":"https:\/\/www.europesays.com\/es\/wp-json\/wp\/v2\/types\/post"}],"author":[{"embeddable":true,"href":"https:\/\/www.europesays.com\/es\/wp-json\/wp\/v2\/users\/2"}],"replies":[{"embeddable":true,"href":"https:\/\/www.europesays.com\/es\/wp-json\/wp\/v2\/comments?post=311755"}],"version-history":[{"count":0,"href":"https:\/\/www.europesays.com\/es\/wp-json\/wp\/v2\/posts\/311755\/revisions"}],"wp:featuredmedia":[{"embeddable":true,"href":"https:\/\/www.europesays.com\/es\/wp-json\/wp\/v2\/media\/311756"}],"wp:attachment":[{"href":"https:\/\/www.europesays.com\/es\/wp-json\/wp\/v2\/media?parent=311755"}],"wp:term":[{"taxonomy":"category","embeddable":true,"href":"https:\/\/www.europesays.com\/es\/wp-json\/wp\/v2\/categories?post=311755"},{"taxonomy":"post_tag","embeddable":true,"href":"https:\/\/www.europesays.com\/es\/wp-json\/wp\/v2\/tags?post=311755"}],"curies":[{"name":"wp","href":"https:\/\/api.w.org\/{rel}","templated":true}]}}