{"id":311757,"date":"2025-12-29T09:42:09","date_gmt":"2025-12-29T09:42:09","guid":{"rendered":"https:\/\/www.europesays.com\/es\/311757\/"},"modified":"2025-12-29T09:42:09","modified_gmt":"2025-12-29T09:42:09","slug":"las-barriadas-recibiran-a-los-reyes-magos-de-oriente","status":"publish","type":"post","link":"https:\/\/www.europesays.com\/es\/311757\/","title":{"rendered":"Las barriadas recibir\u00e1n a los Reyes Magos de Oriente"},"content":{"rendered":"<p>El municipio de San Roque da la bienvenida a los Reyes Magos con Recepciones, Cabalgatas y arrastres de latas. La primera cita ser\u00e1 el pr\u00f3ximo domingo 4 de enero, a partir de las 16.00 horas en Guadrranque, donde habr\u00e1 una Recepci\u00f3n de los Reyes Magos en el Local Los Remos. Sin embargo, la mayor\u00eda de los actos de V\u00edsperas de Reyes tendr\u00e1n lugar el lunes 5.<\/p>\n<p>En San Enrique, habr\u00e1 un arrastre de latas a las 11.00 horas, realiz\u00e1ndose la tradicional Cabalgata de Reyes a las 16.30, con recepci\u00f3n de Sus Majestades de Oriente en la Plaza de la Bomba.<\/p>\n<p>En Guadiaro, a las 12.00 horas habr\u00e1 arrastre de latas, comenzando la cabalgata a las 17.30, con recepci\u00f3n en el recinto ferial.<\/p>\n<p>En Torreguadiaro tendr\u00e1 lugar una Recepci\u00f3n de los Reyes Magos en la Plaza Encarnaci\u00f3n S\u00e1nchez Navarro a partir de las 11.30 horas.<\/p>\n<p>En Puente Mayorga, a las 12.00 horas se celebrar\u00e1 el arrastre de latas, con recepci\u00f3n en el Centro C\u00edvico La Esquina a partir de las 12.30 horas.<\/p>\n<p>El mismo horario tendr\u00e1n las actividades en Campamento, aunque la recepci\u00f3n ser\u00e1 en la Plaza del Cuartel.<\/p>\n<p>En Miraflores habr\u00e1 arrastre de latas a mediod\u00eda, con recepci\u00f3n de los Reyes junto al local de la Asociaci\u00f3n de Vecinos.<\/p>\n<p>En Taraguilla, el arrastre de latas tendr\u00e1 lugar por la tarde, a partir de las 16.00 horas, con recepci\u00f3n en la Plaza de las Flores.<\/p>\n<p>En cuanto a la Estaci\u00f3n de San Roque, a las 11.00 habr\u00e1 arrastre de latas, a las 12.00 horas cabalgata y a las 12.30 recepci\u00f3n en la Plaza de San Bernardo.<\/p>\n","protected":false},"excerpt":{"rendered":"El municipio de San Roque da la bienvenida a los Reyes Magos con Recepciones, Cabalgatas y arrastres de&hellip;\n","protected":false},"author":2,"featured_media":311758,"comment_status":"","ping_status":"","sticky":false,"template":"","format":"standard","meta":{"footnotes":""},"categories":[8],"tags":[1250,17,18,2193,2191,25,24,13,14,2190,11,19,20,9,10,15,16,2186,2189,2185,2187,23,2192,12,2188,21,22],"class_list":{"0":"post-311757","1":"post","2":"type-post","3":"status-publish","4":"format-standard","5":"has-post-thumbnail","7":"category-espana","8":"tag-ayuntamiento","9":"tag-breaking-news","10":"tag-breakingnews","11":"tag-cadiz","12":"tag-campamento","13":"tag-es","14":"tag-espana","15":"tag-featured-news","16":"tag-featurednews","17":"tag-guadiaro","18":"tag-headlines","19":"tag-latest-news","20":"tag-latestnews","21":"tag-news","22":"tag-noticias","23":"tag-noticias-destacadas","24":"tag-noticiasdestacadas","25":"tag-roque","26":"tag-san-enrique","27":"tag-san-roque","28":"tag-soto-grande","29":"tag-spain","30":"tag-taraguilla","31":"tag-titulares","32":"tag-torreguadiaro","33":"tag-ultimas-noticias","34":"tag-ultimasnoticias"},"share_on_mastodon":{"url":"https:\/\/pubeurope.com\/@es\/115802206646306005","error":""},"_links":{"self":[{"href":"https:\/\/www.europesays.com\/es\/wp-json\/wp\/v2\/posts\/311757","targetHints":{"allow":["GET"]}}],"collection":[{"href":"https:\/\/www.europesays.com\/es\/wp-json\/wp\/v2\/posts"}],"about":[{"href":"https:\/\/www.europesays.com\/es\/wp-json\/wp\/v2\/types\/post"}],"author":[{"embeddable":true,"href":"https:\/\/www.europesays.com\/es\/wp-json\/wp\/v2\/users\/2"}],"replies":[{"embeddable":true,"href":"https:\/\/www.europesays.com\/es\/wp-json\/wp\/v2\/comments?post=311757"}],"version-history":[{"count":0,"href":"https:\/\/www.europesays.com\/es\/wp-json\/wp\/v2\/posts\/311757\/revisions"}],"wp:featuredmedia":[{"embeddable":true,"href":"https:\/\/www.europesays.com\/es\/wp-json\/wp\/v2\/media\/311758"}],"wp:attachment":[{"href":"https:\/\/www.europesays.com\/es\/wp-json\/wp\/v2\/media?parent=311757"}],"wp:term":[{"taxonomy":"category","embeddable":true,"href":"https:\/\/www.europesays.com\/es\/wp-json\/wp\/v2\/categories?post=311757"},{"taxonomy":"post_tag","embeddable":true,"href":"https:\/\/www.europesays.com\/es\/wp-json\/wp\/v2\/tags?post=311757"}],"curies":[{"name":"wp","href":"https:\/\/api.w.org\/{rel}","templated":true}]}}