{"id":311771,"date":"2025-12-29T09:53:12","date_gmt":"2025-12-29T09:53:12","guid":{"rendered":"https:\/\/www.europesays.com\/es\/311771\/"},"modified":"2025-12-29T09:53:12","modified_gmt":"2025-12-29T09:53:12","slug":"adios-a-brigitte-bardot-sublimacion-y-desprecio-del-eterno-femenino-la-voz-de-galicia","status":"publish","type":"post","link":"https:\/\/www.europesays.com\/es\/311771\/","title":{"rendered":"Adi\u00f3s a Brigitte Bardot, sublimaci\u00f3n y desprecio del eterno femenino &#8211; La Voz de Galicia"},"content":{"rendered":"<ol>\n<li><a href=\"https:\/\/news.google.com\/rss\/articles\/CBMi0AFBVV95cUxOOV9MY2l4REdBak1tZXVOLUFWamp2WThvRno3d1V6MmZxbUxyM1lFazNUc0NET1NVX1VNT2JtMEdTTld2REN1RHpLMldsNS05QUNjNldOZ01jaXlRMHNyOHYyVldLMVI4M0tOdlgycGpYeE9NZXlTajRVS0lwZVdRRlU0T013cmg4cHNpVWNONDFCcWRMMUNZSlpCX096OFBfTU4zeHJjZkR0UHZEUG53a0xPVTVveHVkVmJQOTNacGZFOS12Q1Y4LUxFTHZpSXZa?oc=5\" target=\"_blank\" rel=\"nofollow noopener\">Adi\u00f3s a Brigitte Bardot, sublimaci\u00f3n y desprecio del eterno femenino<\/a>&nbsp;&nbsp;La Voz de Galicia<\/li>\n<li><a href=\"https:\/\/news.google.com\/rss\/articles\/CBMiiAFBVV95cUxPQm56N282RlFTcW1PdXExbUtldTRzTlV5dGZqYWxfUnBLMFl5TFlUWVdNc09NVzdVNnpERXlPX1haeTNpRHhUc1NYWWp6WWxJWjFDQ2dmNDZlcnZ4dVBITTNsb2VxUHdpYkxMMUREdkxuU210QVVRYVFRU0h3ZkRrZExHUzVNOWQw?oc=5\" target=\"_blank\" rel=\"nofollow noopener\">El v\u00e9rtigo infinito de Brigitte Bardot<\/a>&nbsp;&nbsp;EL PA\u00cdS<\/li>\n<li><a href=\"https:\/\/news.google.com\/rss\/articles\/CBMiygFBVV95cUxQZzRaWlZiWVhQa3poQXc2aHJ3Qkp2UUN4TWJEb3ZDSTVMaFE1dDdjTXdnYmZqQUplY2U0eVpFaVRrYmFMcXZsUENHT1dJMG9Td3JGcVRZY01JZVFleXZWa2kxdzNSbUJmejRqOUE3VlFQNWlaamM5TlRFR0h3dWxpaE12OHB2QUEyYl9WNTBENzFDM3llUlpPNGFVejNodzFCRnhBSEdadXhjVHJhbWFBZVRncDJyTTJET1YtVDNEUDJ2OUdlZnAzazFB?oc=5\" target=\"_blank\" rel=\"nofollow noopener\">As\u00ed fueron los \u00faltimos meses de Brigitte Bardot, con varios ingresos en el hospital y un desmentido rotundo<\/a>&nbsp;&nbsp;Vanitatis<\/li>\n<li><a href=\"https:\/\/news.google.com\/rss\/articles\/CBMihgFBVV95cUxNTVNVUl9uY055TWhsQzQwdEFUVFcxbHpRU2pZOWx5bGhwRXdqS2RTNnRWemxTR2Z0LWxMSjJFOXh4U0RPQlczMUJEM3NrUGNOQVNhckpzVlhhQVVOZnRFLXctWkswSWJJSXdyeU15U0JBMGJabWpmRk9jbDF0dWhJUkh4YWpRQdIBhgFBVV95cUxNWUh4SXdubjVGR2wzYzEyaGlQWE1UcGU3ck9jZGZHNnpIYU15QkhZTmUyeG80alhjWFZyWGxIaVdJUVg3VExpc25yalVkd0pDWXEyeTJGZnBaa3JCMVhtS0RpcVZXZk1LM1l2X0VGNWFmb2FXWHhRMmZIaU9FU2xzY01HUDlzUQ?oc=5\" target=\"_blank\" rel=\"nofollow noopener\">Brigitte Bardot, una fortuna de 65 millones de euros tras retirarse del cine en 1973<\/a>&nbsp;&nbsp;El Mundo<\/li>\n<li><a href=\"https:\/\/news.google.com\/rss\/articles\/CBMiigFBVV95cUxPY282c3h6LXU0b3lwWHlIRkdlVTBUTFNlbG5IVG5DM2ZzS0dUVmR5Z2pMT1IxVEVSclA0T0ZHemZjWFJFZjNMNmVHNkFFMGVxQTdacUpDRnJtUVRxY2pWUnl6SWN4bzRUTzFJcXBibFQ3TEVQaDkwcGd6QmxVN3VSakRneXVud3NxSWc?oc=5\" target=\"_blank\" rel=\"nofollow noopener\">Ignacio Camacho: Los labios del esc\u00e1ndalo<\/a>&nbsp;&nbsp;ABC<\/li>\n<\/ol>\n","protected":false},"excerpt":{"rendered":"Adi\u00f3s a Brigitte Bardot, sublimaci\u00f3n y desprecio del eterno femenino&nbsp;&nbsp;La Voz de Galicia El v\u00e9rtigo infinito de Brigitte&hellip;\n","protected":false},"author":2,"featured_media":311772,"comment_status":"","ping_status":"","sticky":false,"template":"","format":"standard","meta":{"footnotes":""},"categories":[174],"tags":[16276,255,177,146,147,25,24,256,54055,317,1505,48512,23],"class_list":{"0":"post-311771","1":"post","2":"type-post","3":"status-publish","4":"format-standard","5":"has-post-thumbnail","7":"category-famosos","8":"tag-brigitte-bardot","9":"tag-celebrities","10":"tag-cine","11":"tag-entertainment","12":"tag-entretenimiento","13":"tag-es","14":"tag-espana","15":"tag-famosos","16":"tag-festival-de-cannes","17":"tag-francia","18":"tag-hollywood","19":"tag-marilyn-monroe","20":"tag-spain"},"share_on_mastodon":{"url":"https:\/\/pubeurope.com\/@es\/115802249856470800","error":""},"_links":{"self":[{"href":"https:\/\/www.europesays.com\/es\/wp-json\/wp\/v2\/posts\/311771","targetHints":{"allow":["GET"]}}],"collection":[{"href":"https:\/\/www.europesays.com\/es\/wp-json\/wp\/v2\/posts"}],"about":[{"href":"https:\/\/www.europesays.com\/es\/wp-json\/wp\/v2\/types\/post"}],"author":[{"embeddable":true,"href":"https:\/\/www.europesays.com\/es\/wp-json\/wp\/v2\/users\/2"}],"replies":[{"embeddable":true,"href":"https:\/\/www.europesays.com\/es\/wp-json\/wp\/v2\/comments?post=311771"}],"version-history":[{"count":0,"href":"https:\/\/www.europesays.com\/es\/wp-json\/wp\/v2\/posts\/311771\/revisions"}],"wp:featuredmedia":[{"embeddable":true,"href":"https:\/\/www.europesays.com\/es\/wp-json\/wp\/v2\/media\/311772"}],"wp:attachment":[{"href":"https:\/\/www.europesays.com\/es\/wp-json\/wp\/v2\/media?parent=311771"}],"wp:term":[{"taxonomy":"category","embeddable":true,"href":"https:\/\/www.europesays.com\/es\/wp-json\/wp\/v2\/categories?post=311771"},{"taxonomy":"post_tag","embeddable":true,"href":"https:\/\/www.europesays.com\/es\/wp-json\/wp\/v2\/tags?post=311771"}],"curies":[{"name":"wp","href":"https:\/\/api.w.org\/{rel}","templated":true}]}}