{"id":311773,"date":"2025-12-29T09:54:26","date_gmt":"2025-12-29T09:54:26","guid":{"rendered":"https:\/\/www.europesays.com\/es\/311773\/"},"modified":"2025-12-29T09:54:26","modified_gmt":"2025-12-29T09:54:26","slug":"gustavo-adolfo-becquer-y-su-faceta-inedita-de-dibujante-satirico-en-el-bellas-artes-de-sevilla","status":"publish","type":"post","link":"https:\/\/www.europesays.com\/es\/311773\/","title":{"rendered":"Gustavo Adolfo B\u00e9cquer y su faceta in\u00e9dita de dibujante sat\u00edrico, en el Bellas Artes de Sevilla"},"content":{"rendered":"<p style=\"\">La exposici\u00f3n que el Museo Bellas Artes de Sevilla dedica a la familia B\u00e9cquer titulada <strong>&#8216;Los B\u00e9cquer, un linaje de artistas&#8217;<\/strong>, muestra, a trav\u00e9s de 65 \u00f3leos y 83 dibujos, acuarelas y litograf\u00edas, la singular importancia de los pintores de la familia B\u00e9cquer,  &#8230; una saga de influyentes artistas en el panorama rom\u00e1ntico sevillano y espa\u00f1ol. Formada por Jos\u00e9, Joaqu\u00edn y Valeriano, se enriquece con la aportaci\u00f3n del poeta Gustavo Adolfo B\u00e9cquer, que se revela como excelente dibujante.<\/p>\n<p class=\"voc-p\" style=\"\">En este sentido, se presenta <strong>un apartado in\u00e9dito dedicado a los dibujos sat\u00edricos del autor de &#8216;Rimas y Leyendas&#8217;<\/strong> poblados por esqueletos en dibujos en hojas sueltas, dos \u00e1lbumes completos y un peque\u00f1o cuaderno sat\u00edrico anexo a uno de ellos que permiten acercarse a las sorprendentes tem\u00e1ticas que cultiv\u00f3 el poeta<\/p>\n<p class=\"voc-p\" style=\"\">Gustavo Adolfo B\u00e9cquer dibuj\u00f3 siempre. Adem\u00e1s de escribir poes\u00eda, prosa, relatos y cr\u00f3nicas period\u00edsticas, <strong>el autor sevillano, uno de los m\u00e1s le\u00eddos y apreciados en lengua espa\u00f1ola, dibujaba en hojas sueltas y en cartas, cuadernos, \u00e1lbumes e, incluso, en sus propios manuscritos.<\/strong> No en vano hab\u00eda nacido en el seno de una familia de artistas sevillanos: su padre era Jos\u00e9 Dom\u00ednguez B\u00e9cquer, iniciador de la saga; su t\u00edo, el codiciado pintor costumbrista Joaqu\u00edn Dom\u00ednguez B\u00e9cquer, y su hermano mayor, Valeriano, uno de los m\u00e1s agudos dibujantes de mediados del siglo XIX. <\/p>\n<p class=\"voc-p\" style=\"\">Nacido en Sevilla en 1836, con apenas 12 a\u00f1os Gustavo Adolfo B\u00e9cquer entr\u00f3 en la Escuela de Bellas Artes, situada entonces en el Museo de Pinturas (en la actualidad, Museo de Bellas Artes de Sevilla). Sin embargo, pronto abandon\u00f3 los estudios acad\u00e9micos y pas\u00f3 al taller de su t\u00edo Joaqu\u00edn, en el que coincidi\u00f3 con su hermano Valeriano, quien estaba aprendiendo all\u00ed el oficio de pintor. <\/p>\n<p class=\"voc-p\" style=\"\"><strong>B\u00e9cquer, que adem\u00e1s mostr\u00f3 tambi\u00e9n buenas dotes para la m\u00fasica,<\/strong> quiso seguir la carrera de pintor de la mano de su t\u00edo, pero su intenci\u00f3n de llevar a cabo una carrera pict\u00f3rica result\u00f3 fallido, aunque dibujaba muy bien, como demuestra el hecho de que sus obras fueran muy codiciados por sus contempor\u00e1neos. <\/p>\n<p class=\"voc-p\" style=\"\"><strong>El autor de &#8216;Rimas y leyendas&#8217; regalaba sus dibujos entre sus amigos y conocidos,<\/strong> obras que, en muchos casos, como ha documentado el catedr\u00e1tico em\u00e9rito de Literatura Espa\u00f1ola de la Universidad de Zaragoza, <strong>Jes\u00fas Rubio Jim\u00e9nez,<\/strong> han desaparecido en la actualidad. S\u00f3lo se tienen referencias de la existencia de algunos de ellos, incluyendo un autorretrato, pero no hay constancia de los originales, siendo muy pocos los que han llegado hasta nosotros.<\/p>\n<p class=\"voc-p\" style=\"\"><strong>Cinco de estos dise\u00f1os, salidos de la mano de Gustavo Adolfo B\u00e9cquer, se exponen ahora en el Museo de Bellas Artes de Sevilla:<\/strong> dos dibujos sueltos, dos \u00e1lbumes, as\u00ed como un peque\u00f1o cuadernillo sat\u00edrico &#8216;bizarro&#8217; anexo a las p\u00e1ginas finales de uno de los \u00e1lbumes, que conforman el quinto bloque de la exposici\u00f3n &#8216;Los B\u00e9cquer, un linaje de artistas&#8217;.<\/p>\n<p class=\"voc-p\" style=\"\">La muestra pone de relieve \u00abuno de los aspectos menos conocidos del legado del popular autor sevillano, revelando la gran calidad, precisi\u00f3n, iron\u00eda y agudeza de su plumilla\u00bb, en palabras de la consejera de Cultura y Deporte, <strong>Patricia del Pozo.<\/strong> Para <strong>Valme Mu\u00f1oz,<\/strong> directora del Museo de Bellas Artes, esta selecci\u00f3n permite que \u00abpor primera vez se presenten al p\u00fablico los dibujos de Gustavo Adolfo B\u00e9cquer con la debida atenci\u00f3n que merecen\u00bb. <\/p>\n<p class=\"voc-p\" style=\"\"><strong>Entre las obras expuestas destacan dos dibujos en hojas sueltas de papel, uno realizado en tinta y otro con grafito.<\/strong> El primero, fechado en torno a 1860, representa a un gitano, que viste un traje corto, est\u00e1 tocado por un gran catite y porta un cayado, una manta y unas tijeras. Atributos que parecen indicar el oficio de esquilador y que, seg\u00fan informa <strong>el comisario de esta muestra, el historiador del arte Manuel Pi\u00f1anes Garc\u00eda Ol\u00edas<\/strong>, \u00abinducen a pensar que representa a un personaje real que Gustavo Adolfo lleg\u00f3 a conocer\u00bb.<\/p>\n<p><img decoding=\"async\" loading=\"lazy\" src=\"https:\/\/www.europesays.com\/es\/wp-content\/uploads\/2025\/12\/expo-becquer-sevilla-U35875156084ble-760x427@diario_abc.jpg\" class=\"voc-img\" width=\"760\" height=\"427\" alt=\"Vitrina de la exposici\u00f3n 'Los B\u00e9cquer. Un linaje de artistas'\" data-voc-vtm-id=\"in-text-traffic\"\/><\/p>\n<p>Vitrina de la exposici\u00f3n &#8216;Los B\u00e9cquer. Un linaje de artistas&#8217;<\/p>\n<p>abc<\/p>\n<p class=\"voc-p\" style=\"\">El segundo de los dibujos trazados en una hoja suelta tiene una naturaleza muy distinta, dado que es una creaci\u00f3n sat\u00edrica y grotesca protagonizada por uno de los temas m\u00e1s recurrentes en la obra gr\u00e1fica del autor de &#8216;Rimas y Leyendas&#8217;: <strong>los esqueletos<\/strong>. En este caso, representa a un diestro, con muleta y capote, plantado frente a la osamenta de un toro a punto de ser rematado. <\/p>\n<p class=\"voc-p\" style=\"\">Las desconcertantes im\u00e1genes de esqueletos tambi\u00e9n pueblan el peque\u00f1o cuaderno, anexo a un \u00e1lbum y recogido en esta muestra titulado<strong> &#8216;Les morts pour rire. Bizarreries d\u00e9di\u00e9es \u00e0 mademoiselle Julie, par G A Becker&#8217;<\/strong>. Hay que se\u00f1alar que estas fantasmagor\u00edas no eran una rareza en la \u00e9poca, y como indica el profesor Rubio, \u00abresultan cotidianas en su contexto postrom\u00e1ntico\u00bb. <\/p>\n<p class=\"voc-p\" style=\"\">Si bien B\u00e9cquer dio un paso m\u00e1s all\u00e1 al incorporar estos esqueletos sat\u00edricos al cat\u00e1logo de sus obsesiones literarias, representado, entre otras escenas fantasmag\u00f3ricas o &#8216;bizarras&#8217;, a <strong>una pareja de esqueletos jugando al tenis con un cr\u00e1neo<\/strong>; una funci\u00f3n circense con esqueletos saltando a trav\u00e9s de un aro; tumbas que acogen el cad\u00e1ver esquel\u00e9tico de una joven doncella; la ceremonia de un cortejo amoroso en el que ella y \u00e9l son s\u00f3lo huesos o un duelo a muerte entre esqueletos montados a un caballo y esgrimiendo una lanza. <\/p>\n<p class=\"voc-p\" style=\"\">Por \u00faltimo, <strong>la exposici\u00f3n re\u00fane dos \u00e1lbumes que constituyen el mayor conjunto de la obra pl\u00e1stica conocida de Gustavo Adolfo B\u00e9cquer.<\/strong> Se trata de los \u00e1lbumes de Julia Esp\u00edn, a cuya tertulia familiar paterna en Madrid acudieron con asiduidad los hermanos B\u00e9cquer. <strong>Custodiados en la Biblioteca Nacional<\/strong>, despliegan una buena muestra de los temas y asuntos que interesaron al poeta: escenas teatrales, dibujos grotescos y otros que reflejan el universo del mundo femenino. <\/p>\n<p class=\"voc-p\" style=\"\">Uno de los m\u00e1s modernos de esta serie es, sin duda, el que muestra a <strong>un hombre durmiendo agitado por una pesadilla <\/strong>mientras es observado atentamente por un diablo burl\u00f3n que lleva una inquietante mujer atada por un hilo a modo de cometa. La influencia de los monstruos de Goya y una portentosa imaginaci\u00f3n sobrevuelan estos dibujos de trazo firme e innegable calidad art\u00edstica. <\/p>\n<ul class=\"oc-d-c-list__list\">\n<li class=\"voc-d-c-list__item\">\n<p class=\"voc-d-c-list__paragraph\">D\u00f3nde: Museo de Bellas Artes de Sevilla. Plaza del Museo<\/p>\n<\/li>\n<li class=\"voc-d-c-list__item\">\n<p class=\"voc-d-c-list__paragraph\">Cu\u00e1ndo: Del 2 diciembre de 2025 a 15 de marzo 2026<\/p>\n<\/li>\n<li class=\"voc-d-c-list__item\">\n<p class=\"voc-d-c-list__paragraph\">Horario: Horario: De martes a s\u00e1bado, de 9 a 21 h. Domingos y festivos, de 9 a 15 h. Lunes cerrado. 31 de Diciembre, 1 y 6 de enero, cerrado.<\/p>\n<\/li>\n<\/ul>\n<p class=\"voc-p\" style=\"\">Como colof\u00f3n de ese apartado, se ha incluido el retrato del poeta realizado por su hermano Valeriano, que se conserva en el Museo de Bellas Artes de Sevilla y ha sido restaurado para la ocasi\u00f3n. <strong>Tambi\u00e9n se exhibe una primera edici\u00f3n de sus &#8216;Rimas y Leyendas&#8217;, que s\u00f3lo vio la luz de manera p\u00f3stuma en 1871<\/strong> -el poeta hab\u00eda fallecido un a\u00f1o antes- a iniciativa de sus amigos, quienes tuvieron que hacer una suscripci\u00f3n popular para poder publicarlas. Una obra fundamental en la historia de la literatura, que tardar\u00eda m\u00e1s de un lustro en alcanzar el inmenso aprecio y popularidad de la que ahora goza.<\/p>\n","protected":false},"excerpt":{"rendered":"La exposici\u00f3n que el Museo Bellas Artes de Sevilla dedica a la familia B\u00e9cquer titulada &#8216;Los B\u00e9cquer, un&hellip;\n","protected":false},"author":2,"featured_media":311774,"comment_status":"","ping_status":"","sticky":false,"template":"","format":"standard","meta":{"footnotes":""},"categories":[173],"tags":[16892,229,233,1968,231,230,38507,1967,232,73305,234,146,147,25,24,33015,15248,14464,73306,1171,23],"class_list":{"0":"post-311773","1":"post","2":"type-post","3":"status-publish","4":"format-standard","5":"has-post-thumbnail","7":"category-arte-y-diseno","8":"tag-adolfo","9":"tag-arte","10":"tag-arte-y-diseno","11":"tag-artes","12":"tag-arts","13":"tag-arts-and-design","14":"tag-becquer","15":"tag-bellas","16":"tag-design","17":"tag-dibujante","18":"tag-diseno","19":"tag-entertainment","20":"tag-entretenimiento","21":"tag-es","22":"tag-espana","23":"tag-faceta","24":"tag-gustavo","25":"tag-inedita","26":"tag-satirico","27":"tag-sevilla","28":"tag-spain"},"share_on_mastodon":{"url":"https:\/\/pubeurope.com\/@es\/115802253781652755","error":""},"_links":{"self":[{"href":"https:\/\/www.europesays.com\/es\/wp-json\/wp\/v2\/posts\/311773","targetHints":{"allow":["GET"]}}],"collection":[{"href":"https:\/\/www.europesays.com\/es\/wp-json\/wp\/v2\/posts"}],"about":[{"href":"https:\/\/www.europesays.com\/es\/wp-json\/wp\/v2\/types\/post"}],"author":[{"embeddable":true,"href":"https:\/\/www.europesays.com\/es\/wp-json\/wp\/v2\/users\/2"}],"replies":[{"embeddable":true,"href":"https:\/\/www.europesays.com\/es\/wp-json\/wp\/v2\/comments?post=311773"}],"version-history":[{"count":0,"href":"https:\/\/www.europesays.com\/es\/wp-json\/wp\/v2\/posts\/311773\/revisions"}],"wp:featuredmedia":[{"embeddable":true,"href":"https:\/\/www.europesays.com\/es\/wp-json\/wp\/v2\/media\/311774"}],"wp:attachment":[{"href":"https:\/\/www.europesays.com\/es\/wp-json\/wp\/v2\/media?parent=311773"}],"wp:term":[{"taxonomy":"category","embeddable":true,"href":"https:\/\/www.europesays.com\/es\/wp-json\/wp\/v2\/categories?post=311773"},{"taxonomy":"post_tag","embeddable":true,"href":"https:\/\/www.europesays.com\/es\/wp-json\/wp\/v2\/tags?post=311773"}],"curies":[{"name":"wp","href":"https:\/\/api.w.org\/{rel}","templated":true}]}}