{"id":311776,"date":"2025-12-29T09:57:15","date_gmt":"2025-12-29T09:57:15","guid":{"rendered":"https:\/\/www.europesays.com\/es\/311776\/"},"modified":"2025-12-29T09:57:15","modified_gmt":"2025-12-29T09:57:15","slug":"lista-definitiva-de-los-mejores-discos-de-2025-elegidos-por-el-equipo-de-la-heavy-y-mariskal-rock-helloween-ghost-y-dream-theater-al-frente","status":"publish","type":"post","link":"https:\/\/www.europesays.com\/es\/311776\/","title":{"rendered":"Lista definitiva de los mejores discos de 2025 elegidos por el equipo de La Heavy y Mariskal Rock: Helloween, Ghost y Dream Theater al frente"},"content":{"rendered":"<p style=\"text-align: center;\">Hace pocos d\u00edas conoc\u00edamos <strong><a target=\"_blank\" href=\"https:\/\/mariskalrock.com\/actualidad\/los-mejores-discos-de-2025-segun-el-equipo-de-la-heavy-y-mariskalrock\/\" rel=\"nofollow noopener\">las listas individuales realizadas por cada miembro del equipo de MariskalRock y La Heavy<\/a><\/strong>, esos lanzamientos fundamentales del a\u00f1o que dejaremos atr\u00e1s en cuesti\u00f3n de d\u00edas. Ahora llega el momento de sumar votos y descubrir la lista definitiva para encontrar al mejor disco del 2025 analizando los resultados. \u00bfCu\u00e1l ha sido el mejor \u00e1lbum por n\u00famero de votos? \u00bfCu\u00e1l ha sido el trabajo que se ha votado m\u00e1s veces en primera posici\u00f3n? \u00bfCu\u00e1les se han impuesto sin importar la posici\u00f3n? He aqu\u00ed todas las respuestas.<\/p>\n<p>La lista definitiva de los discos que m\u00e1s puntuaci\u00f3n han obtenido en las votaciones del equipo nos deja los siguientes resultados:<\/p>\n<p><strong>10. Ciclonautas &#8211; \u2018Ecdisis\u2019<\/strong><\/p>\n<p>Con el 31% de votos se ha alzado con el d\u00e9cimo puesto el \u00faltimo trabajo de <strong>Al\u00e9n Ayerdi<\/strong>, <strong>Mai Medina<\/strong> y <strong>Javier Pintor<\/strong>, que mantiene esa f\u00f3rmula ganadora que nos mostraron en obras previas. Los navarros <strong><a target=\"_blank\" href=\"https:\/\/mariskalrock.com\/actualidad\/critica-de-ciclonautas-ecdisis\/\" rel=\"nofollow noopener\">imponen su rotundo stoner en castellano<\/a><\/strong> y se consolidan en el panorama patrio con una personalidad propia que no necesita de ning\u00fan adorno para lograr epatar. Esto son ellos y no hay m\u00e1s vuelta de hoja.<\/p>\n<p><a target=\"_blank\" href=\"https:\/\/www.europesays.com\/es\/wp-content\/uploads\/2025\/12\/ciclonautas-ecdisis-portada.jpg\"><img fetchpriority=\"high\" decoding=\"async\" class=\"size-full wp-image-349232 aligncenter\" src=\"https:\/\/www.europesays.com\/es\/wp-content\/uploads\/2025\/12\/ciclonautas-ecdisis-portada.jpg\" alt=\"\" width=\"600\" height=\"600\"  \/><\/a><\/p>\n<p><strong>9. Alice Cooper &#8211; \u2018The Revenge of Alice Cooper\u2019<\/strong><\/p>\n<p>El maestro del shock rock sorprendi\u00f3 <strong><a target=\"_blank\" href=\"https:\/\/mariskalrock.com\/actualidad\/alice-cooper-se-reune-con-sus-companeros-de-banda-originales-por-primera-vez-en-mas-de-medio-siglo-para-un-nuevo-disco-the-revenge-of-alice-cooper\/\" rel=\"nofollow noopener\">reuni\u00e9ndose con sus compa\u00f1eros de banda originales<\/a><\/strong> por primera vez en m\u00e1s de medio siglo y ese esfuerzo ha tenido su recompensa al llevarse tambi\u00e9n el 31% de los votos. <strong>Michael Bruce<\/strong> a la guitarra, <strong>Dennis Dunaway<\/strong> al bajo y el bater\u00eda <strong>Neal Smith<\/strong> se unen al legendario vocalista para retomar cinco d\u00e9cadas despu\u00e9s el camino donde lo dejaron tras <strong>\u2018Muscle of Love\u2019<\/strong> (1973), contando para rizar el rizo con <strong>Bob Erzin<\/strong> en la producci\u00f3n, que ya estuvo tras los mandos de ic\u00f3nicos trabajos como <strong>\u2018Killer\u2019<\/strong> (1971),<strong> \u2018School\u2019s Out\u2019<\/strong> (1972) o <strong>\u2018Billion Dollar Babies\u2019<\/strong> (1973).<\/p>\n<p><a target=\"_blank\" href=\"https:\/\/www.europesays.com\/es\/wp-content\/uploads\/2025\/12\/alice-cooper-the-revenge-of-portada.jpg\"><img loading=\"lazy\" decoding=\"async\" class=\"size-full wp-image-355228 aligncenter\" src=\"https:\/\/www.europesays.com\/es\/wp-content\/uploads\/2025\/12\/alice-cooper-the-revenge-of-portada.jpg\" alt=\"\" width=\"600\" height=\"600\"  \/><\/a><\/p>\n<p><strong>8. Avantasia &#8211; \u2018Here Be Dragons\u2019<\/strong><\/p>\n<p>De unos a\u00f1os a esta parte cada lanzamiento del proyecto encabezado por <strong>Tobias Sammet<\/strong> se convierte en todo un acontecimiento, a pesar de que casi ha pasado m\u00e1s un cuarto de siglo desde el primer lanzamiento de este supergrupo de colaboradores infinitos. <strong><a target=\"_blank\" href=\"https:\/\/mariskalrock.com\/actualidad\/critica-de-avantasia-here-be-dragons\/\" rel=\"nofollow noopener\">\u2018Here Be Dragons\u2019<\/a><\/strong> mantuvo el nivel respecto a trabajos precedentes y a la vez consigui\u00f3 acaparar la atenci\u00f3n suficiente para que su responsable se convirtiera en protagonista del <strong><a target=\"_blank\" href=\"https:\/\/tienda.mariskalrock.com\/producto\/la-heavy-469-ya-a-la-venta-con-avantasia-en-portada-y-100-paginas-al-mismo-precio\/\" rel=\"nofollow noopener\">n\u00famero 469 de La Heavy<\/a><\/strong>.<\/p>\n<p><a target=\"_blank\" href=\"https:\/\/www.europesays.com\/es\/wp-content\/uploads\/2025\/12\/avantasia-here-be-dragons-portada.jpg\"><img loading=\"lazy\" decoding=\"async\" class=\"size-full wp-image-343759 aligncenter\" src=\"https:\/\/www.europesays.com\/es\/wp-content\/uploads\/2025\/12\/avantasia-here-be-dragons-portada.jpg\" alt=\"\" width=\"600\" height=\"600\"  \/><\/a><\/p>\n<p><strong>7. M\u00e4go de Oz &#8211; \u2018Malicia, la noche de las brujas\u2019<\/strong><\/p>\n<p>Con una fecha de lanzamiento tan m\u00e1gica como el 31 de octubre era evidente que <strong><a target=\"_blank\" href=\"https:\/\/mariskalrock.com\/secciones\/lanzamientos\/critica-de-mago-de-oz-malicia-la-noche-de-las-brujas\/\" rel=\"nofollow noopener\">\u2018Malicia, la noche de las brujas\u2019<\/a><\/strong> iba a ser algo especial, aparte de una demostraci\u00f3n de que los de <strong>Txus di Fellatio<\/strong> pod\u00edan reinventarse sin dejar de sonar a ellos mismos. Su vocaci\u00f3n de contar historias sigue intacta, sin que eso implique la repetici\u00f3n de f\u00f3rmulas ya conocidas.<\/p>\n<p><a target=\"_blank\" href=\"https:\/\/www.europesays.com\/es\/wp-content\/uploads\/2025\/12\/mago-de-oz-malicia-portada.jpg\"><img loading=\"lazy\" decoding=\"async\" class=\"size-full wp-image-382985 aligncenter\" src=\"https:\/\/www.europesays.com\/es\/wp-content\/uploads\/2025\/12\/mago-de-oz-malicia-portada.jpg\" alt=\"\" width=\"600\" height=\"600\"  \/><\/a><\/p>\n<p><strong>6. H.E.A.T. &#8211; \u2018Welcome to the future\u2019<\/strong><\/p>\n<p>La <strong><a target=\"_blank\" href=\"https:\/\/mariskalrock.com\/actualidad\/el-vocalista-erik-gronwall-abandona-h-e-a-t-regresa-el-cantante-original-kenny-leckremo\/\" rel=\"nofollow noopener\">vuelta del vocalista Kenny Leckremo<\/a><\/strong> en 2020 en sustituci\u00f3n de <strong>Erik Gr\u00f6nwall<\/strong> ha supuesto una nueva etapa para los suecos en la que desde luego no se han descolgado los fieles. Si su anterior trabajo con <strong>Leckremo \u2018Force Majeure\u2019<\/strong> fue bien recibido, <strong>\u2018Welcome to the future\u2019<\/strong> ha rubricado el momento boyante que viven los escandinavos en la actualidad.<\/p>\n<p><a target=\"_blank\" href=\"https:\/\/www.europesays.com\/es\/wp-content\/uploads\/2025\/12\/heat-welcome-to-the-future-portada.jpg\"><img loading=\"lazy\" decoding=\"async\" class=\"size-full wp-image-347872 aligncenter\" src=\"https:\/\/www.europesays.com\/es\/wp-content\/uploads\/2025\/12\/heat-welcome-to-the-future-portada.jpg\" alt=\"\" width=\"600\" height=\"600\"  \/><\/a><\/p>\n<p><strong>5. Fito &amp; Fitipaldis &#8211; \u2018El monte de los aullidos\u2019<\/strong><\/p>\n<p>\u00bfQu\u00e9 decir a estas alturas de <strong>Fito &amp; Fitipaldis<\/strong> con una gira mastod\u00f3ntica que ha colgado el cartel de entradas agotadas con asombrosa facilidad? El \u00faltimo disco del de Zabala <strong><a target=\"_blank\" href=\"https:\/\/mariskalrock.com\/actualidad\/fito-fitipaldis-alcanzan-el-numero-uno-en-ventas-en-espana-con-el-disco-el-monte-de-los-aullidos\/\" rel=\"nofollow noopener\">alcanz\u00f3 el n\u00famero uno en ventas<\/a><\/strong> en Espa\u00f1a y adem\u00e1s conquist\u00f3 el <strong><a target=\"_blank\" href=\"https:\/\/mariskalrock.com\/actualidad\/fito-fitipaldis-conquista-el-disco-de-oro-con-el-monte-de-los-aullidos-y-sigue-su-gira-por-toda-espana\/\" rel=\"nofollow noopener\">Disco de Oro<\/a><\/strong>. Resaltar los muchos m\u00e9ritos de <strong><a target=\"_blank\" href=\"https:\/\/mariskalrock.com\/criticas\/critica-de-fito-fitipaldis-el-monte-de-los-aullidos\/\" rel=\"nofollow noopener\">\u2018El monte de los aullidos\u2019<\/a><\/strong> podr\u00eda tornarse interminable, por lo que invitamos a que cada cual se forme su propia opini\u00f3n, porque datos objetivos de su descomunal \u00e9xito ya tenemos bastantes.<\/p>\n<p><a target=\"_blank\" href=\"https:\/\/www.europesays.com\/es\/wp-content\/uploads\/2025\/12\/fito-el-monte-de-los-aullidos-portada.jpg\"><img loading=\"lazy\" decoding=\"async\" class=\"size-full wp-image-382986 aligncenter\" src=\"https:\/\/www.europesays.com\/es\/wp-content\/uploads\/2025\/12\/fito-el-monte-de-los-aullidos-portada.jpg\" alt=\"\" width=\"600\" height=\"600\"  \/><\/a><\/p>\n<p><strong>4. Arch Enemy &#8211; \u2018Blood Dynasty\u2019<\/strong><\/p>\n<p>Con este disco los suecos se confirmaron como reyes absolutos del death metal mel\u00f3dico. A pesar de los evidentes atractivos del lanzamiento por s\u00ed mismo, pasar\u00e1 a la historia por convertirse en el \u00faltimo \u00e1lbum de la banda con la carism\u00e1tica vocalista <strong>Alissa White-Gluz<\/strong>, pues esta <strong><a target=\"_blank\" href=\"https:\/\/mariskalrock.com\/actualidad\/arch-enemy-anuncia-la-marcha-de-alissa-white-gluz-y-seguira-con-otra-vocalista-donde-hay-un-final-tambien-hay-un-comienzo\/\" rel=\"nofollow noopener\">anunci\u00f3 su marcha<\/a><\/strong> a finales del pasado noviembre. \u00bfMantendr\u00e1n los escandinavos el nivel demostrado en <strong><a target=\"_blank\" href=\"https:\/\/mariskalrock.com\/actualidad\/critica-de-arch-enemy-blood-dynasty\/\" rel=\"nofollow noopener\">\u2018Blood Dynasty\u2019<\/a><\/strong> en posteriores obras? El futuro nos lo dir\u00e1.<\/p>\n<p><a target=\"_blank\" href=\"https:\/\/www.europesays.com\/es\/wp-content\/uploads\/2025\/12\/arch-enemy-blood-dynasty-portada1.jpg\"><img loading=\"lazy\" decoding=\"async\" class=\"size-full wp-image-338593 aligncenter\" src=\"https:\/\/www.europesays.com\/es\/wp-content\/uploads\/2025\/12\/arch-enemy-blood-dynasty-portada1.jpg\" alt=\"\" width=\"600\" height=\"600\"  \/><\/a><\/p>\n<p><strong>3. Dream Theater &#8211; \u2018Parasomnia\u2019<\/strong><\/p>\n<p>Otro lanzamiento que sin duda acaparaba bastante la atenci\u00f3n era el esperado nuevo disco de <strong>Dream Theater<\/strong> tras <strong><a target=\"_blank\" href=\"https:\/\/mariskalrock.com\/actualidad\/dream-theater-estrena-a-broken-man-nuevo-adelanto-de-parasomnia-el-esperado-nuevo-disco-tras-el-regreso-de-mike-portnoy\/\" rel=\"nofollow noopener\">el regreso del bater\u00eda Mike Portnoy<\/a><\/strong>. Una circunstancia que coincidi\u00f3 con su 40\u00ba aniversario y que trastoc\u00f3 el panorama internacional. <strong><a target=\"_blank\" href=\"https:\/\/mariskalrock.com\/actualidad\/critica-de-dream-theater-parasomnia\/\" rel=\"nofollow noopener\">\u2018Parasomnia\u2019<\/a><\/strong> cont\u00f3 por lo tanto con letras de Portnoy que inclu\u00edan gui\u00f1os a los fans y todo el revuelo generado en torno al \u00e1lbum les permiti\u00f3 a los norteamericanos hacerse con la portada del <strong><a target=\"_blank\" href=\"https:\/\/tienda.mariskalrock.com\/producto\/la-heavy-468-ya-a-la-venta-con-dream-theater-en-portada-junto-a-saurom-lacuna-coil-jinjer-y-sober-100-paginas-al-mismo-precio\/\" rel=\"nofollow noopener\">n\u00famero 468 de La Heavy<\/a><\/strong>.<\/p>\n<p><a target=\"_blank\" href=\"https:\/\/www.europesays.com\/es\/wp-content\/uploads\/2025\/12\/dream-theater-parasomnia-portada.jpg\"><img loading=\"lazy\" decoding=\"async\" class=\"size-full wp-image-339188 aligncenter\" src=\"https:\/\/www.europesays.com\/es\/wp-content\/uploads\/2025\/12\/dream-theater-parasomnia-portada.jpg\" alt=\"\" width=\"600\" height=\"600\"  \/><\/a><\/p>\n<p><strong>2. Ghost &#8211; \u2018Skelet\u00e1\u2019<\/strong><\/p>\n<p>Los de <strong>Tobias Forge<\/strong> iniciaron del mismo modo una nueva etapa con <strong><a target=\"_blank\" href=\"https:\/\/mariskalrock.com\/actualidad\/critica-de-ghost-skeleta\/\" rel=\"nofollow noopener\">\u2018Skelet\u00e1\u2019<\/a><\/strong>, que llegaba presidida por una nueva figura al frente de la formaci\u00f3n, el <strong>Papa V Perpetua<\/strong>. La historia creada en torno a la banda sigue sumando nuevos cap\u00edtulos ante la bendici\u00f3n de los ac\u00f3litos, que ni de lejos han disminuido. \u00a1Oremos!<\/p>\n<p><a target=\"_blank\" href=\"https:\/\/www.europesays.com\/es\/wp-content\/uploads\/2025\/12\/ghost-skeleta-portada.jpg\"><img loading=\"lazy\" decoding=\"async\" class=\"size-full wp-image-353329 aligncenter\" src=\"https:\/\/www.europesays.com\/es\/wp-content\/uploads\/2025\/12\/ghost-skeleta-portada.jpg\" alt=\"\" width=\"600\" height=\"600\"  \/><\/a><\/p>\n<p><strong>1. Helloween &#8211; \u2018Giants &amp; Monsters\u2019<\/strong><\/p>\n<p>Y el primer puesto, con el 100% de los votos, es sin duda para <strong><a target=\"_blank\" href=\"https:\/\/mariskalrock.com\/actualidad\/critica-de-helloween-giants-monsters\/\" rel=\"nofollow noopener\">\u2018Giants &amp; Monsters\u2019<\/a><\/strong> de <strong>Helloween<\/strong>, donde encajan todas las piezas a nivel compositivo y aquella reuni\u00f3n con <strong>Kai Hansen<\/strong> y <strong>Michael Kiske<\/strong> sube un pelda\u00f1o que le coloca por encima de su \u00e1lbum precedente. Un acontecimiento de tal envergadura tampoco pod\u00eda quedar al margen y no alzarse con la portada del <strong><a target=\"_blank\" href=\"https:\/\/tienda.mariskalrock.com\/producto\/la-heavy-473-ya-a-la-venta-con-helloween-en-portada-junto-a-iron-maiden-within-temptation-babymetal-o-rise-against\/\" rel=\"nofollow noopener\">n\u00famero 473 de La Heavy<\/a><\/strong>.<\/p>\n<p><a target=\"_blank\" href=\"https:\/\/www.europesays.com\/es\/wp-content\/uploads\/2025\/12\/helloween-giants-and-monsters-portada.jpg\"><img loading=\"lazy\" decoding=\"async\" class=\"size-full wp-image-358382 aligncenter\" src=\"https:\/\/www.europesays.com\/es\/wp-content\/uploads\/2025\/12\/helloween-giants-and-monsters-portada.jpg\" alt=\"\" width=\"600\" height=\"600\"  \/><\/a><\/p>\n<p>Al margen de la lista de los discos m\u00e1s votados, hemos de se\u00f1alar que los \u00e1lbumes m\u00e1s veces votados en cualquier posici\u00f3n coinciden todos menos en el quinto puesto, donde gana <strong>M\u00e4go de Oz<\/strong> en vez de <strong>Fito &amp; Fitipaldis<\/strong>. Otro dato curioso es que tanto <strong>Helloween<\/strong> como <strong>Ghost <\/strong>tambi\u00e9n coinciden como los m\u00e1s veces votados como n\u00famero uno, con cinco y tres veces respectivamente.<\/p>\n<p>                         <a target=\"_blank\" href=\"http:\/\/\/\/mariskalrock.com\/author\/alfredo-villaescusa\" class=\"url\" title=\"Alfredo Villaescusa\" rel=\"nofollow\"> <img loading=\"lazy\" decoding=\"async\" alt=\"Alfredo Villaescusa\" src=\"https:\/\/www.europesays.com\/es\/wp-content\/uploads\/2025\/12\/530a443b1b382213cd8904d80e5db5b65050f07dbbdf467c1fe992f8b069826e.jpeg\"  class=\"avatar avatar-250 photo\" height=\"250\" width=\"250\"\/><\/a> <\/p>\n<p>Eclecticismo en vena. No hay nadie que no dispare el viernes por la noche, ni hay quien esquive los disparos.<\/p>\n<p> <a href=\"http:\/\/\/\/mariskalrock.com\/author\/alfredo-villaescusa\" class=\"url\" target=\"_blank\" title=\"Alfredo Villaescusa\" rel=\"nofollow\"><img loading=\"lazy\" decoding=\"async\" alt=\"Alfredo Villaescusa\" src=\"https:\/\/www.europesays.com\/es\/wp-content\/uploads\/2025\/12\/530a443b1b382213cd8904d80e5db5b65050f07dbbdf467c1fe992f8b069826e.jpeg\"  class=\"avatar avatar-250 photo\" height=\"250\" width=\"250\"\/><\/a>\u00daltimas entradas de Alfredo Villaescusa (<a target=\"_blank\" href=\"https:\/\/mariskalrock.com\/author\/alfredo-villaescusa\/\" rel=\"nofollow noopener\">ver todo<\/a>)  <\/p>\n","protected":false},"excerpt":{"rendered":"Hace pocos d\u00edas conoc\u00edamos las listas individuales realizadas por cada miembro del equipo de MariskalRock y La Heavy,&hellip;\n","protected":false},"author":2,"featured_media":311777,"comment_status":"","ping_status":"","sticky":false,"template":"","format":"standard","meta":{"footnotes":""},"categories":[170],"tags":[45,146,147,25,24,55986,73307,73308,73309,4622,184,185,23],"class_list":{"0":"post-311776","1":"post","2":"type-post","3":"status-publish","4":"format-standard","5":"has-post-thumbnail","7":"category-musica","8":"tag-45","9":"tag-entertainment","10":"tag-entretenimiento","11":"tag-es","12":"tag-espana","13":"tag-la-heavy","14":"tag-mariskal-rock","15":"tag-mejor-disco","16":"tag-mejores-discos","17":"tag-mr2022","18":"tag-music","19":"tag-musica","20":"tag-spain"},"share_on_mastodon":{"url":"https:\/\/pubeurope.com\/@es\/115802265785220375","error":""},"_links":{"self":[{"href":"https:\/\/www.europesays.com\/es\/wp-json\/wp\/v2\/posts\/311776","targetHints":{"allow":["GET"]}}],"collection":[{"href":"https:\/\/www.europesays.com\/es\/wp-json\/wp\/v2\/posts"}],"about":[{"href":"https:\/\/www.europesays.com\/es\/wp-json\/wp\/v2\/types\/post"}],"author":[{"embeddable":true,"href":"https:\/\/www.europesays.com\/es\/wp-json\/wp\/v2\/users\/2"}],"replies":[{"embeddable":true,"href":"https:\/\/www.europesays.com\/es\/wp-json\/wp\/v2\/comments?post=311776"}],"version-history":[{"count":0,"href":"https:\/\/www.europesays.com\/es\/wp-json\/wp\/v2\/posts\/311776\/revisions"}],"wp:featuredmedia":[{"embeddable":true,"href":"https:\/\/www.europesays.com\/es\/wp-json\/wp\/v2\/media\/311777"}],"wp:attachment":[{"href":"https:\/\/www.europesays.com\/es\/wp-json\/wp\/v2\/media?parent=311776"}],"wp:term":[{"taxonomy":"category","embeddable":true,"href":"https:\/\/www.europesays.com\/es\/wp-json\/wp\/v2\/categories?post=311776"},{"taxonomy":"post_tag","embeddable":true,"href":"https:\/\/www.europesays.com\/es\/wp-json\/wp\/v2\/tags?post=311776"}],"curies":[{"name":"wp","href":"https:\/\/api.w.org\/{rel}","templated":true}]}}