{"id":311785,"date":"2025-12-29T10:02:09","date_gmt":"2025-12-29T10:02:09","guid":{"rendered":"https:\/\/www.europesays.com\/es\/311785\/"},"modified":"2025-12-29T10:02:09","modified_gmt":"2025-12-29T10:02:09","slug":"amd-y-nvidia-preparan-una-subida-de-precios-de-sus-graficas-que-empezara-en-enero-de-2026","status":"publish","type":"post","link":"https:\/\/www.europesays.com\/es\/311785\/","title":{"rendered":"AMD y NVIDIA preparan una subida de precios de sus gr\u00e1ficas que empezar\u00e1 en enero de 2026"},"content":{"rendered":"<p>Muchos son los usuarios que est\u00e1n esperando a que empiecen las <strong>rebajas de enero<\/strong> para renovar alguno de los <a href=\"https:\/\/hardzone.es\/tutoriales\/componentes\/guia-componentes-ordenador\/\" rel=\"nofollow noopener\" target=\"_blank\">componentes de su PC<\/a>. La <strong>memoria RAM,<\/strong> como hemos comentado en m\u00faltiples ocasiones, es uno de los componentes que nadie actualizar\u00e1, salvo que le sobre el dinero o tenga la necesidad imperiosa de hacerlo, ya que su precio se ha disparado en los \u00faltimos meses y seguir\u00e1 haci\u00e9ndolo hasta 2028 en el peor de los casos.<\/p>\n<p>Mientras que la memoria RAM ha disparado su precio en los \u00faltimos meses, las tarjetas gr\u00e1ficas han seguido un camino completamente diferente, llegando a alcanzar, por fin, el <strong>precio de venta recomendado<\/strong> por el fabricante, por lo que, ahora mismo es el momento perfecto para renovar la gr\u00e1fica, o al menos lo ser\u00e1 hasta que llegue el mes de enero y se confirme la subida de precios que tanto <strong>AMD<\/strong> como <strong>NVIDIA<\/strong> aplicar\u00e1n a las tarjetas gr\u00e1ficas <strong>RX 9000<\/strong> y <strong>RTX 50<\/strong> respectivamente, seg\u00fan afirman desde el medio Board Channels v\u00eda Videocardz.<\/p>\n<p>Las tarjetas gr\u00e1ficas ser\u00e1n m\u00e1s caras en 2026<\/p>\n<p>Si hablamos de Board Channles hablamos de un medio que cuenta con elevado \u00edndice de aciertos en sus predicciones, por lo que, si ten\u00edas intenci\u00f3n de renovar tu vieja gr\u00e1fica por una nueva, no deber\u00eda esperar mucho, siempre y cuando no quieras pagar de m\u00e1s.<\/p>\n<p>Seg\u00fan podemos leer en este medio v\u00eda Videocardz:<\/p>\n<blockquote>\n<p>Las GPUs AMD para marcas AIB podr\u00edan experimentar subidas de precio anticipadas a partir de enero, seguidas de m\u00faltiples subidas en los pr\u00f3ximos meses. Se espera que las GPUs NVIDIA para las marcas AIC empiecen a aumentar en febrero. En diciembre, algunas marcas hicieron peque\u00f1os aumentos mientras que otras no. Si cada marca impone un aumento de precio en enero lo decidir\u00e1n los propios proveedores de AIC.<\/p>\n<\/blockquote>\n<p>Algunos fabricantes se han adelantado a la subida de precio y, a lo largo del mes de diciembre, ya ha subido el precio de algunos de sus modelos como Sapphire, cuyo modelo <strong>AMD RX 9060 XT de 16 GB<\/strong> ha subido 60 euros en la \u00faltima semana en Amazon Espa\u00f1a, manteniendo el precio del modelo de 8 GB. Otros fabricantes como <strong>ASUS<\/strong> y <strong>Gigabyte<\/strong>, de momento, siguen ofreciendo ese modelo por el mismo precio que a principios de diciembre, precio que, lamentablemente, empezar\u00e1 a subir dentro de unos d\u00edas.<\/p>\n<p><img decoding=\"async\" loading=\"lazy\" width=\"1280\" height=\"720\" src=\"https:\/\/www.europesays.com\/es\/wp-content\/uploads\/2025\/12\/ASUS-RTX-5060.jpg\" alt=\"ASUS RTX 5060\"\/><\/p>\n<p>ASUS RTX 5060 con su embalaje \u2013 Foto: ASUS<\/p>\n<p>Los ensambladores de AMD ser\u00e1n los primeros que empezar a subir los precios, a partir de enero de 2026, precio que se ir\u00e1 incrementado en los pr\u00f3ximos meses conforme la falta de stock de memoria siga increment\u00e1ndose. Seg\u00fan este mismo medio, NVIDIA empezar\u00e1 a subir el precio de la serie RTX 50 a partir del mes de <strong>febrero<\/strong> y seguir\u00e1 la misma pol\u00edtica de AMD, subiendo el precio mes a mes.<\/p>\n<p>Si la crisis de la memoria RAM se prolonga mucho en el tiempo, algunos fabricantes como <strong>Sapphire<\/strong> apuntan a que a finales de 2026 deber\u00eda estabilizarse, nos enfrentaremos a un escenario similar al de hace unos a\u00f1os, en el que las tarjetas gr\u00e1ficas costaban un ojo de la cara debido a la escasez y la miner\u00eda de criptomonedas.<\/p>\n<p>De momento, desconocemos si los planes de <strong>Intel<\/strong> tambi\u00e9n pasan por seguir el mismo camino que NVIDIA y AMD. Cabe la posibilidad de que aproveche la coyuntura actual para mantener precios y convertirse en la opci\u00f3n de entrada y as\u00ed ganar cuota de mercado.<\/p>\n<p>        Preguntas clave sobre la subida de precio de las GPU<\/p>\n<p>                        \u00bfCu\u00e1ndo subir\u00e1n de precio las tarjetas gr\u00e1ficas?<\/p>\n<p>\n                        Seg\u00fan la informaci\u00f3n filtrada, los ensambladores de AMD comenzar\u00e1n a incrementar los precios en enero de 2026, mientras que los de NVIDIA lo har\u00e1n a partir de febrero del mismo a\u00f1o.\n                    <\/p>\n<p>                        \u00bfA qu\u00e9 modelos afectar\u00e1 principalmente esta subida?<\/p>\n<p>\n                        Se espera que el incremento de precios afecte a las pr\u00f3ximas generaciones de tarjetas, concretamente a las series RX 9000 de AMD y RTX 50 de NVIDIA.\n                    <\/p>\n<p>                        \u00bfCu\u00e1l es el motivo de este aumento de precios?<\/p>\n<p>\n                        La causa principal se\u00f1alada es la crisis en el mercado de la memoria RAM. El aumento del coste de este componente esencial impacta directamente en el coste de fabricaci\u00f3n de las tarjetas gr\u00e1ficas.\n                    <\/p>\n<p>                        \u00bfSubir\u00e1 Intel tambi\u00e9n el precio de sus gr\u00e1ficas Arc?<\/p>\n<p>\n                        Actualmente se desconocen los planes de Intel. El art\u00edculo especula que la compa\u00f1\u00eda podr\u00eda mantener sus precios para intentar ganar cuota de mercado frente a sus competidores.\n                    <\/p>\n","protected":false},"excerpt":{"rendered":"Muchos son los usuarios que est\u00e1n esperando a que empiecen las rebajas de enero para renovar alguno de&hellip;\n","protected":false},"author":2,"featured_media":311786,"comment_status":"","ping_status":"","sticky":false,"template":"","format":"standard","meta":{"footnotes":""},"categories":[81],"tags":[119,123,124,25,24,117,121,122,23,118,120],"class_list":{"0":"post-311785","1":"post","2":"type-post","3":"status-publish","4":"format-standard","5":"has-post-thumbnail","7":"category-ciencia-y-tecnologia","8":"tag-ciencia","9":"tag-ciencia-y-tecnologia","10":"tag-cienciaytecnologia","11":"tag-es","12":"tag-espana","13":"tag-science","14":"tag-science-and-technology","15":"tag-scienceandtechnology","16":"tag-spain","17":"tag-technology","18":"tag-tecnologia"},"share_on_mastodon":{"url":"https:\/\/pubeurope.com\/@es\/115802285435731508","error":""},"_links":{"self":[{"href":"https:\/\/www.europesays.com\/es\/wp-json\/wp\/v2\/posts\/311785","targetHints":{"allow":["GET"]}}],"collection":[{"href":"https:\/\/www.europesays.com\/es\/wp-json\/wp\/v2\/posts"}],"about":[{"href":"https:\/\/www.europesays.com\/es\/wp-json\/wp\/v2\/types\/post"}],"author":[{"embeddable":true,"href":"https:\/\/www.europesays.com\/es\/wp-json\/wp\/v2\/users\/2"}],"replies":[{"embeddable":true,"href":"https:\/\/www.europesays.com\/es\/wp-json\/wp\/v2\/comments?post=311785"}],"version-history":[{"count":0,"href":"https:\/\/www.europesays.com\/es\/wp-json\/wp\/v2\/posts\/311785\/revisions"}],"wp:featuredmedia":[{"embeddable":true,"href":"https:\/\/www.europesays.com\/es\/wp-json\/wp\/v2\/media\/311786"}],"wp:attachment":[{"href":"https:\/\/www.europesays.com\/es\/wp-json\/wp\/v2\/media?parent=311785"}],"wp:term":[{"taxonomy":"category","embeddable":true,"href":"https:\/\/www.europesays.com\/es\/wp-json\/wp\/v2\/categories?post=311785"},{"taxonomy":"post_tag","embeddable":true,"href":"https:\/\/www.europesays.com\/es\/wp-json\/wp\/v2\/tags?post=311785"}],"curies":[{"name":"wp","href":"https:\/\/api.w.org\/{rel}","templated":true}]}}