{"id":311791,"date":"2025-12-29T10:05:12","date_gmt":"2025-12-29T10:05:12","guid":{"rendered":"https:\/\/www.europesays.com\/es\/311791\/"},"modified":"2025-12-29T10:05:12","modified_gmt":"2025-12-29T10:05:12","slug":"alcala-de-henares-adelanta-el-fin-de-ano-con-las-preuvas-solidarias-en-la-plaza-de-cervantes","status":"publish","type":"post","link":"https:\/\/www.europesays.com\/es\/311791\/","title":{"rendered":"Alcal\u00e1 de Henares adelanta el fin de a\u00f1o con las preuvas solidarias en la Plaza de Cervantes"},"content":{"rendered":"<p style=\"text-align: justify;\">La Plaza de Cervantes acoger\u00e1 este martes una jornada festiva y solidaria con motivo de las preuvas solidarias, una iniciativa que ya se ha convertido en una cita ineludible en la agenda navide\u00f1a de Alcal\u00e1 y que permitir\u00e1 adelantar simb\u00f3licamente la despedida del a\u00f1o con el objetivo de recaudar fondos para personas y colectivos que m\u00e1s lo necesitan.<\/p>\n<p style=\"text-align: justify;\">El concejal de Fiestas y Tradiciones Populares, Antonio Salda\u00f1a, ha explicado que \u201cnuestra ciudad termina el a\u00f1o de la mejor manera posible, con actividades y programaci\u00f3n para ni\u00f1os por la ma\u00f1ana, con sus propias preuvas que ya son toda una tradici\u00f3n, mientras que la tarde se alarga este a\u00f1o con la mejor m\u00fasica y nuestras preuvas solidarias, que nadie se quede en casa\u201d.<\/p>\n<p style=\"text-align: justify;\">El plato fuerte de la jornada llegar\u00e1 por la noche, cuando a partir de las 18:30 horas el escenario de la Plaza de Cervantes ofrecer\u00e1 una completa programaci\u00f3n musical con actuaciones de DJs del Campus FP, DJ Alex Bellot, Demon y, como colof\u00f3n, el conocido locutor y DJ de LOS40, \u00d3scar Mart\u00ednez, que animar\u00e1 al p\u00fablico desde las 22:00 horas. A las 21:50 horas tendr\u00e1 lugar adem\u00e1s la entrega de cheques solidarios por parte de las Pe\u00f1as Festivas de Alcal\u00e1 a diferentes asociaciones. Las campanadas y la pre-despedida del a\u00f1o se celebrar\u00e1n a las 24:00 horas.<\/p>\n<p style=\"text-align: justify;\">Desde las 20:00 horas, los asistentes podr\u00e1n adquirir las tradicionales chuches-uvas solidarias en distintos puntos de la plaza. La actividad est\u00e1 organizada por las Pe\u00f1as Festivas de la Ciudad en colaboraci\u00f3n con SER Henares, reforzando el car\u00e1cter ben\u00e9fico y participativo del evento.<\/p>\n<p style=\"text-align: justify;\"><strong>Preuvas infantiles<\/strong><\/p>\n<p style=\"text-align: justify;\">La jornada comenzar\u00e1 por la ma\u00f1ana con actividades dirigidas a los m\u00e1s peque\u00f1os. A las 11:00 horas se celebrar\u00e1 una chocolatada solidaria, organizada por las pe\u00f1as El Golpe, Los Presidiarios, El Pito y Los Grillaos, en la que se podr\u00e1 disfrutar de chocolate caliente con churros y bizcocho por un donativo de 2,50 euros. La recaudaci\u00f3n ir\u00e1 destinada \u00edntegramente a la iniciativa \u201cEntre Silencios con Claudia\u201d.<\/p>\n<p style=\"text-align: justify;\">A partir de las 11:15 horas tendr\u00e1 lugar una animaci\u00f3n infantil y, a las 12:00 horas, se celebrar\u00e1n las pre-uvas navide\u00f1as infantiles, con reparto de chuches a modo de uvas para que ni\u00f1os y ni\u00f1as puedan participar en esta tradici\u00f3n de una forma l\u00fadica y adaptada a su edad.<\/p>\n","protected":false},"excerpt":{"rendered":"La Plaza de Cervantes acoger\u00e1 este martes una jornada festiva y solidaria con motivo de las preuvas solidarias,&hellip;\n","protected":false},"author":2,"featured_media":311792,"comment_status":"","ping_status":"","sticky":false,"template":"","format":"standard","meta":{"footnotes":""},"categories":[8],"tags":[12634,26007,17,18,25,24,13,14,11,19,20,9,10,15,16,73310,23,12,21,22],"class_list":{"0":"post-311791","1":"post","2":"type-post","3":"status-publish","4":"format-standard","5":"has-post-thumbnail","7":"category-espana","8":"tag-antonio-saldana","9":"tag-ayuntamiento-de-alcala-de-henares","10":"tag-breaking-news","11":"tag-breakingnews","12":"tag-es","13":"tag-espana","14":"tag-featured-news","15":"tag-featurednews","16":"tag-headlines","17":"tag-latest-news","18":"tag-latestnews","19":"tag-news","20":"tag-noticias","21":"tag-noticias-destacadas","22":"tag-noticiasdestacadas","23":"tag-preuvas-2025","24":"tag-spain","25":"tag-titulares","26":"tag-ultimas-noticias","27":"tag-ultimasnoticias"},"share_on_mastodon":{"url":"https:\/\/pubeurope.com\/@es\/115802297688442957","error":""},"_links":{"self":[{"href":"https:\/\/www.europesays.com\/es\/wp-json\/wp\/v2\/posts\/311791","targetHints":{"allow":["GET"]}}],"collection":[{"href":"https:\/\/www.europesays.com\/es\/wp-json\/wp\/v2\/posts"}],"about":[{"href":"https:\/\/www.europesays.com\/es\/wp-json\/wp\/v2\/types\/post"}],"author":[{"embeddable":true,"href":"https:\/\/www.europesays.com\/es\/wp-json\/wp\/v2\/users\/2"}],"replies":[{"embeddable":true,"href":"https:\/\/www.europesays.com\/es\/wp-json\/wp\/v2\/comments?post=311791"}],"version-history":[{"count":0,"href":"https:\/\/www.europesays.com\/es\/wp-json\/wp\/v2\/posts\/311791\/revisions"}],"wp:featuredmedia":[{"embeddable":true,"href":"https:\/\/www.europesays.com\/es\/wp-json\/wp\/v2\/media\/311792"}],"wp:attachment":[{"href":"https:\/\/www.europesays.com\/es\/wp-json\/wp\/v2\/media?parent=311791"}],"wp:term":[{"taxonomy":"category","embeddable":true,"href":"https:\/\/www.europesays.com\/es\/wp-json\/wp\/v2\/categories?post=311791"},{"taxonomy":"post_tag","embeddable":true,"href":"https:\/\/www.europesays.com\/es\/wp-json\/wp\/v2\/tags?post=311791"}],"curies":[{"name":"wp","href":"https:\/\/api.w.org\/{rel}","templated":true}]}}