{"id":311807,"date":"2025-12-29T10:17:17","date_gmt":"2025-12-29T10:17:17","guid":{"rendered":"https:\/\/www.europesays.com\/es\/311807\/"},"modified":"2025-12-29T10:17:17","modified_gmt":"2025-12-29T10:17:17","slug":"carracedelo-creara-un-museo-de-escultura-monumental-al-aire-libre","status":"publish","type":"post","link":"https:\/\/www.europesays.com\/es\/311807\/","title":{"rendered":"Carracedelo crear\u00e1 un Museo de Escultura Monumental al Aire Libre"},"content":{"rendered":"<p class=\"paragraph\">El municipio de Carracedelo contar\u00e1 con el primer Museo de Escultura Monumental al Aire Libre, con una inversi\u00f3n de 180.000 euros. El futuro espacio cultural tendr\u00e1, en un primer momento, una docena de esculturas obra del artista afincado en Villafranca del Bierzo, Arturo Nogueira. Es, el proyecto m\u00e1s singular que recoge el presupuesto municipal para el a\u00f1o que viene seg\u00fan desvel\u00f3 el alcalde, Ra\u00fal Valcarce, que elude ofrecer m\u00e1s detalles \u00abhasta su inauguraci\u00f3n\u00bb. S\u00ed ha confirmado que ser\u00e1n esculturas de entre dos y tres metros de altura que se instalar\u00e1n en un espacio incluido en el proyecto de restauraci\u00f3n medioambiental del municipio, entre Carracedelo y Villadepalos.<\/p>\n<p class=\"paragraph\">Adem\u00e1s, el presupuesto municipal de Carracedelo para 2026 aprobado en pleno y que ronda los cuatro millones de euros, incluye otras muchas inversiones que suman un total de un mill\u00f3n doscientos cincuenta mil euros. \u00abEs un presupuesto importante con una considerable partida para inversiones en todos los pueblos del municipio. Habr\u00e1 obras de mejora saneamiento, abastecimiento, aceras y otras muchas intervenciones que dicen mucho de la evoluci\u00f3n del municipio\u00bb esgrimi\u00f3 Valcarce. Adem\u00e1s, la propuesta de presupuestos mantiene el mismo nivel inversor en \u00e1reas como cultura o mantenimiento de edificios p\u00fablicos como consultorios m\u00e9dicos o colegios.<\/p>\n<p class=\"paragraph\">El pleno dio luz verde a la nueva ordenanza para la limpieza del interfaz urbano. Se trata de regular la limpieza y desbroce de fincas que rodean los diferentes cascos urbanos y, as\u00ed, proteger los pueblos en caso de incendios. Esas reuniones en los pueblos se desarrollar\u00e1n a principios de a\u00f1o. El Ayuntamiento fija el 31 de mayo para que todas esas fincas del interfaz est\u00e9n desbrozadas. De lo contrario, se acometer\u00e1 la limpieza con medios municipales y los propietarios deber\u00e1n pagar por ello.<\/p>\n","protected":false},"excerpt":{"rendered":"El municipio de Carracedelo contar\u00e1 con el primer Museo de Escultura Monumental al Aire Libre, con una inversi\u00f3n&hellip;\n","protected":false},"author":2,"featured_media":311808,"comment_status":"","ping_status":"","sticky":false,"template":"","format":"standard","meta":{"footnotes":""},"categories":[173],"tags":[229,233,231,230,73312,232,234,146,147,25,24,4320,6688,73313,23,73314],"class_list":{"0":"post-311807","1":"post","2":"type-post","3":"status-publish","4":"format-standard","5":"has-post-thumbnail","7":"category-arte-y-diseno","8":"tag-arte","9":"tag-arte-y-diseno","10":"tag-arts","11":"tag-arts-and-design","12":"tag-carracedelo","13":"tag-design","14":"tag-diseno","15":"tag-entertainment","16":"tag-entretenimiento","17":"tag-es","18":"tag-espana","19":"tag-inversiones","20":"tag-medio-ambiente","21":"tag-raul-valcarce","22":"tag-spain","23":"tag-villafranca-del-bierzo"},"share_on_mastodon":{"url":"https:\/\/pubeurope.com\/@es\/115802344167593209","error":""},"_links":{"self":[{"href":"https:\/\/www.europesays.com\/es\/wp-json\/wp\/v2\/posts\/311807","targetHints":{"allow":["GET"]}}],"collection":[{"href":"https:\/\/www.europesays.com\/es\/wp-json\/wp\/v2\/posts"}],"about":[{"href":"https:\/\/www.europesays.com\/es\/wp-json\/wp\/v2\/types\/post"}],"author":[{"embeddable":true,"href":"https:\/\/www.europesays.com\/es\/wp-json\/wp\/v2\/users\/2"}],"replies":[{"embeddable":true,"href":"https:\/\/www.europesays.com\/es\/wp-json\/wp\/v2\/comments?post=311807"}],"version-history":[{"count":0,"href":"https:\/\/www.europesays.com\/es\/wp-json\/wp\/v2\/posts\/311807\/revisions"}],"wp:featuredmedia":[{"embeddable":true,"href":"https:\/\/www.europesays.com\/es\/wp-json\/wp\/v2\/media\/311808"}],"wp:attachment":[{"href":"https:\/\/www.europesays.com\/es\/wp-json\/wp\/v2\/media?parent=311807"}],"wp:term":[{"taxonomy":"category","embeddable":true,"href":"https:\/\/www.europesays.com\/es\/wp-json\/wp\/v2\/categories?post=311807"},{"taxonomy":"post_tag","embeddable":true,"href":"https:\/\/www.europesays.com\/es\/wp-json\/wp\/v2\/tags?post=311807"}],"curies":[{"name":"wp","href":"https:\/\/api.w.org\/{rel}","templated":true}]}}