{"id":31182,"date":"2025-08-07T08:42:04","date_gmt":"2025-08-07T08:42:04","guid":{"rendered":"https:\/\/www.europesays.com\/es\/31182\/"},"modified":"2025-08-07T08:42:04","modified_gmt":"2025-08-07T08:42:04","slug":"estos-son-los-cortes-de-trafico-que-la-vuelta-ciclista-provocara-en-burgos-este-jueves","status":"publish","type":"post","link":"https:\/\/www.europesays.com\/es\/31182\/","title":{"rendered":"Estos son los cortes de tr\u00e1fico que la Vuelta Ciclista provocar\u00e1 en Burgos este jueves"},"content":{"rendered":"<p><img fetchpriority=\"high\" class=\"v-a-img\" src=\"https:\/\/www.europesays.com\/es\/wp-content\/uploads\/2025\/08\/vuelta-kBjD-U2302575000578dCC-1200x840@Burgosconecta.jpg\" loading=\"eager\" decoding=\"async\" alt=\"Etapa de la pasada edici\u00f3n de la Vuelta a Burgos.\"  width=\"1200\" height=\"840\"\/><\/p>\n<p>Etapa de la pasada edici\u00f3n de la Vuelta a Burgos.          Vuelta a Burgos        <\/p>\n<p>El paso de los ciclistas est\u00e1 previsto entre las 11:40 horas (horario de salida) y las 12:07 horas, horario previsto que tomen la BU-V-5029<\/p>\n<p><a class=\"v-mdl-ath__fig-a\" href=\"https:\/\/www.burgosconecta.es\/autor\/burgosconecta-2120.html\" title=\"BURGOSconecta\" rel=\"nofollow noopener\" target=\"_blank\"><br \/>\n<img decoding=\"async\" class=\"v-mdl-ath__img\" src=\"https:\/\/www.europesays.com\/es\/wp-content\/uploads\/2025\/08\/autor-2120-foto-2.jpeg\" alt=\"BURGOSconecta\"\/><br \/>\n<\/a><\/p>\n<p class=\"v-mdl-ath__p v-mdl-ath__p--6\">\nJueves, 7 de agosto 2025, 07:51<\/p>\n<p class=\"v-p\">El recorrido de la tercera etapa de la Vuelta Ciclista a Burgos este jueves, 7 de agosto, por la capital conllevar\u00e1 cortes puntuales de tr\u00e1fico en varias v\u00edas, como ya sucedi\u00f3 el pasado martes durante el final de la primera etapa. Tal y como indican desde el \u00e1rea de Polic\u00eda Local, en funci\u00f3n de la informaci\u00f3n que vayan recibiendo de la organizaci\u00f3n de la prueba, se dilatar\u00e1n o no los cortes de tr\u00e1fico en las calles afectadas.<\/p>\n<p class=\"v-p\">La tercera etapa saldr\u00e1 desde el Monasterio de San Pedro de Carde\u00f1a y las calles que se ver\u00e1n afectadas ser\u00e1n: Carretera BU-800, Glorieta con el Bulevar, Bulevar direcci\u00f3n calle Juan Ram\u00f3n Jim\u00e9nez, calle Juan Ram\u00f3n Jim\u00e9nez con calle Esteban S\u00e1ez Alvarado, calle Esteban S\u00e1ez Alvarado glorieta con la Avenida Pr\u00edncipes de Asturias, Avenida Pr\u00edncipes de Asturias glorieta con BU-V-5029 direcci\u00f3n Poza de la Sal.<\/p>\n<p class=\"v-p\">El paso de los ciclistas est\u00e1 previsto entre las 11:40 horas (horario de salida) y las 12:07 horas (horario previsto que tomen la BU-V-5029), seg\u00fan organizaci\u00f3n de carrera.<\/p>\n<p class=\"v-p\">Durante el transcurso de la prueba existir\u00e1 presencia de agentes en las zonas afectadas. Para cualquier informaci\u00f3n ser\u00e1 necesario ponerse en contacto con la Polic\u00eda Local a trav\u00e9s de la sala 092.<\/p>\n<p>Comenta<\/p>\n<p>Reporta un error<\/p>\n","protected":false},"excerpt":{"rendered":"Etapa de la pasada edici\u00f3n de la Vuelta a Burgos. Vuelta a Burgos El paso de los ciclistas&hellip;\n","protected":false},"author":2,"featured_media":31183,"comment_status":"","ping_status":"","sticky":false,"template":"","format":"standard","meta":{"footnotes":""},"categories":[273],"tags":[623,313,1757,12706,312,168,25,24,887,12705,23,167,589,1357],"class_list":{"0":"post-31182","1":"post","2":"type-post","3":"status-publish","4":"format-standard","5":"has-post-thumbnail","7":"category-ciclismo","8":"tag-burgos","9":"tag-ciclismo","10":"tag-ciclista","11":"tag-cortes","12":"tag-cycling","13":"tag-deportes","14":"tag-es","15":"tag-espana","16":"tag-jueves","17":"tag-provocara","18":"tag-spain","19":"tag-sports","20":"tag-trafico","21":"tag-vuelta"},"share_on_mastodon":{"url":"","error":""},"_links":{"self":[{"href":"https:\/\/www.europesays.com\/es\/wp-json\/wp\/v2\/posts\/31182","targetHints":{"allow":["GET"]}}],"collection":[{"href":"https:\/\/www.europesays.com\/es\/wp-json\/wp\/v2\/posts"}],"about":[{"href":"https:\/\/www.europesays.com\/es\/wp-json\/wp\/v2\/types\/post"}],"author":[{"embeddable":true,"href":"https:\/\/www.europesays.com\/es\/wp-json\/wp\/v2\/users\/2"}],"replies":[{"embeddable":true,"href":"https:\/\/www.europesays.com\/es\/wp-json\/wp\/v2\/comments?post=31182"}],"version-history":[{"count":0,"href":"https:\/\/www.europesays.com\/es\/wp-json\/wp\/v2\/posts\/31182\/revisions"}],"wp:featuredmedia":[{"embeddable":true,"href":"https:\/\/www.europesays.com\/es\/wp-json\/wp\/v2\/media\/31183"}],"wp:attachment":[{"href":"https:\/\/www.europesays.com\/es\/wp-json\/wp\/v2\/media?parent=31182"}],"wp:term":[{"taxonomy":"category","embeddable":true,"href":"https:\/\/www.europesays.com\/es\/wp-json\/wp\/v2\/categories?post=31182"},{"taxonomy":"post_tag","embeddable":true,"href":"https:\/\/www.europesays.com\/es\/wp-json\/wp\/v2\/tags?post=31182"}],"curies":[{"name":"wp","href":"https:\/\/api.w.org\/{rel}","templated":true}]}}