{"id":311837,"date":"2025-12-29T10:38:07","date_gmt":"2025-12-29T10:38:07","guid":{"rendered":"https:\/\/www.europesays.com\/es\/311837\/"},"modified":"2025-12-29T10:38:07","modified_gmt":"2025-12-29T10:38:07","slug":"el-once-historico-del-betis-de-fichajes-en-el-mercado-de-invierno","status":"publish","type":"post","link":"https:\/\/www.europesays.com\/es\/311837\/","title":{"rendered":"El once hist\u00f3rico del Betis de fichajes en el mercado de invierno"},"content":{"rendered":"<p style=\"\">Ad\u00e1n; Emerson, Bartra, Filipescu; Antony, Guido Rodr\u00edguez, Johnny Cardoso, Fornals; Dorl\u00e1n Pab\u00f3n, Ayoze y Cucho Hern\u00e1ndez. Con un sistema 4-3-3 se puede presentar el once del Betis conformado por estos futbolistas que llegaron en el mercado de invierno aunque se quedan fuera otros  &#8230; que tambi\u00e9n tuvieron impacto en su momento como Ndiaye, Musonda, Ricardo Oliveira, Jonathan Pereira, Robert o Tardelli y otros que no rindieron como Damiao, Molins o H\u00e9ctor Rodas. Se tom\u00f3 siempre este mercado como de urgencias y necesidades pero lo cierto es que el club verdiblanco ha instaurado como norma aprovechar esta ventana para reforzarse en las campa\u00f1as m\u00e1s recientes en funci\u00f3n de la disponibilidad econ\u00f3mica con bastante acierto en las incorporaciones.<\/p>\n<p class=\"voc-p\" style=\"\">Fue Iulian Filipescu la primera contrataci\u00f3n en Heli\u00f3polis con esta f\u00f3rmula. Cabe recordar que hasta la temporada 1994-95 en LaLiga se pod\u00eda fichar sin l\u00edmites de fechas pero en ese momento se ordenaron las ventanas y se aplic\u00f3 la de invierno, que era en diciembre. El Betis no la utiliz\u00f3 hasta que en 1999 lleg\u00f3 el internacional rumano procedente del Galatasaray, quien firm\u00f3 por esa campa\u00f1a y siete m\u00e1s aprovechando el espacio de la ficha dejada por \u00c1ngel Cu\u00e9llar, lesionado de gravedad. Filipescu visti\u00f3 de verdiblanco en 117 partidos (el equipo en el que m\u00e1s jug\u00f3 en su carrera) hasta que en 2004 se march\u00f3 al Z\u00farich.<\/p>\n<p class=\"voc-p\" style=\"\">En la \u00e9poca de Manuel Ruiz de Lopera al frente del Betis, y en general en el f\u00fatbol continental, no se confiaba mucho en este mercado invernal dado que tras Filipescu no lleg\u00f3 ning\u00fan jugador en esas fechas hasta la incorporaci\u00f3n en 2006 de los delanteros brasile\u00f1os Robert da Pinho y Diego Tardelli, cedidos desde el PSV y el Sao Paulo, respectivamente. Se incorporaban para suplir la ausencia de Ricardo Oliveira por su grave lesi\u00f3n sufrida ante el Chelsea. Robert s\u00ed fue adquirido finalmente por el club b\u00e9tico y jug\u00f3 en Heli\u00f3polis 59 encuentros anotando 17 goles hasta que fue traspasado en 2007 al Al-Ittihad por cinco millones. Tardelli s\u00f3lo se qued\u00f3 ese final de la 2005-06 (19 partidos, un gol) pero a\u00f1os despu\u00e9s tuvo un gran momento hasta jugar bastante con su selecci\u00f3n. Al a\u00f1o siguiente, 2007, aterriz\u00f3 en el Betis Juan Pablo Caffa procedente del Arsenal de Sarand\u00ed por dos millones de d\u00f3lares. El talentoso mediapunta argentino, gran lanzador de faltas, jug\u00f3 hasta 2009 en el Betis acumulando ocho goles en 75 encuentros.<\/p>\n<p class=\"voc-p\" style=\"\">En 2009, con el Betis en una situaci\u00f3n desesperada, Lopera busc\u00f3 un revulsivo con Ricardo Oliveira, que hab\u00eda sobresalido en su primera etapa con el t\u00edtulo de Copa de 2005. Despu\u00e9s de su traspaso al Milan lleg\u00f3 desde el Zaragoza por 8,9 millones tras \u00ababrir un banco\u00bb Lopera justo al l\u00edmite del cierre del mercado. No funcion\u00f3 a pesar de decidir un derbi dado que el equipo descendi\u00f3 y el brasile\u00f1o hizo seis goles en total en diecis\u00e9is encuentros. Fue vendido en junio al Al-Jazira. Ya en Segunda, el Betis repiti\u00f3 recurso en enero con la incorporaci\u00f3n de Jonathan Pereira procedente del Villarreal por dos millones. Fue una petici\u00f3n expresa de V\u00edctor Fern\u00e1ndez, que utiliz\u00f3 mucho al menudo gallego cuyos nueve goles en 22 encuentros no sirvieron para el retorno a Primera. Se qued\u00f3 hasta 2013 Pereira cuando regres\u00f3 al Villarreal con un balance total como b\u00e9tico de 79 partidos y diecis\u00e9is dianas. Ya en la m\u00e1xima categor\u00eda y sin Lopera, el Betis volvi\u00f3 al mercado invernal en enero de 2013 para dejar el ejemplo del mayor contraste de incorporaciones en una fecha as\u00ed, ambos como cedidos. La cara fue para Dorl\u00e1n Pab\u00f3n, un delantero colombiano que lleg\u00f3 del Monterrey para hacer ocho goles en 17 partidos y meter al Betis en la UEFA. Mientras, el sueco-uruguayo Guillermo Molins, aterrizado desde el Anderlecht, s\u00f3lo particip\u00f3 en cinco encuentros. Ninguno se qued\u00f3 al t\u00e9rmino de ese curso.<\/p>\n<p class=\"voc-p\" style=\"\">Una situaci\u00f3n desesperada se vivi\u00f3 en enero de 2014, cuando el Betis estaba abocado al descenso y busc\u00f3 soluciones en los fichajes de Ad\u00e1n, como agente libre; Ndiaye, cedido por el Sunderland; y Baptistao, a pr\u00e9stamo desde el Atl\u00e9tico. El portero s\u00ed dej\u00f3 huella con 165 encuentros como b\u00e9tico hasta que se march\u00f3 libre en 2018. Ndiaye tuvo impacto en esa temporada pero volvi\u00f3 al Sunderland y luego fue contratado en propiedad. Jug\u00f3 en total 85 encuentros como b\u00e9tico y fue traspasado al Villarreal por ocho millones en 2016. La de Baptistao fue una cesi\u00f3n muy cara que report\u00f3 poco dado que hizo dos goles en 22 partidos. En Segunda, en 2015, tambi\u00e9n fue el Betis a este mercado para cubrir con H\u00e9ctor Rodas la salida de Perquis pero el valenciano, cedido por el Levante, jug\u00f3 s\u00f3lo cinco partidos. Tampoco fue muy relevante Portillo, que tambi\u00e9n lleg\u00f3 a pr\u00e9stamo pero con obligaci\u00f3n de compra por el ascenso. Jug\u00f3 en el Betis 44 partidos. <\/p>\n<p class=\"voc-p\" style=\"\">A partir de ah\u00ed fue un asiduo el Betis en este mercado. En 2016 contrat\u00f3 a Damiao, Montoya y Musonda. El delantero brasile\u00f1o fue un fiasco absoluto (tres partidos, cero goles), el lateral Montoya dej\u00f3 buen sabor de boca (trece partidos) y tuvo hasta una segunda etapa y el entonces joven belga que ven\u00eda cedido del Chelsea sorprendi\u00f3 (16partidos, un gol), se qued\u00f3 para el a\u00f1o siguiente pero empez\u00f3 a lesionarse y se cort\u00f3 el pr\u00e9stamo. Acab\u00f3 dando tumbos en su carrera.<\/p>\n<p class=\"voc-p\" style=\"\">En 2018 aterriz\u00f3 por diez millones un hist\u00f3rico del Betis que a\u00fan tiene vigencia como Marc Bartra. Procedente del Borussia Dortmund su contrataci\u00f3n fue clave para ir a Europa ese curso. Ya lleva 201 partidos como b\u00e9tico. En 2019 el club apost\u00f3 fuerte con Jes\u00e9, Lainez y Emerson. El primero s\u00f3lo estuvo cedido hasta el final del curso (dos goles en 18 partidos), el mexicano lleg\u00f3 en propiedad (por catorce millones) y s\u00f3lo tuvo efervescencias puntuales (cuatro tantos en 74 duelos) antes de ser vendido a Tigres por seis millones en 2023 y el tercero s\u00ed caus\u00f3 sensaci\u00f3n (cinco goles en 79 encuentros) hasta ser traspasado conjuntamente con el Barcelona y dejar ocho millones en la caja b\u00e9tica. En 2020, a las puertas de la pandemia, aterriz\u00f3 por dos millones un futbolista clave como Guido (173 partidos, nueve goles) y una cesi\u00f3n decepcionante como la de Ale\u00f1\u00e1 desde el Barcelona (19 duelos, un gol). Por motivos econ\u00f3micos hubo par\u00f3n de fichajes b\u00e9ticos en esta ventana en 2021 y 2022 pero se recuper\u00f3 en 2023 con la llegada de Abner (45 encuentros) que no estuvo a la altura para cubrir la marcha de \u00c1lex Moreno y, sobre todo, la de Ayoze como cedido desde el Leicester (15 goles en 59 partidos) para luego quedarse en propiedad y salir pagando su cl\u00e1usula de cuatro millones con destino el Villarreal. En 2024, el r\u00e9cord con cuatro fichajes: Johnny Cardoso, Bakambu, Chimy y Fornals. Fue una inversi\u00f3n mayor que la de cualquier otro a\u00f1o dado que el Betis pag\u00f3 seis millones por el brasile\u00f1o, tres por el congole\u00f1o, cuatro por el argentino y ocho por el castellonense. El primero, lleg\u00f3 en diciembre siendo el m\u00e1s tempranero de los fichajes de esta ventana, rindi\u00f3 a la perfecci\u00f3n (65 partidos, cinco goles) y fue vendido al Atl\u00e9tico por 25 millones el pasado verano. Los otros tres aterrizaron en el l\u00edmite del mercado. Bakambu lo hizo desde el Galatasaray, Chimy desde Osasuna y Fornals desde el West Ham. El \u00faltimo es el que mejor rendimiento est\u00e1 dando (ocho goles en 57 encuentros), mientras que Bakambu y Chimy est\u00e1n en la rampa de salida ahora.<\/p>\n<p class=\"voc-p\" style=\"\">En 2025 hubo pleno de acierto con la cesi\u00f3n de Antony desde el Manchester United (17 dianas en 43 apariciones), con compra posterior en verano, y la adquisici\u00f3n en propiedad de Cucho Hern\u00e1ndez (doce goles en 34 partidos), por catorce millones de euros procedente del Columbus estadounidense. Ahora est\u00e1 por ver qui\u00e9n se une a esta lista en enero de 2026.<\/p>\n","protected":false},"excerpt":{"rendered":"Ad\u00e1n; Emerson, Bartra, Filipescu; Antony, Guido Rodr\u00edguez, Johnny Cardoso, Fornals; Dorl\u00e1n Pab\u00f3n, Ayoze y Cucho Hern\u00e1ndez. Con un&hellip;\n","protected":false},"author":2,"featured_media":311838,"comment_status":"","ping_status":"","sticky":false,"template":"","format":"standard","meta":{"footnotes":""},"categories":[268],"tags":[291,168,25,24,285,280,282,1903,16250,1239,531,281,23,167],"class_list":{"0":"post-311837","1":"post","2":"type-post","3":"status-publish","4":"format-standard","5":"has-post-thumbnail","7":"category-futbol","8":"tag-betis","9":"tag-deportes","10":"tag-es","11":"tag-espana","12":"tag-fichajes","13":"tag-football","14":"tag-futbol","15":"tag-historico","16":"tag-invierno","17":"tag-mercado","18":"tag-once","19":"tag-soccer","20":"tag-spain","21":"tag-sports"},"share_on_mastodon":{"url":"https:\/\/pubeurope.com\/@es\/115802426794151890","error":""},"_links":{"self":[{"href":"https:\/\/www.europesays.com\/es\/wp-json\/wp\/v2\/posts\/311837","targetHints":{"allow":["GET"]}}],"collection":[{"href":"https:\/\/www.europesays.com\/es\/wp-json\/wp\/v2\/posts"}],"about":[{"href":"https:\/\/www.europesays.com\/es\/wp-json\/wp\/v2\/types\/post"}],"author":[{"embeddable":true,"href":"https:\/\/www.europesays.com\/es\/wp-json\/wp\/v2\/users\/2"}],"replies":[{"embeddable":true,"href":"https:\/\/www.europesays.com\/es\/wp-json\/wp\/v2\/comments?post=311837"}],"version-history":[{"count":0,"href":"https:\/\/www.europesays.com\/es\/wp-json\/wp\/v2\/posts\/311837\/revisions"}],"wp:featuredmedia":[{"embeddable":true,"href":"https:\/\/www.europesays.com\/es\/wp-json\/wp\/v2\/media\/311838"}],"wp:attachment":[{"href":"https:\/\/www.europesays.com\/es\/wp-json\/wp\/v2\/media?parent=311837"}],"wp:term":[{"taxonomy":"category","embeddable":true,"href":"https:\/\/www.europesays.com\/es\/wp-json\/wp\/v2\/categories?post=311837"},{"taxonomy":"post_tag","embeddable":true,"href":"https:\/\/www.europesays.com\/es\/wp-json\/wp\/v2\/tags?post=311837"}],"curies":[{"name":"wp","href":"https:\/\/api.w.org\/{rel}","templated":true}]}}