{"id":311843,"date":"2025-12-29T10:42:07","date_gmt":"2025-12-29T10:42:07","guid":{"rendered":"https:\/\/www.europesays.com\/es\/311843\/"},"modified":"2025-12-29T10:42:07","modified_gmt":"2025-12-29T10:42:07","slug":"muere-mickey-lee-ex-concursante-de-gran-hermano-a-los-35-anos","status":"publish","type":"post","link":"https:\/\/www.europesays.com\/es\/311843\/","title":{"rendered":"Muere Mickey Lee, ex concursante de &#8216;Gran Hermano&#8217;, a los 35 a\u00f1os"},"content":{"rendered":"<p>El mundo de la far\u00e1ndula estadounidense se ha despertado con una triste noticia. Tal y como se ha difundido en varios medios de comunicaci\u00f3n, <strong>Mickey Lee<\/strong>, conocida ex concursante de la temporada 27 de Gran Hermano en Estados Unidos, <strong><a href=\"https:\/\/okdiario.com\/happyfm\/muere-novio-influencer-manuela-ochoa-dias-despues-comprometerse-15974003\" target=\"_blank\" rel=\"noopener noreferrer nofollow\">ha fallecido<\/a> a los 35 a\u00f1os<\/strong>. La joven se hizo conocida en televisi\u00f3n gracias a su paso por el popular formato de entretenimiento. Su carisma, personalidad y humor hicieron que el p\u00fablico lograse conectar r\u00e1pidamente con ella. <strong>Un concurso que disfrut\u00f3 durante 59 d\u00edas, pero que no consigui\u00f3 ganar.<\/strong> Pues, fue la \u00faltima en salir expulsada. Eso s\u00ed, los espectadores estadounidenses no dudaron en mostrarle su apoyo en todo momento.<\/p>\n<p>Originaria de Florida, y residente en Atlanta, Mickey Lee <strong>trabaj\u00f3 como organizadora de eventos<\/strong>. Una labor que ejerc\u00eda antes de darse a conocer en la peque\u00f1a pantalla. Por ello, y tras la popularidad alcanzada en el programa, no es de extra\u00f1ar que la noticia de su fallecimiento, a tan temprana edad, haya causado una gran conmoci\u00f3n. Los encargados de informar sobre la situaci\u00f3n han sido los familiares de la joven a trav\u00e9s de un comunicado, seg\u00fan cita el medido TMZ.com. Y es que, al parecer, <strong>Lee se encontraba ingresada en el hospital a causa de una gripe.<\/strong> Su estado era grave y<strong> perdi\u00f3 la vida la noche de Navidad.<\/strong><\/p>\n<p>La familia de Mickey Lee publica un comunicado<\/p>\n<p>Seg\u00fan se ha explicado, <strong>sufri\u00f3 una sucesi\u00f3n de paros cardiacos que terminaron por poner punto final a su vida.<\/strong> \u00abCon profunda tristeza, la familia de Mickey Lee anuncia su transici\u00f3n en la tarde de Navidad\u00bb, comunicaron sus seres queridos en un escrito. Unas palabras donde quisieron recordar c\u00f3mo la concursante \u00abcaptur\u00f3 los corazones de las audiencias de todo el pa\u00eds\u00bb a trav\u00e9s de su paso por Gran Hermano.<\/p>\n<p>Su marcha ha pillado a todos por sorpresa. Por ello, y lejos de olvidarla, <strong>han querido recordar su \u00abautenticidad, fuerza y esp\u00edritu que dejaron una impresi\u00f3n duradera tanto en los fans como en los dem\u00e1s miembros del elenco\u00bb.<\/strong> Asimismo, se ha informado que la joven estuvo ingresada en el hospital a principios de la semana pasada, pues su estado empeor\u00f3 r\u00e1pidamente.<\/p>\n<p>Sin embargo, ni su familia ni los propios m\u00e9dicos llegaron a pensar que Mickey Lee no volver\u00eda a salir con vida del centro. Y es que, en su momento, <strong>su familia revel\u00f3 que la joven se encontraba en la UCI, en estado cr\u00edtico.<\/strong> Pero, dentro de la gravedad de su caso, estaba estable. Lamentablemente, el desenlace de la joven ha roto el coraz\u00f3n de sus allegados. <strong>Descanse en paz<\/strong>.<\/p>\n","protected":false},"excerpt":{"rendered":"El mundo de la far\u00e1ndula estadounidense se ha despertado con una triste noticia. Tal y como se ha&hellip;\n","protected":false},"author":2,"featured_media":311844,"comment_status":"","ping_status":"","sticky":false,"template":"","format":"standard","meta":{"footnotes":""},"categories":[171],"tags":[146,147,25,24,23,214],"class_list":{"0":"post-311843","1":"post","2":"type-post","3":"status-publish","4":"format-standard","5":"has-post-thumbnail","7":"category-tv","8":"tag-entertainment","9":"tag-entretenimiento","10":"tag-es","11":"tag-espana","12":"tag-spain","13":"tag-tv"},"share_on_mastodon":{"url":"https:\/\/pubeurope.com\/@es\/115802442550836795","error":""},"_links":{"self":[{"href":"https:\/\/www.europesays.com\/es\/wp-json\/wp\/v2\/posts\/311843","targetHints":{"allow":["GET"]}}],"collection":[{"href":"https:\/\/www.europesays.com\/es\/wp-json\/wp\/v2\/posts"}],"about":[{"href":"https:\/\/www.europesays.com\/es\/wp-json\/wp\/v2\/types\/post"}],"author":[{"embeddable":true,"href":"https:\/\/www.europesays.com\/es\/wp-json\/wp\/v2\/users\/2"}],"replies":[{"embeddable":true,"href":"https:\/\/www.europesays.com\/es\/wp-json\/wp\/v2\/comments?post=311843"}],"version-history":[{"count":0,"href":"https:\/\/www.europesays.com\/es\/wp-json\/wp\/v2\/posts\/311843\/revisions"}],"wp:featuredmedia":[{"embeddable":true,"href":"https:\/\/www.europesays.com\/es\/wp-json\/wp\/v2\/media\/311844"}],"wp:attachment":[{"href":"https:\/\/www.europesays.com\/es\/wp-json\/wp\/v2\/media?parent=311843"}],"wp:term":[{"taxonomy":"category","embeddable":true,"href":"https:\/\/www.europesays.com\/es\/wp-json\/wp\/v2\/categories?post=311843"},{"taxonomy":"post_tag","embeddable":true,"href":"https:\/\/www.europesays.com\/es\/wp-json\/wp\/v2\/tags?post=311843"}],"curies":[{"name":"wp","href":"https:\/\/api.w.org\/{rel}","templated":true}]}}