{"id":311891,"date":"2025-12-29T11:13:06","date_gmt":"2025-12-29T11:13:06","guid":{"rendered":"https:\/\/www.europesays.com\/es\/311891\/"},"modified":"2025-12-29T11:13:06","modified_gmt":"2025-12-29T11:13:06","slug":"el-proposito-de-ano-nuevo-de-sebastien-lecornu","status":"publish","type":"post","link":"https:\/\/www.europesays.com\/es\/311891\/","title":{"rendered":"el prop\u00f3sito de a\u00f1o nuevo de S\u00e9bastien Lecornu"},"content":{"rendered":"<p>\t\t\t\t\t\t\t\t\t\t\tLa vida pol\u00edtica durante el \u00faltimo mes del a\u00f1o 2025 en nuestro vecino galo ha sido, <a href=\"https:\/\/agendapublica.es\/etiquetas\/Crisis+de+Gobierno+en+Francia\" target=\"_blank\" rel=\"nofollow noopener\">cuanto menos, agitada<\/a>. Las <strong>interminables reuniones entre los grupos parlamentarios<\/strong>, las constantes amenazas de moci\u00f3n de censura por parte de los grupos m\u00e1s hostiles al Gobierno, y una creciente <a href=\"https:\/\/agendapublica.es\/noticia\/20255\/emmanuel-macron-entre-pared-politica-espada-economica\" target=\"_blank\" rel=\"nofollow noopener\">insistencia del presidente Macron<\/a> <strong>en dotar, por fin, al pa\u00eds de un presupuesto que le permita comenzar a aplicar las reformas<\/strong> que tanto necesita han incrementado de forma exponencial la presi\u00f3n sobre el gabinete del primer ministro Lecornu. Este, viendo que el tiempo se agotaba, ha optado por intentar ganar algo de tiempo aprobando una norma excepcional, conocida como <a href=\"https:\/\/www.lemonde.fr\/politique\/article\/2025\/12\/27\/budget-2026-la-loi-speciale-pour-permettre-de-financer-provisoirement-l-etat-promulguee-au-journal-officiel_6659553_823448.html\" target=\"_blank\" rel=\"nofollow noopener\">Loi Sp\u00e9ciale<\/a>\u00a0(ley especial), que permita \u00abprorrogar\u00bb durante un corto per\u00edodo de tiempo los presupuestos del a\u00f1o en curso mientras las negociaciones contin\u00faan despu\u00e9s de las vacaciones navide\u00f1as.\u00a0<br \/>\nUna pr\u00f3rroga de m\u00ednimos<br \/>\nNo obstante, <strong>esta medida no es equiparable al modelo espa\u00f1ol<\/strong>, donde el ejecutivo puede seguir aplicando de forma autom\u00e1tica y completa los presupuestos del ejercicio en curso en caso de no contar con suficiente respaldo parlamentario. En Francia, esta norma permite al Estado seguir funcionando durante un tiempo como si no se hubiera producido un cambio de a\u00f1o fiscal, pero la Constituci\u00f3n gala<strong> no fue concebida para que este tipo de situaciones se volvieran recurrentes<\/strong>, como ha sucedido en los \u00faltimos cuatro a\u00f1os. Al entender al ejecutivo como garante de la estabilidad nacional, la l\u00f3gica subyacente es empujar a los actores pol\u00edticos a alcanzar un acuerdo lo antes posible, <strong>evitando as\u00ed tener que volver a votar esta ley en cuesti\u00f3n de semanas<\/strong>.\u00a0<\/p>\n<blockquote><p>\u00abS\u00e9bastien Lecornu ha sido capaz de aprobar la primera ley presupuestaria en el parlamento desde que en las \u00faltimas legislativas las posibilidades de mayor\u00eda absoluta se desvaneciesen\u00bb<\/p><\/blockquote>\n<p>Si bien, a priori, uno podr\u00eda pensar que se trata de un nuevo fracaso causado por <a href=\"https:\/\/agendapublica.es\/noticia\/20164\/quinta-republica-bajo-presion\" target=\"_blank\" rel=\"nofollow noopener\">el dif\u00edcil equilibrio parlamentario actual<\/a>, Lecornu ha salido <a href=\"https:\/\/agendapublica.es\/noticia\/20111\" target=\"_blank\" rel=\"nofollow noopener\">relativamente airoso de la situaci\u00f3n<\/a>, en lo que podr\u00eda considerarse una victoria parcial. Primero,<strong> ha conseguido llegar a un acuerdo con el Partido Socialista para sacar adelante el presupuesto de la <a href=\"https:\/\/www.lemonde.fr\/les-decodeurs\/article\/2025\/12\/16\/ce-que-contient-finalement-le-budget-de-la-secu-definitivement-vote-par-le-parlement_6658208_4355770.html\" target=\"_blank\" rel=\"nofollow noopener\">Seguridad Social<\/a><\/strong>, muy importante en tiempos de un activo debate sobre la viabilidad de las pensiones, la edad de jubilaci\u00f3n o las transferencias sociales destinadas a partidas como crianza, dependencia, etc. A base de tes\u00f3n y una voluntad incansable, ha sido capaz de aprobar la primera ley presupuestaria en el parlamento desde que en las \u00faltimas legislativas las posibilidades de mayor\u00eda absoluta se desvaneciesen. Todo ello ha sido posible, adem\u00e1s, <strong>dejando de lado a su principal rival dentro de su mismo espectro pol\u00edtico<\/strong>, <a href=\"https:\/\/www.lemonde.fr\/politique\/article\/2025\/12\/08\/edouard-philippe-recommande-aux-deputes-horizons-de-s-abstenir-sur-le-budget-de-la-secu-je-ne-suis-pas-un-artisan-du-chaos_6656538_823448.html\" target=\"_blank\" rel=\"nofollow noopener\">\u00c9douard Philippe<\/a>, actual alcalde de Le Havre y anterior primer ministro. \u00c9ste,<strong> que hace alrededor de diez a\u00f1os era considerado como la mano derecha de Emmanuel Macron<\/strong>, ahora mantiene con el presidente una relaci\u00f3n de enfrentamiento abierto, habiendo fundado su propio grupo pol\u00edtico con la intenci\u00f3n de <a href=\"https:\/\/agendapublica.es\/noticia\/20192\/tres-dilemas-derecha-moderada-francia\" target=\"_blank\" rel=\"nofollow noopener\">conquistar el centroderecha<\/a> de cara a 2027. <strong>Lecornu, con su tradicional habilidad para alcanzar acuerdos tanto a izquierda como a derecha, ha sabido desactivar a Philippe<\/strong>, emergiendo as\u00ed como una figura m\u00e1s respetada que su antecesor y envuelto en un aura de sentido de Estado y responsabilidad que puede ayudarle a afrontar su mayor reto:<strong> dotar a Francia de un presupuesto completo<\/strong>.<\/p>\n<p>El bloqueo pol\u00edtico y la factura de la deuda<br \/>\nLas negociaciones de enero de 2026 no ser\u00e1n sencillas, no obstante. <strong>Lecornu tiene por delante una tarea may\u00fascula, con unas cuentas nacionales deficitarias y una deuda p\u00fablica creciente<\/strong>. De seguir as\u00ed, los datos econ\u00f3micos no son muy esperanzadores. <strong>Con un d\u00e9ficit por encima del 5% y una deuda como porcentaje del PIB de m\u00e1s del 115%<\/strong>, el margen de maniobra para implementar reformas es ciertamente limitado. La magnitud del problema es tal que <strong>puede afectar directamente a la capacidad de financiaci\u00f3n del Estado<\/strong> y llevarse por delante los proyectos de desarrollo industrial y energ\u00e9tico enmarcados dentro del plan <a href=\"https:\/\/www.economie.gouv.fr\/france-2030\" target=\"_blank\" rel=\"nofollow noopener\">France 2030<\/a>, los cuales fueron concebidos por la Administraci\u00f3n de Macron <strong>como su gran legado<\/strong>. Esto ha hecho que personalidades que suelen tender a la prudencia a la hora de pronunciarse sobre ciertos asuntos, como el <a href=\"https:\/\/www.lefigaro.fr\/conjoncture\/au-dela-de-5-de-deficit-la-france-se-mettrait-en-danger-la-mise-en-garde-du-gouverneur-de-la-banque-de-france-20251219\" target=\"_blank\" rel=\"nofollow noopener\">gobernador del Banco de Francia<\/a>, se muestren<strong> preocupadas por la falta de acci\u00f3n del ejecutivo y la poca voluntad a solucionar los problemas estructurales del pa\u00eds<\/strong>. En sus propias palabras, Francia est\u00e1 pagando alrededor de siete mil millones de euros en concepto de intereses, lo cual implica que, <strong>en diez a\u00f1os, el Estado ha dejado de invertir una suma considerable en investigaci\u00f3n sobre tecnolog\u00edas punteras<\/strong>, alternativas energ\u00e9ticas, mejora de procesos productivos o una renovada arquitectura de seguridad,<strong> en un contexto cr\u00edtico tanto para el pa\u00eds galo como para la Uni\u00f3n Europea<\/strong>.<br \/>\n\u00a0<\/p>\n<blockquote><p>\u00abEl grupo de Le Pen sabe que, de seguir as\u00ed, sus posibilidades de cara a las presidenciales de 2027 pueden crecer de forma notable, aliment\u00e1ndose del hast\u00edo generalizado\u00bb<\/p><\/blockquote>\n<p>Esto, <strong>unido a un contexto de fragmentaci\u00f3n pol\u00edtica y polarizaci\u00f3n<\/strong>, contribuye de forma clara a<strong> exacerbar el pesimismo existente acerca de la clase pol\u00edtica francesa<\/strong>, donde cada grupo est\u00e1 enrocado en sus posiciones para no mermar sus aspiraciones electorales, y, qui\u00e9n sabe, <strong>un posible adelanto de las legislativas en caso de que los esfuerzos de Lecornu acaben en fracaso<\/strong>. La derecha radical, por su parte, se muestra c\u00f3moda en esta situaci\u00f3n. El grupo de Le Pen sabe que, de seguir as\u00ed, sus posibilidades de cara a las presidenciales de 2027 pueden crecer de forma notable, aliment\u00e1ndose del <a href=\"https:\/\/agendapublica.es\/noticia\/20418\/reislamizacion-juventud-musulmana-francia\" target=\"_blank\" rel=\"nofollow noopener\">hast\u00edo generalizado<\/a> ante la fragmentaci\u00f3n y debilidad de los grupos tradicionales.<strong> Sin una alternativa clara en el horizonte<\/strong>, parece que Lecornu, el hombre que present\u00f3 su dimisi\u00f3n tan solo unos d\u00edas despu\u00e9s de ser nombrado primer ministro, emerge como la \u00fanica figura capaz de tender puentes tanto a izquierda como a derecha para evitar un agravamiento de la situaci\u00f3n econ\u00f3mica y <strong>emprender el largo camino hacia la recuperaci\u00f3n de la autonom\u00eda fiscal<\/strong>. De esta forma, acabar\u00eda sacando al pa\u00eds de la depresi\u00f3n para <strong>devolverle a un rol de liderazgo en el centro de la Uni\u00f3n Europea<\/strong> en un momento en el que se necesita una Francia fuerte capaz de liderar los retos que todos tenemos delante para el pr\u00f3ximo lustro. No ser\u00e1 f\u00e1cil, pero en pol\u00edtica nada es sencillo si no se intenta.\u00a0 <\/p>\n","protected":false},"excerpt":{"rendered":"La vida pol\u00edtica durante el \u00faltimo mes del a\u00f1o 2025 en nuestro vecino galo ha sido, cuanto menos,&hellip;\n","protected":false},"author":2,"featured_media":311892,"comment_status":"","ping_status":"","sticky":false,"template":"","format":"standard","meta":{"footnotes":""},"categories":[42],"tags":[17,18,37427,48136,730,13,14,73321,73322,11,61,62,63,64,19,20,9,10,15,16,73320,40457,12,21,22,65,66,67],"class_list":{"0":"post-311891","1":"post","2":"type-post","3":"status-publish","4":"format-standard","5":"has-post-thumbnail","7":"category-internacional","8":"tag-breaking-news","9":"tag-breakingnews","10":"tag-economia-francesa","11":"tag-elecciones-francia","12":"tag-emmanuel-macron","13":"tag-featured-news","14":"tag-featurednews","15":"tag-francia-crisis","16":"tag-gobierno-macron","17":"tag-headlines","18":"tag-internacional","19":"tag-international","20":"tag-international-news","21":"tag-internationalnews","22":"tag-latest-news","23":"tag-latestnews","24":"tag-news","25":"tag-noticias","26":"tag-noticias-destacadas","27":"tag-noticiasdestacadas","28":"tag-presupuestos-francia","29":"tag-sebastien-lecornu","30":"tag-titulares","31":"tag-ultimas-noticias","32":"tag-ultimasnoticias","33":"tag-world","34":"tag-world-news","35":"tag-worldnews"},"share_on_mastodon":{"url":"https:\/\/pubeurope.com\/@es\/115802564392764398","error":""},"_links":{"self":[{"href":"https:\/\/www.europesays.com\/es\/wp-json\/wp\/v2\/posts\/311891","targetHints":{"allow":["GET"]}}],"collection":[{"href":"https:\/\/www.europesays.com\/es\/wp-json\/wp\/v2\/posts"}],"about":[{"href":"https:\/\/www.europesays.com\/es\/wp-json\/wp\/v2\/types\/post"}],"author":[{"embeddable":true,"href":"https:\/\/www.europesays.com\/es\/wp-json\/wp\/v2\/users\/2"}],"replies":[{"embeddable":true,"href":"https:\/\/www.europesays.com\/es\/wp-json\/wp\/v2\/comments?post=311891"}],"version-history":[{"count":0,"href":"https:\/\/www.europesays.com\/es\/wp-json\/wp\/v2\/posts\/311891\/revisions"}],"wp:featuredmedia":[{"embeddable":true,"href":"https:\/\/www.europesays.com\/es\/wp-json\/wp\/v2\/media\/311892"}],"wp:attachment":[{"href":"https:\/\/www.europesays.com\/es\/wp-json\/wp\/v2\/media?parent=311891"}],"wp:term":[{"taxonomy":"category","embeddable":true,"href":"https:\/\/www.europesays.com\/es\/wp-json\/wp\/v2\/categories?post=311891"},{"taxonomy":"post_tag","embeddable":true,"href":"https:\/\/www.europesays.com\/es\/wp-json\/wp\/v2\/tags?post=311891"}],"curies":[{"name":"wp","href":"https:\/\/api.w.org\/{rel}","templated":true}]}}