{"id":311905,"date":"2025-12-29T11:26:07","date_gmt":"2025-12-29T11:26:07","guid":{"rendered":"https:\/\/www.europesays.com\/es\/311905\/"},"modified":"2025-12-29T11:26:07","modified_gmt":"2025-12-29T11:26:07","slug":"los-repobladores-de-valencia-a-dona-mencia-el-salto-fotografico-de-maria-jose","status":"publish","type":"post","link":"https:\/\/www.europesays.com\/es\/311905\/","title":{"rendered":"Los Repobladores | De Valencia a Do\u00f1a Menc\u00eda, el salto fotogr\u00e1fico de Mar\u00eda Jos\u00e9"},"content":{"rendered":"<p data-start=\"1515\" data-end=\"2139\">Conocemos a\u00a0<strong data-start=\"1581\" data-end=\"1595\">Mar\u00eda Jos\u00e9 G\u00f3mez<\/strong>, una <strong>repobladora<\/strong>. Tiene <strong>48 a\u00f1os<\/strong> y es <strong>oriunda<\/strong> de <strong>Valencia<\/strong>, aunque siempre ha mantenido\u00a0un fuerte v\u00ednculo con <strong>Do\u00f1a Menc\u00eda<\/strong>, el <strong>pueblo cordob\u00e9s<\/strong> de sus <strong>padres<\/strong> donde pasaba sus vacaciones infantiles.<\/p>\n<p data-start=\"1515\" data-end=\"2139\">Junto a su marido, tambi\u00e9n fot\u00f3grafo y formado en imagen y sonido, <strong>trabaj\u00f3<\/strong> durante a\u00f1os en <strong>estudios fotogr\u00e1ficos<\/strong>\u00a0hasta que el\u00a0<strong data-start=\"1951\" data-end=\"1967\">ritmo urbano<\/strong>\u00a0comenz\u00f3 a pesarles. El punto de inflexi\u00f3n lleg\u00f3 cuando se cumpli\u00f3 una frase que repet\u00edan como un sue\u00f1o:\u00a0\u201cSi se jubila el fot\u00f3grafo de Do\u00f1a Menc\u00eda, nos vamos\u201d. Y as\u00ed fue.<\/p>\n<p data-start=\"2141\" data-end=\"2508\">Hace <strong data-start=\"2152\" data-end=\"2165\">diez a\u00f1os<\/strong>\u00a0abrieron su\u00a0<strong data-start=\"2233\" data-end=\"2263\">propio estudio fotogr\u00e1fico<\/strong>. Mar\u00eda Jos\u00e9 es una <strong>figura clave<\/strong> en la\u00a0<strong data-start=\"2307\" data-end=\"2336\">vida social <\/strong>del<strong data-start=\"2307\" data-end=\"2336\"> municipio<\/strong>. A trav\u00e9s de su c\u00e1mara documenta la cotidianidad, los paisajes y las costumbres locales, convirtiendo su trabajo en un\u00a0<strong data-start=\"2456\" data-end=\"2496\">puente entre <\/strong>el<strong data-start=\"2456\" data-end=\"2496\"> pasado <\/strong>y el<strong data-start=\"2456\" data-end=\"2496\"> presente<\/strong>\u00a0del <strong>pueblo<\/strong>.<\/p>\n<p data-start=\"2141\" data-end=\"2508\"><strong>\u00a1No te pierdas su historia!<\/strong><\/p>\n","protected":false},"excerpt":{"rendered":"Conocemos a\u00a0Mar\u00eda Jos\u00e9 G\u00f3mez, una repobladora. Tiene 48 a\u00f1os y es oriunda de Valencia, aunque siempre ha mantenido\u00a0un&hellip;\n","protected":false},"author":2,"featured_media":311906,"comment_status":"","ping_status":"","sticky":false,"template":"","format":"standard","meta":{"footnotes":""},"categories":[173],"tags":[229,233,231,230,2760,232,234,73328,51514,146,147,25,24,44892,73325,73327,73326,23],"class_list":{"0":"post-311905","1":"post","2":"type-post","3":"status-publish","4":"format-standard","5":"has-post-thumbnail","7":"category-arte-y-diseno","8":"tag-arte","9":"tag-arte-y-diseno","10":"tag-arts","11":"tag-arts-and-design","12":"tag-cordoba","13":"tag-design","14":"tag-diseno","15":"tag-dona-mencia","16":"tag-emprendedora","17":"tag-entertainment","18":"tag-entretenimiento","19":"tag-es","20":"tag-espana","21":"tag-fotografa","22":"tag-los-repobladores","23":"tag-maria-jose-gomez","24":"tag-repobladora","25":"tag-spain"},"share_on_mastodon":{"url":"https:\/\/pubeurope.com\/@es\/115802615487910922","error":""},"_links":{"self":[{"href":"https:\/\/www.europesays.com\/es\/wp-json\/wp\/v2\/posts\/311905","targetHints":{"allow":["GET"]}}],"collection":[{"href":"https:\/\/www.europesays.com\/es\/wp-json\/wp\/v2\/posts"}],"about":[{"href":"https:\/\/www.europesays.com\/es\/wp-json\/wp\/v2\/types\/post"}],"author":[{"embeddable":true,"href":"https:\/\/www.europesays.com\/es\/wp-json\/wp\/v2\/users\/2"}],"replies":[{"embeddable":true,"href":"https:\/\/www.europesays.com\/es\/wp-json\/wp\/v2\/comments?post=311905"}],"version-history":[{"count":0,"href":"https:\/\/www.europesays.com\/es\/wp-json\/wp\/v2\/posts\/311905\/revisions"}],"wp:featuredmedia":[{"embeddable":true,"href":"https:\/\/www.europesays.com\/es\/wp-json\/wp\/v2\/media\/311906"}],"wp:attachment":[{"href":"https:\/\/www.europesays.com\/es\/wp-json\/wp\/v2\/media?parent=311905"}],"wp:term":[{"taxonomy":"category","embeddable":true,"href":"https:\/\/www.europesays.com\/es\/wp-json\/wp\/v2\/categories?post=311905"},{"taxonomy":"post_tag","embeddable":true,"href":"https:\/\/www.europesays.com\/es\/wp-json\/wp\/v2\/tags?post=311905"}],"curies":[{"name":"wp","href":"https:\/\/api.w.org\/{rel}","templated":true}]}}