{"id":311907,"date":"2025-12-29T11:28:05","date_gmt":"2025-12-29T11:28:05","guid":{"rendered":"https:\/\/www.europesays.com\/es\/311907\/"},"modified":"2025-12-29T11:28:05","modified_gmt":"2025-12-29T11:28:05","slug":"angeles-bravo-se-despide-emocionada-y-agradecida-tras-30-anos","status":"publish","type":"post","link":"https:\/\/www.europesays.com\/es\/311907\/","title":{"rendered":"\u00c1ngeles Bravo se despide emocionada y agradecida tras 30 a\u00f1os"},"content":{"rendered":"\n<p> El Canal 24 Horas vivi\u00f3 este domingo uno de esos momentos que trascienden la escaleta y conectan directamente con la memoria colectiva de la televisi\u00f3n p\u00fablica. <strong>\u00c1ngeles Bravo, uno de los rostros m\u00e1s reconocibles y respetados de los informativos de RTVE, fue sorprendida en pleno directo con un homenaje por su jubilaci\u00f3n <\/strong>tras m\u00e1s de tres d\u00e9cadas vinculada a la Corporaci\u00f3n. Un adi\u00f3s inesperado, sincero y cargado de emoci\u00f3n que puso en valor una trayectoria discreta pero esencial para entender la historia reciente del canal de TVE. <\/p>\n<p> La escena se produjo durante el informativo que la propia periodista estaba presentando. Al dar paso a una informaci\u00f3n de \u00faltima hora, una compa\u00f1era desde la redacci\u00f3n interrumpi\u00f3 el guion habitual para anunciar la sorpresa. \u201cHoy es tu \u00faltimo d\u00eda. El equipo del Canal 24 Horas no ha querido dejar pasar la oportunidad de <strong>agradecerte estos m\u00e1s de 30 a\u00f1os en TVE y hemos preparado un peque\u00f1o homenaje<\/strong>\u201d, le traslad\u00f3 en directo, mientras \u00c1ngeles escuchaba desde el plat\u00f3, visiblemente emocionada y con una sonrisa contenida. <\/p>\n<p> El homenaje incluy\u00f3 un v\u00eddeo que recorr\u00eda su extensa carrera en RTVE, <strong>desde su llegada en 1988 como redactora y presentadora ocasional de <\/strong><strong>Buenos d\u00edas<\/strong><strong>, hasta su consolidaci\u00f3n como uno de los pilares del Canal 24 Horas<\/strong>. Bajo el r\u00f3tulo Al partir un beso y un adi\u00f3s, el montaje combin\u00f3 im\u00e1genes de archivo y momentos clave de su trayectoria, que la periodista sigui\u00f3 atentamente intentando mantener la compostura. <\/p>\n<p> Fiel a su car\u00e1cter sereno, Bravo reaccion\u00f3 con una frase que resume bien su manera de estar en televisi\u00f3n: \u201c<strong>Est\u00e1n intentando durante toda la tarde hacerme llorar, pero no lo vais a conseguir<\/strong>\u201d. Sin embargo, la emoci\u00f3n termin\u00f3 aflorando cuando tom\u00f3 la palabra para dirigirse a la audiencia y a sus compa\u00f1eros. \u201cLo que s\u00ed os puedo decir es que ha sido un placer estar aqu\u00ed los fines de semana con mis compa\u00f1eros del Canal 24 Horas d\u00e1ndoles toda la informaci\u00f3n y todo lo que hemos podido. De todo coraz\u00f3n, gracias\u201d, afirm\u00f3 con la voz quebrada, a punto de romperse. <\/p>\n<blockquote class=\"twitter-tweet\">\n<p lang=\"es\" dir=\"ltr\">Jubilaci\u00f3n de la periodista del Canal 24 Horas de RTVE, \u00c1ngeles Bravo <a href=\"https:\/\/t.co\/DiFLqWGUCv\" rel=\"nofollow\">pic.twitter.com\/DiFLqWGUCv<\/a><\/p>\n<p>\u2014 mundosintonia (@mundosintonia) <a href=\"https:\/\/twitter.com\/mundosintonia\/status\/2005381460258443580?ref_src=twsrc%5Etfw\" rel=\"nofollow noopener\" target=\"_blank\">December 28, 2025<\/a><\/p><\/blockquote>\n<p> Aunque el homenaje se emiti\u00f3 el domingo 28, la periodista quiso puntualizar que su despedida definitiva llegar\u00eda este lunes 29, en sus \u00faltimos minutos en antena. Un cierre simb\u00f3lico para una carrera que ha estado marcada por<strong> la constancia, el rigor y una presencia siempre al servicio de la informaci\u00f3n, lejos del protagonismo <\/strong>personal. <\/p>\n<p> \u00c1ngeles Bravo es, sin duda, una figura clave de la televisi\u00f3n p\u00fablica. <strong>Gran parte de su carrera se ha desarrollado en el Canal 24 Horas, donde present\u00f3<\/strong><strong> La ma\u00f1ana en 24 horas <\/strong><strong>entre 2007 y 2018 <\/strong>y, m\u00e1s recientemente, las tardes de los fines de semana. Adem\u00e1s, condujo durante siete a\u00f1os Audiencia abierta en La 1, el espacio dedicado a la actividad institucional de la Casa Real, y pas\u00f3 por formatos emblem\u00e1ticos como el Telediario matinal o La 2 Noticias. Su \u00faltima etapa profesional incluy\u00f3 responsabilidades en el \u00c1rea de Nacional de los Informativos de TVE, demostrando una versatilidad poco habitual. <\/p>\n<p> La despedida de \u00c1ngeles Bravo no solo marca el final de una etapa personal, sino tambi\u00e9n <strong>la salida de una generaci\u00f3n de periodistas que han construido la credibilidad de RTVE desde la sobriedad y el compromiso con el servicio p\u00fablico<\/strong>. Un adi\u00f3s sin estridencias, pero con el reconocimiento un\u00e1nime de una redacci\u00f3n y de una audiencia que, durante m\u00e1s de 30 a\u00f1os, han confiado en su manera de contar la actualidad. <\/p>\n<p> El Canal 24 Horas vivi\u00f3 este domingo uno de esos momentos que trascienden la escaleta y conectan directamente con la memoria colectiva de la televisi\u00f3n p\u00fablica. <strong>\u00c1ngeles Bravo, uno de los rostros m\u00e1s reconocibles y respetados de los informativos de RTVE, fue sorprendida en pleno directo con un homenaje por su jubilaci\u00f3n <\/strong>tras m\u00e1s de tres d\u00e9cadas vinculada a la Corporaci\u00f3n. Un adi\u00f3s inesperado, sincero y cargado de emoci\u00f3n que puso en valor una trayectoria discreta pero esencial para entender la historia reciente del canal de TVE. <\/p>\n<p>              <script async src=\"https:\/\/platform.twitter.com\/widgets.js\" charset=\"utf-8\"><\/script><\/p>\n","protected":false},"excerpt":{"rendered":"El Canal 24 Horas vivi\u00f3 este domingo uno de esos momentos que trascienden la escaleta y conectan directamente&hellip;\n","protected":false},"author":2,"featured_media":311908,"comment_status":"","ping_status":"","sticky":false,"template":"","format":"standard","meta":{"footnotes":""},"categories":[171],"tags":[146,147,25,24,23,214],"class_list":{"0":"post-311907","1":"post","2":"type-post","3":"status-publish","4":"format-standard","5":"has-post-thumbnail","7":"category-tv","8":"tag-entertainment","9":"tag-entretenimiento","10":"tag-es","11":"tag-espana","12":"tag-spain","13":"tag-tv"},"share_on_mastodon":{"url":"https:\/\/pubeurope.com\/@es\/115802623409832144","error":""},"_links":{"self":[{"href":"https:\/\/www.europesays.com\/es\/wp-json\/wp\/v2\/posts\/311907","targetHints":{"allow":["GET"]}}],"collection":[{"href":"https:\/\/www.europesays.com\/es\/wp-json\/wp\/v2\/posts"}],"about":[{"href":"https:\/\/www.europesays.com\/es\/wp-json\/wp\/v2\/types\/post"}],"author":[{"embeddable":true,"href":"https:\/\/www.europesays.com\/es\/wp-json\/wp\/v2\/users\/2"}],"replies":[{"embeddable":true,"href":"https:\/\/www.europesays.com\/es\/wp-json\/wp\/v2\/comments?post=311907"}],"version-history":[{"count":0,"href":"https:\/\/www.europesays.com\/es\/wp-json\/wp\/v2\/posts\/311907\/revisions"}],"wp:featuredmedia":[{"embeddable":true,"href":"https:\/\/www.europesays.com\/es\/wp-json\/wp\/v2\/media\/311908"}],"wp:attachment":[{"href":"https:\/\/www.europesays.com\/es\/wp-json\/wp\/v2\/media?parent=311907"}],"wp:term":[{"taxonomy":"category","embeddable":true,"href":"https:\/\/www.europesays.com\/es\/wp-json\/wp\/v2\/categories?post=311907"},{"taxonomy":"post_tag","embeddable":true,"href":"https:\/\/www.europesays.com\/es\/wp-json\/wp\/v2\/tags?post=311907"}],"curies":[{"name":"wp","href":"https:\/\/api.w.org\/{rel}","templated":true}]}}