{"id":311911,"date":"2025-12-29T11:30:08","date_gmt":"2025-12-29T11:30:08","guid":{"rendered":"https:\/\/www.europesays.com\/es\/311911\/"},"modified":"2025-12-29T11:30:08","modified_gmt":"2025-12-29T11:30:08","slug":"queria-que-tuviera-una-infancia","status":"publish","type":"post","link":"https:\/\/www.europesays.com\/es\/311911\/","title":{"rendered":"Quer\u00eda que tuviera una infancia"},"content":{"rendered":"<p>Si un papel exigente a nivel f\u00edsico y psicol\u00f3gico puede minar hasta la mente del int\u00e9rprete m\u00e1s experimentado, <strong>los efectos que puede tener en un menor de edad<\/strong> que, adem\u00e1s, debuta frente a las c\u00e1maras, pueden ser demoledores. La lista de casos que ilustran esto es tan amplia como llena de leyendas urbanas, siendo uno de los m\u00e1s sonados el de Linda Blair y su convulsa participaci\u00f3n en esa obra maestra del cine de terror titulada <a class=\"text-outboundlink\" href=\"https:\/\/www.espinof.com\/criticas\/criticas-a-la-carta-el-exorcista-de-william-friedkin\" data-vars-post-title=\"Cr\u00edticas a la carta | &#039;El exorcista&#039;, de William Friedkin\" data-vars-post-url=\"https:\/\/www.espinof.com\/criticas\/criticas-a-la-carta-el-exorcista-de-william-friedkin\" rel=\"nofollow noopener\" target=\"_blank\">&#8216;El exorcista&#8217;<\/a>.<\/p>\n<p>Todo a su debido tiempo<\/p>\n<p>La actriz tuvo que someterse a las malas praxis en set de un William Friedkin cuyos m\u00e9todos llegaron a derivar en problemas m\u00e9dicos \u2014fracturas incluidas\u2014 y psicol\u00f3gicos a los que pudo verse expuesta la mism\u00edsima <strong>Jamie Lee Curtis, que fue tanteada por un productor del filme<\/strong> para que diese vida a la celeb\u00e9rrima Regan. Por suerte, su experimentada madre supo ver desde lejos lo arriesgado del trabajo.<\/p>\n<p>Durante su \u00faltima aparici\u00f3n en <a rel=\"noopener, noreferrer nofollow\" href=\"https:\/\/www.youtube.com\/watch?v=H2paQZJmolQ\" target=\"_blank\">The Drew Barrymore Show<\/a>, Curtis explic\u00f3 de este modo c\u00f3mo su progenitora, la m\u00edtica Janet Leigh, <strong>rechaz\u00f3 la oferta para protegerla<\/strong>.<\/p>\n<blockquote><p>\u00abLlam\u00f3 a mi madre y le dijo: &#8216;Oye, estoy produciendo la adaptaci\u00f3n cinematogr\u00e1fica del libro El exorcista. \u00bfDejar\u00edas que Jamie haga una audici\u00f3n?&#8217;. Y en aquel momento yo tendr\u00eda unos 12 a\u00f1os y era, pues, mona y un poco descarada, con algo de personalidad, y seguro que me vio en una fiesta y pens\u00f3: &#8216;Oh, podr\u00eda ser divertida&#8217;. Y mi madre dijo: &#8216;No'\u00bb.<\/p><\/blockquote>\n<p>    <a href=\"https:\/\/www.espinof.com\/cine-clasico\/50-anos-escalofriante-pelicula-terror-que-cambio-cine-para-siempre-que-exorcista-sigue-siendo-clasico-genero-influyente\" class=\"pivot-outboundlink\" data-vars-post-title=\"50 a\u00f1os de la escalofriante pel\u00edcula de terror que cambi\u00f3 el cine para siempre: por qu\u00e9 &#039;El Exorcista&#039; sigue siendo el cl\u00e1sico del g\u00e9nero m\u00e1s influyente\" rel=\"nofollow noopener\" target=\"_blank\"><br \/>\n     <img loading=\"lazy\" decoding=\"async\" alt=\"50 a\u00f1os de la escalofriante pel\u00edcula de terror que cambi\u00f3 el cine para siempre: por qu\u00e9 'El Exorcista' sigue siendo el cl\u00e1sico del g\u00e9nero m\u00e1s influyente\" width=\"375\" height=\"142\" src=\"https:\/\/www.europesays.com\/es\/wp-content\/uploads\/2025\/12\/1767007808_641_375_142.jpeg\"\/><br \/>\n    <\/a><\/p>\n<p>La actriz continu\u00f3 la an\u00e9cdota haciendo alusi\u00f3n a Barrymore, cuya trayectoria profesional <strong>arranc\u00f3 a una tempran\u00edsima edad<\/strong> en la <a class=\"text-outboundlink\" href=\"https:\/\/www.espinof.com\/criticas\/steven-spielberg-et-el-extraterrestre-el-gran-amigo-que-cayo-del-cielo\" data-vars-post-title=\"Steven Spielberg: &#039;E.T., el extraterrestre&#039;, el gran amigo que cay\u00f3 del cielo\" data-vars-post-url=\"https:\/\/www.espinof.com\/criticas\/steven-spielberg-et-el-extraterrestre-el-gran-amigo-que-cayo-del-cielo\" rel=\"nofollow noopener\" target=\"_blank\">&#8216;E.T.&#8217;<\/a> de Steven Spielberg.<\/p>\n<blockquote><p>\u00abMi madre quer\u00eda de verdad que yo tuviera, gracias a Dios, una infancia, algo que entiendo que t\u00fa no tuviste. T\u00fa no tuviste esa opci\u00f3n\u00bb.<\/p><\/blockquote>\n<p>Al final, como todos sabemos, Linda Blair se hizo con el rol y rasc\u00f3 una nominaci\u00f3n al Oscar a la mejor actriz de reparto. Por su parte, <strong>Curtis terminar\u00eda convertida en una de las grandes <\/strong><strong>scream queens<\/strong><strong> del cine de g\u00e9nero<\/strong> gracias, en buena parte, a un John Carpenter que sac\u00f3 oro de su talento en <a class=\"text-outboundlink\" href=\"https:\/\/www.espinof.com\/criticas\/john-carpenter-halloween-el-terror-convertido-en-arte\" data-vars-post-title=\"John Carpenter: &#039;Halloween&#039;, el terror convertido en arte\" data-vars-post-url=\"https:\/\/www.espinof.com\/criticas\/john-carpenter-halloween-el-terror-convertido-en-arte\" rel=\"nofollow noopener\" target=\"_blank\">&#8216;Halloween&#8217;<\/a> y <a class=\"text-outboundlink\" href=\"https:\/\/www.espinof.com\/criticas\/john-carpenter-la-niebla-terrores-ancestrales\" data-vars-post-title=\"John Carpenter: &#039;La niebla&#039;, terrores ancestrales\" data-vars-post-url=\"https:\/\/www.espinof.com\/criticas\/john-carpenter-la-niebla-terrores-ancestrales\" rel=\"nofollow noopener\" target=\"_blank\">&#8216;La niebla&#8217;<\/a>.<\/p>\n<p>Si quieres una raci\u00f3n semanal de informaci\u00f3n y otras cosas relacionadas con el mundo del cine, date una vuelta por nuestra Newsletter,\u00a0<a class=\"text-outboundlink\" href=\"https:\/\/www.espinof.com\/espinof\/llega-espinofrenia-newsletter-gratuita-espinof-opiniones-tapujos-mejor-semana-horribles-juegos-palabras-marca-casa\" data-vars-post-title=\"\u00a1Llega Espinofrenia! La newsletter gratuita de Espinof con opiniones sin tapujos, lo mejor de la semana y horribles juegos de palabras marca de la casa \" data-vars-post-url=\"https:\/\/www.espinof.com\/espinof\/llega-espinofrenia-newsletter-gratuita-espinof-opiniones-tapujos-mejor-semana-horribles-juegos-palabras-marca-casa\" rel=\"nofollow noopener\" target=\"_blank\">Espinofrenia<\/a>.<\/p>\n<p>En Espinof |\u00a0<a class=\"text-outboundlink\" href=\"https:\/\/www.espinof.com\/listas\/mejores-peliculas-2025\" data-vars-post-title=\"Las 15 mejores pel\u00edculas de 2025 (por ahora)\" data-vars-post-url=\"https:\/\/www.espinof.com\/listas\/mejores-peliculas-2025\" rel=\"nofollow noopener\" target=\"_blank\">Las mejores pel\u00edculas de 2025<\/a><\/p>\n<p>En Espinof |\u00a0<a class=\"text-outboundlink\" href=\"https:\/\/www.espinof.com\/listas\/mejores-series-2025\" data-vars-post-title=\"Las 15 mejores series de 2025 (por ahora)\" data-vars-post-url=\"https:\/\/www.espinof.com\/listas\/mejores-series-2025\" rel=\"nofollow noopener\" target=\"_blank\">Las mejores series de 2025<\/a>\u00a0<\/p>\n","protected":false},"excerpt":{"rendered":"Si un papel exigente a nivel f\u00edsico y psicol\u00f3gico puede minar hasta la mente del int\u00e9rprete m\u00e1s experimentado,&hellip;\n","protected":false},"author":2,"featured_media":311912,"comment_status":"","ping_status":"","sticky":false,"template":"","format":"standard","meta":{"footnotes":""},"categories":[169],"tags":[177,146,147,25,24,176,175,23],"class_list":{"0":"post-311911","1":"post","2":"type-post","3":"status-publish","4":"format-standard","5":"has-post-thumbnail","7":"category-cine","8":"tag-cine","9":"tag-entertainment","10":"tag-entretenimiento","11":"tag-es","12":"tag-espana","13":"tag-film","14":"tag-movies","15":"tag-spain"},"share_on_mastodon":{"url":"https:\/\/pubeurope.com\/@es\/115802631294818562","error":""},"_links":{"self":[{"href":"https:\/\/www.europesays.com\/es\/wp-json\/wp\/v2\/posts\/311911","targetHints":{"allow":["GET"]}}],"collection":[{"href":"https:\/\/www.europesays.com\/es\/wp-json\/wp\/v2\/posts"}],"about":[{"href":"https:\/\/www.europesays.com\/es\/wp-json\/wp\/v2\/types\/post"}],"author":[{"embeddable":true,"href":"https:\/\/www.europesays.com\/es\/wp-json\/wp\/v2\/users\/2"}],"replies":[{"embeddable":true,"href":"https:\/\/www.europesays.com\/es\/wp-json\/wp\/v2\/comments?post=311911"}],"version-history":[{"count":0,"href":"https:\/\/www.europesays.com\/es\/wp-json\/wp\/v2\/posts\/311911\/revisions"}],"wp:featuredmedia":[{"embeddable":true,"href":"https:\/\/www.europesays.com\/es\/wp-json\/wp\/v2\/media\/311912"}],"wp:attachment":[{"href":"https:\/\/www.europesays.com\/es\/wp-json\/wp\/v2\/media?parent=311911"}],"wp:term":[{"taxonomy":"category","embeddable":true,"href":"https:\/\/www.europesays.com\/es\/wp-json\/wp\/v2\/categories?post=311911"},{"taxonomy":"post_tag","embeddable":true,"href":"https:\/\/www.europesays.com\/es\/wp-json\/wp\/v2\/tags?post=311911"}],"curies":[{"name":"wp","href":"https:\/\/api.w.org\/{rel}","templated":true}]}}