{"id":311913,"date":"2025-12-29T11:31:20","date_gmt":"2025-12-29T11:31:20","guid":{"rendered":"https:\/\/www.europesays.com\/es\/311913\/"},"modified":"2025-12-29T11:31:20","modified_gmt":"2025-12-29T11:31:20","slug":"mercado-de-fichajes-hoy-29-de-diciembre-en-directo-ultima-hora-de-barcelona-real-madrid-psg-liverpool-city-united-bayern-juventus-sport","status":"publish","type":"post","link":"https:\/\/www.europesays.com\/es\/311913\/","title":{"rendered":"Mercado de fichajes, hoy 29 de diciembre en directo: \u00faltima hora de Barcelona, Real Madrid, PSG, Liverpool, City, United, Bayern, Juventus&#8230; &#8211; SPORT"},"content":{"rendered":"<ol>\n<li><a href=\"https:\/\/news.google.com\/rss\/articles\/CBMimAFBVV95cUxQeVVzbjI1Qmg1enNTUEtjUGU3ZFBwb2dBbGRnY295XzVSU3E3SDNTaFRGc0hsd3RvZzNPVjkxS2VLSDg5a1NGYUZuV1I2MWlXeWJNbjJuMU9VVjNUR2J6OUh1cTFpVWNmbWtoVUJmTUVXVm9OLVpwbjZKcUtJYmRzcFJlQUczRW1WRUxzQnBhMFdYcUhtdnA5StIBmAFBVV95cUxNYlpXcmNlRy1oTUhTVWNwcW5RTVE4UGZSR1lGak5uWk9SWXA3bFdyWm9rYWlJUFF3cmRmWWxHVDZYOUFIRTRhcm9GeXc1ZkVuUUdTREF5WjlHSm9XNVRETTJDVDYtZjRLd3R3UmpOVFpFTFBYamhITUNscUJLamJKRlg1d3VFNjJMd0wxb2hKWUQzeFVfZlJXXw?oc=5\" target=\"_blank\" rel=\"nofollow noopener\">Mercado de fichajes, hoy 29 de diciembre en directo: \u00faltima hora de Barcelona, Real Madrid, PSG, Liverpool, City, United, Bayern, Juventus&#8230;<\/a>&nbsp;&nbsp;SPORT<\/li>\n<li><a href=\"https:\/\/news.google.com\/rss\/articles\/CBMi5wFBVV95cUxQUjJWMmljU3BjckFvWUp3R20wSVY0NmxPTHE4dklFeTJ6ZUF4aXpFd2pqeE1hRm1fUVJuSjZvQm80NS15TWt2OVZzMTBKVnZXMDJ0Rm9HOElndXJlNnRUZktHM1p2Y283SHJUWjVLalZIamViaUdFdS11UC1PM2NhejRuZkktQkRSeW1Fa1doempOcktHdktvTXBtek9teW9yWnY0c2pDT0pqS2hTT3RZX0ZhSWhXM1RzLVc0ZzgzbzdUdTdqclhKYW03cUVHMkdHM2ZpOFlpYmtKSFU3aWhTdmdoVmFsNWfSAfsBQVVfeXFMTzl3R2JqaWMxM0dkc3ZoMnJRMlNqeUZBcW9BZWpjNFVJUVJCcDNoNi13RzlWQnBFeF9OanFGOGdDeDFuenVTRjJUTHNRSmw3bTd3bXJibUY1cUp5bTF1WFRvd3M3QmFHdHpOYmExaGJRWVhwNFlkdVFGQUlyUlF1MHFvVEtiaE5ieGxwdS10ZGFweUY5Y2h4QkZzNzJzZi1rb29uaHRRNHNuMk1maVBYaWhlM3NBQ3hIQ1EyVHJhbUpYMWk0UUk4eXY5VDBFU1ZBUFI3dWRtcFlHS0lQUno3Vjd4REtZYkdoc2tjNHM4bWJQQmpfd0xKbGJIT0U?oc=5\" target=\"_blank\" rel=\"nofollow noopener\">Mercado de fichajes, en directo: \u00faltima hora de Real Madrid, Barcelona, Atl\u00e9tico de Madrid y f\u00fatbol internacional<\/a>&nbsp;&nbsp;Diario AS<\/li>\n<li><a href=\"https:\/\/news.google.com\/rss\/articles\/CBMimgFBVV95cUxQeUVGbEVPamxtaVRBd3NHWnpsQU51MEtVVFMxdWcyeGVkbHVBbjNXWU05QnlmR2EtUmg2alppNWpLNnl1OGJlLV8wbTk5TElVNEZjTEdBLVdVZHYxNGxTWm5rOENRZUxOMUUzWVdJbkhfbzV0VUNfMzBSUFdVVWtOeExzaExud1Z6T1hURnEtZ05FRXRJdjBlbXhn0gGaAUFVX3lxTE5ESzhFeTVxeGJtNldjX09SR0VXNENQTmVMSmV1OGpxMGROcF9penRMTHp6cXhCdktZc24tSzVES1c3YUxfSnJ5b0FQMVY4OUVPanpIVjRVbllfWTBXcGl0aHo0OVpVN2cwU1BXdHNOTzNnb0c2Z0lHY1pOdUwtS0o5MlNtTXVwSEZJMlBZQ2pqMjdoUjJMbHY3Z3c?oc=5\" target=\"_blank\" rel=\"nofollow noopener\">Mercado de fichajes, en directo | Altas, bajas y \u00faltima hora de los traspasos de invierno hoy, en vivo<\/a>&nbsp;&nbsp;MARCA<\/li>\n<li><a href=\"https:\/\/news.google.com\/rss\/articles\/CBMizAFBVV95cUxNaHdGTFl1TFZ3QzNEYXlhSllqcTYxaFM1ckVxa2h6d2VKQXo2TVE3dkltMWl5UXp5Tm1LNVlaNElIdFZxeHZaSmJsU2J2NWU3NFBBRTRZMVgzdTBxTlNCQWJja1JYMXdWd05NN2dmNkhuNTdjQloxVEVmV2d0WVJUUlI5STVIZkxSb25HcGRDdk1fNzRkbndELWRSeDI2VmhCQ1FBdzhPY1g1LW5iZWo2R0lwUjBlMDBvUHNlaVRyQ3Q1M1U0OXZJZDBDMHbSAdoBQVVfeXFMTmVoVzM0azU5N0pSeDVOVm9PaWF3eE96ZEVpZXpWWnlhUTdQT0pRTFhRdjBpbEMzdnA3MEZQdGxuWWRkVzhmQTh4bE1MOUNPamF5OGZXc2ZLUnV5TU5sOHlIWWt0QXNZbTM3bENHbzRXSFdjY0kzVjE2dU90OHhWLWFBUzlRcnJMM3NucmRoU1pXTGFmd3hpbWc0M2wzeG5QMGt1V0w0NUkwTkx2ZDdkTW9DMlBuOVJmQTJHbjRaWFI3Z292NjBBSXowNm56N0czT3U4XzFrNDlManc?oc=5\" target=\"_blank\" rel=\"nofollow noopener\">Mercado de fichajes de f\u00fatbol, en directo hoy | Altas, bajas y rumores, en vivo<\/a>&nbsp;&nbsp;Mundo Deportivo<\/li>\n<li><a href=\"https:\/\/news.google.com\/rss\/articles\/CBMiwwFBVV95cUxNdVItVFhaVHJBRzFfYV9WN05Ud2NkOTlxb0tQQzdxZmxVdE5Oay1nd2FOeFFmRTJvRWhxS1NzWDhmcVRRVG1UQXdlWWd4bVAxR3FNVVJxWXhjZVVQb0VZM1dHUEpMT0Z0a3NlWjh0eGxGZUtEZGpWWGlQVTJLYll0OGJlM0F4ZlVSalJEazktRHFpZjJPa085T0JrNVdMRTB0eHVIZXlRRVNnS1UwSlVmMjRySWwwOW5DVERPVEFDMXUxcXc?oc=5\" target=\"_blank\" rel=\"nofollow noopener\">Mercado de fichajes: Vin\u00edcius Jr define su destino preferido; Olise, R\u00fcdiger, Gabriel Jesus y m\u00e1s<\/a>&nbsp;&nbsp;Sports Illustrated<\/li>\n<\/ol>\n","protected":false},"excerpt":{"rendered":"Mercado de fichajes, hoy 29 de diciembre en directo: \u00faltima hora de Barcelona, Real Madrid, PSG, Liverpool, City,&hellip;\n","protected":false},"author":2,"featured_media":311914,"comment_status":"","ping_status":"","sticky":false,"template":"","format":"standard","meta":{"footnotes":""},"categories":[93],"tags":[2296,24836,168,25,24,285,282,15829,288,1239,4409,3048,23,167],"class_list":{"0":"post-311913","1":"post","2":"type-post","3":"status-publish","4":"format-standard","5":"has-post-thumbnail","7":"category-deportes","8":"tag-barca","9":"tag-bayern","10":"tag-deportes","11":"tag-es","12":"tag-espana","13":"tag-fichajes","14":"tag-futbol","15":"tag-juventus","16":"tag-laliga","17":"tag-mercado","18":"tag-psg","19":"tag-real-madrid","20":"tag-spain","21":"tag-sports"},"share_on_mastodon":{"url":"https:\/\/pubeurope.com\/@es\/115802635229213078","error":""},"_links":{"self":[{"href":"https:\/\/www.europesays.com\/es\/wp-json\/wp\/v2\/posts\/311913","targetHints":{"allow":["GET"]}}],"collection":[{"href":"https:\/\/www.europesays.com\/es\/wp-json\/wp\/v2\/posts"}],"about":[{"href":"https:\/\/www.europesays.com\/es\/wp-json\/wp\/v2\/types\/post"}],"author":[{"embeddable":true,"href":"https:\/\/www.europesays.com\/es\/wp-json\/wp\/v2\/users\/2"}],"replies":[{"embeddable":true,"href":"https:\/\/www.europesays.com\/es\/wp-json\/wp\/v2\/comments?post=311913"}],"version-history":[{"count":0,"href":"https:\/\/www.europesays.com\/es\/wp-json\/wp\/v2\/posts\/311913\/revisions"}],"wp:featuredmedia":[{"embeddable":true,"href":"https:\/\/www.europesays.com\/es\/wp-json\/wp\/v2\/media\/311914"}],"wp:attachment":[{"href":"https:\/\/www.europesays.com\/es\/wp-json\/wp\/v2\/media?parent=311913"}],"wp:term":[{"taxonomy":"category","embeddable":true,"href":"https:\/\/www.europesays.com\/es\/wp-json\/wp\/v2\/categories?post=311913"},{"taxonomy":"post_tag","embeddable":true,"href":"https:\/\/www.europesays.com\/es\/wp-json\/wp\/v2\/tags?post=311913"}],"curies":[{"name":"wp","href":"https:\/\/api.w.org\/{rel}","templated":true}]}}