{"id":311917,"date":"2025-12-29T11:33:09","date_gmt":"2025-12-29T11:33:09","guid":{"rendered":"https:\/\/www.europesays.com\/es\/311917\/"},"modified":"2025-12-29T11:33:09","modified_gmt":"2025-12-29T11:33:09","slug":"feliz-20-anos-neox-despide-el-ano-este-30-de-diciembre-en-la-cita-mas-divertida-y-nostalgica-junto-a-dani-mateo-lola-lolita-y-pilar-vidal-en-las-precampanadas","status":"publish","type":"post","link":"https:\/\/www.europesays.com\/es\/311917\/","title":{"rendered":"\u2018\u00a1Feliz 20 A\u00f1os Neox!\u2019 despide el a\u00f1o este 30 de diciembre en la cita m\u00e1s divertida y nost\u00e1lgica, junto a Dani Mateo, Lola Lolita y Pilar Vidal en las PreCampanadas"},"content":{"rendered":"<p><b>19\/12\/2025<\/b><\/p>\n<p>Un a\u00f1o m\u00e1s y como marca la tradici\u00f3n desde 2011, Neox vuelve a adelantarse a la Nochevieja con su cita m\u00e1s esperada: \u00a1Feliz 20 a\u00f1os Neox! con un programa especial desde las 22:15 h de la noche, que promete risas, nostalgia y sorpresas para celebrar dos d\u00e9cadas siendo el canal m\u00e1s gamberro de Atresmedia. La noche culminar\u00e1 con las pre\u00favas en directo desde la Puerta del Sol a partir de las 23:45 horas, de la mano de Lola Lolita, Dani Mateo y Pilar Vidal.<\/p>\n<p><b>Dani Mateo, maestro de ceremonias y gu\u00eda en este viaje al pasado (y al futuro)<\/b><\/p>\n<p>El encargado de conducir esta fiesta ser\u00e1 Dani Mateo, que arrancar\u00e1 con un mon\u00f3logo muy en su l\u00ednea: \u00e1cido, divertido y cargado de gui\u00f1os a todo lo que hemos vivido en estos 20 a\u00f1os. Desde aquel 2005 en el que naci\u00f3 Leonor, vimos el primer v\u00eddeo en YouTube y Nadal gan\u00f3 su primer Roland Garros\u2026 hasta los tiempos del WhatsApp, las redes sociales, la IA y esas cosas que nos hacen pensar: \u201c\u00bfEn serio todo esto ha pasado tan r\u00e1pido?\u201d.<\/p>\n<p>Repite en la cadena Lola Lolita: una de las influencers m\u00e1s populares de Espa\u00f1a que cuenta con m\u00e1s de 17 millones de seguidores entre Instagram y TikTok. Con un estilo \u00fanico y una personalidad arrolladora, Lola Lolita se ha convertido en un referente en el mundo digital, destacando por sus contenidos de moda y belleza. Ha vivido en 2025 su salto a la peque\u00f1a pantalla coron\u00e1ndose como finalista en \u2018El Desaf\u00edo\u2019 y mirando al 2026 con el estreno en atresplayer del docureality \u2018Pyjamada\u2019.<\/p>\n<p>Junto a ellos, debuta en Campanadas la periodista y colaboradora de TV Pilar Vidal, rostro conocido de \u2018Espejo P\u00fablico\u2019, \u2018Y ahora Sonsoles\u2019 y \u2018La Roca\u2019, aportando frescura y simpat\u00eda para conformar el tr\u00edo perfecto. Los tres ocupar\u00e1n un balc\u00f3n de la Puerta del Sol para despedir el a\u00f1o por adelantado en directo desde las 23.45 horas.<\/p>\n<p><b>Neox repasa 20 a\u00f1os de historia en un programa especial antes de las Campanadas <\/b><\/p>\n<p>En 2025 se cumplen 20 a\u00f1os desde que la cadena tem\u00e1tica de contenidos premium de Atresmedia comenz\u00f3 su emisi\u00f3n. Neox celebra su aniversario y el fin de a\u00f1o con una divertida gala conducida por Dani Mateo como previa a las Preuvas ma\u00f1ana 30 de diciembre desde las 22:15 horas. Acompa\u00f1ar\u00e1n as\u00ed al p\u00fablico en la pen\u00faltima tarde del a\u00f1o.<\/p>\n<p>Desde el madrile\u00f1o Teatro Eslava y con p\u00fablico en directo, Dani Mateo inaugurar\u00e1 la ceremonia con un divertido mon\u00f3logo repasando las \u00faltimas dos d\u00e9cadas.<\/p>\n<p>Anna Simon revivir\u00e1 su participaci\u00f3n en \u2018Otra movida\u2019, y ser\u00e1 la encargada de traer de vuelta los \u2018Neox Fan Awards\u2019, que repasar\u00e1n los v\u00eddeos m\u00e1s virales de los \u00faltimos 20 a\u00f1os y momentos ic\u00f3nicos de la TV que ya han pasado a formar parte de nuestro imaginario colectivo. Y qui\u00e9n sabe, algunos de sus protagonistas podr\u00edan estar escondidos entre el p\u00fablico del Teatro Eslava. Mateo y Simon entregar\u00e1n premios a los protagonistas de algunos de los v\u00eddeos m\u00e1s virales de estos 20 a\u00f1os como el m\u00edtico \u201cLa que has liado Pollito\u201d.<\/p>\n<p>Se une a la gala Berta Collado, que present\u00f3 las pre\u00favas en \u00a1Feliz A\u00f1o Neox! durante tres a\u00f1os, y analizar\u00e1 el fen\u00f3meno del programa m\u00e1s comentado en redes: \u2018Next\u2019. Entre el p\u00fablico estar\u00e1 un participante hist\u00f3rico que rechaz\u00f3 a cinco pretendientes con 18 a\u00f1os. \u00bfHabr\u00e1 bajado el list\u00f3n? A\u00f1os despu\u00e9s de bajar del autob\u00fas, los participantes confesar\u00e1n si finalmente han conseguido encontrar el amor.<\/p>\n<p>La gala contar\u00e1 con la presencia de los dobladores de \u2018Los Simpson\u2019, aut\u00e9nticas estrellas de Neox, que pondr\u00e1n voz a Homer, Lisa y Marge en momentos \u00fanicos de la serie de animaci\u00f3n m\u00e1s vista de la TV. \u00bfEs verdad que \u2018Los Simpson\u2019 son capaces de predecir el futuro? La m\u00fasica llegar\u00e1 de la mano de dos invitados estrella: Yurena, icono pop que resurgi\u00f3 en 2005 tras el fen\u00f3meno del tamarismo y que interpretar\u00e1 en directo la versi\u00f3n dance de su gran \u00e9xito \u201cNo cambi\u00e9\u201d, banda sonora de toda una generaci\u00f3n. El programa tambi\u00e9n contar\u00e1 con la actuaci\u00f3n de Andy, reci\u00e9n \u201cindependizado\u201d de Lucas, su compa\u00f1ero de d\u00fao, que interpretar\u00e1 su primer single en solitario: \u201cMarioneta\u201d.<\/p>\n<p>Para cerrar la noche, Neox hace hueco a la nostalgia con su apartado \u2018Curso del 73\u2019 con Miguel Lago. En este docu-reality de 2012, un grupo de veinte alumnos experimentaba c\u00f3mo ser\u00eda ser estudiante en el instituto San Severo en los a\u00f1os setenta, donde \u00e9l interpretaba al profesor m\u00e1s temido.<\/p>\n<p><b>\u2018Feliz a\u00f1o Neox\u2019 se ha convertido en una cita imprescindible en la Navidad televisiva<\/b><\/p>\n<p>\u00a1Feliz 20 a\u00f1os Neox! es una producci\u00f3n de Globomedia (The Mediapro Studio) para Atresmedia, consolidada como una tradici\u00f3n televisiva desde 2011. A lo largo de estos a\u00f1os,<\/p>\n<p>Neox ha despedido el a\u00f1o con especiales inolvidables como \u2018El Club del Chiste\u2019, \u2018El Club de la Comedia\u2019, el reencuentro de \u2018S\u00e9 lo que hicisteis\u2019 y galas tem\u00e1ticas que han contado con grandes figuras del humor y la m\u00fasica. Desde aquel primer especial con Marisa Naranjo, esta cita se ha transformado en toda una tradici\u00f3n navide\u00f1a en la televisi\u00f3n. Este a\u00f1o, subimos el nivel: m\u00e1s humor, m\u00e1s sorpresas y m\u00e1s Neox que nunca.<\/p>\n<p>En sus primeras ediciones, destacaron figuras como la modelo y presentadora Remedios Cervantes, y Cecilia Gim\u00e9nez, c\u00e9lebre por su restauraci\u00f3n del Ecce Homo. En 2013, Berta Collado y Pablo Ib\u00e1\u00f1ez, conocido como \u2018El Hombre de Negro\u2019, tomaron el relevo. En los \u00faltimos a\u00f1os, los encargados de dar las precampanadas han sido &#8216;Los Notas&#8217; David Fern\u00e1ndez y Edu Soto (2019), Paca La Pira\u00f1a y Marc Gir\u00f3 (2020), Patricia Conde y Miki Nadal (2021), Eva Soriano junto a Miki Nadal (2022), Josie y Valeria Ros (2023) y Nacho Garc\u00eda y Lola Lolita (2024).<\/p>\n<p><b>Sobre THE MEDIAPRO STUDIO <\/b><\/p>\n<p>THE MEDIAPRO STUDIO es la factor\u00eda de creaci\u00f3n, producci\u00f3n y distribuci\u00f3n de contenido de GRUP MEDIAPRO. THE MEDIAPRO STUDIO integra casas productoras de dilatada trayectoria como Globomedia, 100 Balas, El Terrat, Big Bang Media, K2000, Hostoil, Oficina Burman, Cimarr\u00f3n y Fresco Films, y produce a nivel mundial contenidos de todos los g\u00e9neros, incluyendo series de ficci\u00f3n, pel\u00edculas, programas de entretenimiento, formatos de corta duraci\u00f3n y documentales. THE MEDIAPRO STUDIO impulsa proyectos globales de alta calidad, con talento de reconocido prestigio nacional e internacional como Paolo Sorrentino, Woody Allen, Isabel Coixet, Ran Tellem, Oliver Stone, Daniel Burman, Fernando Le\u00f3n de Aranoa, Iv\u00e1n Escobar, Borja Cobeaga, Diego San Jos\u00e9, Fernando Gonz\u00e1lez Molina, Berto Romero, Andreu Buenafuente, Clara Roquet, Marc Cistar\u00e9, Gast\u00f3n Duprat, Mariano Cohn, Juan Carlos Aparicio o Llu\u00eds Arcarazo, entre otros. THE MEDIAPRO STUDIO trabaja con los principales operadores de la industria mundial como Max, Netflix, Amazon Prime Video, Disney+, ViX, Paramount+, SkyShowtime, Movistar Plus+, Atresmedia y Mediaset, y sus producciones han logrado diversos premios internacionales, entre los que destacan 2 Oscar, 2 Globos de Oro, 2 Daytime Emmy Awardsy m\u00faltiples premios Goya.<\/p>\n","protected":false},"excerpt":{"rendered":"19\/12\/2025 Un a\u00f1o m\u00e1s y como marca la tradici\u00f3n desde 2011, Neox vuelve a adelantarse a la Nochevieja&hellip;\n","protected":false},"author":2,"featured_media":311918,"comment_status":"","ping_status":"","sticky":false,"template":"","format":"standard","meta":{"footnotes":""},"categories":[91],"tags":[146,147,25,24,23],"class_list":{"0":"post-311917","1":"post","2":"type-post","3":"status-publish","4":"format-standard","5":"has-post-thumbnail","7":"category-entretenimiento","8":"tag-entertainment","9":"tag-entretenimiento","10":"tag-es","11":"tag-espana","12":"tag-spain"},"share_on_mastodon":{"url":"https:\/\/pubeurope.com\/@es\/115802643263413401","error":""},"_links":{"self":[{"href":"https:\/\/www.europesays.com\/es\/wp-json\/wp\/v2\/posts\/311917","targetHints":{"allow":["GET"]}}],"collection":[{"href":"https:\/\/www.europesays.com\/es\/wp-json\/wp\/v2\/posts"}],"about":[{"href":"https:\/\/www.europesays.com\/es\/wp-json\/wp\/v2\/types\/post"}],"author":[{"embeddable":true,"href":"https:\/\/www.europesays.com\/es\/wp-json\/wp\/v2\/users\/2"}],"replies":[{"embeddable":true,"href":"https:\/\/www.europesays.com\/es\/wp-json\/wp\/v2\/comments?post=311917"}],"version-history":[{"count":0,"href":"https:\/\/www.europesays.com\/es\/wp-json\/wp\/v2\/posts\/311917\/revisions"}],"wp:featuredmedia":[{"embeddable":true,"href":"https:\/\/www.europesays.com\/es\/wp-json\/wp\/v2\/media\/311918"}],"wp:attachment":[{"href":"https:\/\/www.europesays.com\/es\/wp-json\/wp\/v2\/media?parent=311917"}],"wp:term":[{"taxonomy":"category","embeddable":true,"href":"https:\/\/www.europesays.com\/es\/wp-json\/wp\/v2\/categories?post=311917"},{"taxonomy":"post_tag","embeddable":true,"href":"https:\/\/www.europesays.com\/es\/wp-json\/wp\/v2\/tags?post=311917"}],"curies":[{"name":"wp","href":"https:\/\/api.w.org\/{rel}","templated":true}]}}