{"id":311921,"date":"2025-12-29T11:35:18","date_gmt":"2025-12-29T11:35:18","guid":{"rendered":"https:\/\/www.europesays.com\/es\/311921\/"},"modified":"2025-12-29T11:35:18","modified_gmt":"2025-12-29T11:35:18","slug":"amper-se-adjudica-dos-contratos-estrategicos-en-mauritania-por-12-millones-empresas","status":"publish","type":"post","link":"https:\/\/www.europesays.com\/es\/311921\/","title":{"rendered":"Amper se adjudica dos contratos estrat\u00e9gicos en Mauritania por 12 millones | Empresas"},"content":{"rendered":"<p class=\"\"><a href=\"https:\/\/cincodias.elpais.com\/noticias\/amper\/\" target=\"_blank\" rel=\"noreferrer nofollow noopener\" title=\"https:\/\/cincodias.elpais.com\/noticias\/amper\/\">Amper<\/a>, a trav\u00e9s de su divisi\u00f3n de Defensa y Seguridad Nacional, se ha adjudicado dos contratos estrat\u00e9gicos en Mauritania para el desarrollo de tecnolog\u00eda de comunicaciones aeron\u00e1uticas, navegaci\u00f3n a\u00e9rea y modernizaci\u00f3n aeroportuaria, por un importe conjunto de aproximadamente 12 millones de euros al cambio actual.<\/p>\n<p class=\"\">Los proyectos contribuir\u00e1n a mejorar los servicios cr\u00edticos del Aeropuerto Internacional de Nouadhibou, el segundo del pa\u00eds, seg\u00fan ha informado este lunes la empresa a la Comisi\u00f3n Nacional del Mercado de Valores (<a href=\"https:\/\/cincodias.elpais.com\/noticias\/cnmv-comision-nacional-mercado-valores\/\" target=\"_blank\" rel=\"noreferrer nofollow noopener\" title=\"https:\/\/cincodias.elpais.com\/noticias\/cnmv-comision-nacional-mercado-valores\/\">CNMV<\/a>).<\/p>\n<p class=\"\">El contrato de comunicaciones y navegaci\u00f3n a\u00e9rea, adjudicado a la compa\u00f1\u00eda por <a href=\"https:\/\/cincodias.elpais.com\/noticias\/aena-aeropuertos-espanoles-navegacion-aerea\/\" target=\"_blank\" rel=\"noreferrer nofollow noopener\" title=\"https:\/\/cincodias.elpais.com\/noticias\/aena-aeropuertos-espanoles-navegacion-aerea\/\">Enaire<\/a> \u2014gestor estatal de navegaci\u00f3n a\u00e9rea\u2014, contempla el suministro en estado operativo de un centro de comunicaciones tierra-aire y de un sistema de transmisi\u00f3n autom\u00e1tica y continua de datos esenciales de vuelo.<\/p>\n<p class=\"\">Esta actuaci\u00f3n, valorada en 5,09 millones de euros, permitir\u00e1 mejorar la seguridad y la cobertura en el espacio a\u00e9reo FIR (Flight Information Region) de Canarias, clave para optimizar el corredor de rutas entre Europa y Sudam\u00e9rica.<\/p>\n<p class=\"\">Por su parte, el contrato de modernizaci\u00f3n, valorado en 6,94 millones de euros al cambio actual y otorgado por la Agencia para la Seguridad de la Navegaci\u00f3n A\u00e9rea en \u00c1frica y Madagascar (Asecna), incluye la rehabilitaci\u00f3n integral de las ayudas luminosas, el sistema de producci\u00f3n y distribuci\u00f3n de energ\u00eda y la red de control, infraestructuras fundamentales para la operativa aeroportuaria.<\/p>\n<p class=\"\">Con estos proyectos, Amper ha reafirmado su capacidad para desplegar tecnolog\u00eda propia en entornos de alta exigencia y para clientes estrat\u00e9gicos dentro del mercado de la Defensa y Seguridad Nacional, en el que el tr\u00e1fico a\u00e9reo es uno de sus elementos esenciales.<\/p>\n","protected":false},"excerpt":{"rendered":"Amper, a trav\u00e9s de su divisi\u00f3n de Defensa y Seguridad Nacional, se ha adjudicado dos contratos estrat\u00e9gicos en&hellip;\n","protected":false},"author":2,"featured_media":311922,"comment_status":"","ping_status":"","sticky":false,"template":"","format":"standard","meta":{"footnotes":""},"categories":[80],"tags":[1161,5404,73329,82,7899,1616,95,94,2308,25,21514,24,2893,30584,23],"class_list":{"0":"post-311921","1":"post","2":"type-post","3":"status-publish","4":"format-standard","5":"has-post-thumbnail","7":"category-economia","8":"tag-aeropuertos","9":"tag-africa","10":"tag-amper","11":"tag-business","12":"tag-cnmv","13":"tag-defensa","14":"tag-economia","15":"tag-economy","16":"tag-empresas","17":"tag-es","18":"tag-espacio-aereo","19":"tag-espana","20":"tag-industria","21":"tag-mauritania","22":"tag-spain"},"share_on_mastodon":{"url":"https:\/\/pubeurope.com\/@es\/115802650871390723","error":""},"_links":{"self":[{"href":"https:\/\/www.europesays.com\/es\/wp-json\/wp\/v2\/posts\/311921","targetHints":{"allow":["GET"]}}],"collection":[{"href":"https:\/\/www.europesays.com\/es\/wp-json\/wp\/v2\/posts"}],"about":[{"href":"https:\/\/www.europesays.com\/es\/wp-json\/wp\/v2\/types\/post"}],"author":[{"embeddable":true,"href":"https:\/\/www.europesays.com\/es\/wp-json\/wp\/v2\/users\/2"}],"replies":[{"embeddable":true,"href":"https:\/\/www.europesays.com\/es\/wp-json\/wp\/v2\/comments?post=311921"}],"version-history":[{"count":0,"href":"https:\/\/www.europesays.com\/es\/wp-json\/wp\/v2\/posts\/311921\/revisions"}],"wp:featuredmedia":[{"embeddable":true,"href":"https:\/\/www.europesays.com\/es\/wp-json\/wp\/v2\/media\/311922"}],"wp:attachment":[{"href":"https:\/\/www.europesays.com\/es\/wp-json\/wp\/v2\/media?parent=311921"}],"wp:term":[{"taxonomy":"category","embeddable":true,"href":"https:\/\/www.europesays.com\/es\/wp-json\/wp\/v2\/categories?post=311921"},{"taxonomy":"post_tag","embeddable":true,"href":"https:\/\/www.europesays.com\/es\/wp-json\/wp\/v2\/tags?post=311921"}],"curies":[{"name":"wp","href":"https:\/\/api.w.org\/{rel}","templated":true}]}}