{"id":311931,"date":"2025-12-29T11:44:08","date_gmt":"2025-12-29T11:44:08","guid":{"rendered":"https:\/\/www.europesays.com\/es\/311931\/"},"modified":"2025-12-29T11:44:08","modified_gmt":"2025-12-29T11:44:08","slug":"haimar-etxeberria-unico-guipuzcoano-en-el-world-tour-tras-el-descenso-del-cofidis","status":"publish","type":"post","link":"https:\/\/www.europesays.com\/es\/311931\/","title":{"rendered":"Haimar Etxeberria, \u00fanico guipuzcoano en el World Tour tras el descenso del Cofidis"},"content":{"rendered":"<p>La representaci\u00f3n del ciclismo guipuzcoano en la \u00e9lite del pelot\u00f3n mundial va a ser m\u00ednima esta pr\u00f3xima temporada y Haimar Etxeberria (Irun, 2003) ser\u00e1 su  &#8230; \u00fanico abanderado. El irundarra debutar\u00e1 en el World Tour con el maillot del Red Bull-Bora despu\u00e9s de haber despertado el inter\u00e9s de una s\u00faper estructura como la alemana, movimiento que ha evitado que Gipuzkoa se quedara sin corredores en el primer nivel ya que el Cofidis, equipo en el que contin\u00faan Ion Izagirre y Alex Aranburu, haya descendido de categor\u00eda.<\/p>\n<p class=\"v-p\">Haimar Etxeberria, que complet\u00f3 sobre todo en 2024 un buen a\u00f1o en aficionados con cuatro victorias, una de ellas en la primera etapa de la Vuelta a Bidasoa, recal\u00f3 en el Kern Pharma primero como stagiaire entre agosto y octubre de ese a\u00f1o y despu\u00e9s como profesional a partir del 1 de enero de 2025. El irundarra, combativo y rematador en finales con un grupo seleccionado, cosech\u00f3 buenos resultados \u2013cuarto en Getxo, octavo en Ordizia y el circuito Francobelga\u2013 y logr\u00f3 en agosto en la Vuelta a Castilla y Le\u00f3n su primera victoria profesional, lo que desencaden\u00f3 el comienzo de unos movimientos que han terminado con su llegada a Red Bull-Bora.<\/p>\n<p>\nEn su contrato con el Kern Pharma figuraba una cl\u00e1usula de salida si un equipo World Tour quer\u00eda ficharle\n<\/p>\n<p class=\"v-p\">Su contrato, de tres a\u00f1os de duraci\u00f3n con el equipo navarro, contemplaba una salida en el caso de que llegara una oferta desde el World Tour, como as\u00ed sucedi\u00f3. \u00abNo ten\u00eda en la cabeza salir\u00bb, declar\u00f3 en una entrevista a este peri\u00f3dico, \u00abpero apareci\u00f3 el Red Bull y mi representante me dijo que hab\u00eda la opci\u00f3n de terminar el contrato con el Kern Pharma\u00bb. Etxeberria ya ha compartido sus primeros entrenamientos este mes en Mallorca con figuras de la talla de Remco Evenepoel, Primoz Roglic, Jai Hindley, Daniel Felipe Mart\u00ednez, Florian Lipowitz, Jan Tratnik o Giulio Pellizzari, de los que podr\u00e1 aprender el oficio y mejorar como ciclista.<\/p>\n<p class=\"v-p\">Ion Izagirre (37 a\u00f1os) y Alex Aranburu (31 a\u00f1os) continuar\u00e1n siendo las caras m\u00e1s reconocidas del territorio en el ciclismo internacional, pero su participaci\u00f3n en las grandes carreras del calendario como en el Tour, en las cl\u00e1sicas de las Ardenas o incluso en Itzulia o la Cl\u00e1sica de San Seb asti\u00e1n no est\u00e1 asegurada porque el equipo franc\u00e9s ya no pertenece al World Tour, por lo que deber\u00e1n ser invitados.<\/p>\n","protected":false},"excerpt":{"rendered":"La representaci\u00f3n del ciclismo guipuzcoano en la \u00e9lite del pelot\u00f3n mundial va a ser m\u00ednima esta pr\u00f3xima temporada&hellip;\n","protected":false},"author":2,"featured_media":311932,"comment_status":"","ping_status":"","sticky":false,"template":"","format":"standard","meta":{"footnotes":""},"categories":[273],"tags":[313,9301,312,168,6258,25,24,5802,5800,5801,23,167,316,575,1900,65],"class_list":{"0":"post-311931","1":"post","2":"type-post","3":"status-publish","4":"format-standard","5":"has-post-thumbnail","7":"category-ciclismo","8":"tag-ciclismo","9":"tag-cofidis","10":"tag-cycling","11":"tag-deportes","12":"tag-descenso","13":"tag-es","14":"tag-espana","15":"tag-etxeberria","16":"tag-guipuzcoano","17":"tag-haimar","18":"tag-spain","19":"tag-sports","20":"tag-tour","21":"tag-tras","22":"tag-unico","23":"tag-world"},"share_on_mastodon":{"url":"https:\/\/pubeurope.com\/@es\/115802686288739656","error":""},"_links":{"self":[{"href":"https:\/\/www.europesays.com\/es\/wp-json\/wp\/v2\/posts\/311931","targetHints":{"allow":["GET"]}}],"collection":[{"href":"https:\/\/www.europesays.com\/es\/wp-json\/wp\/v2\/posts"}],"about":[{"href":"https:\/\/www.europesays.com\/es\/wp-json\/wp\/v2\/types\/post"}],"author":[{"embeddable":true,"href":"https:\/\/www.europesays.com\/es\/wp-json\/wp\/v2\/users\/2"}],"replies":[{"embeddable":true,"href":"https:\/\/www.europesays.com\/es\/wp-json\/wp\/v2\/comments?post=311931"}],"version-history":[{"count":0,"href":"https:\/\/www.europesays.com\/es\/wp-json\/wp\/v2\/posts\/311931\/revisions"}],"wp:featuredmedia":[{"embeddable":true,"href":"https:\/\/www.europesays.com\/es\/wp-json\/wp\/v2\/media\/311932"}],"wp:attachment":[{"href":"https:\/\/www.europesays.com\/es\/wp-json\/wp\/v2\/media?parent=311931"}],"wp:term":[{"taxonomy":"category","embeddable":true,"href":"https:\/\/www.europesays.com\/es\/wp-json\/wp\/v2\/categories?post=311931"},{"taxonomy":"post_tag","embeddable":true,"href":"https:\/\/www.europesays.com\/es\/wp-json\/wp\/v2\/tags?post=311931"}],"curies":[{"name":"wp","href":"https:\/\/api.w.org\/{rel}","templated":true}]}}