{"id":311933,"date":"2025-12-29T11:46:14","date_gmt":"2025-12-29T11:46:14","guid":{"rendered":"https:\/\/www.europesays.com\/es\/311933\/"},"modified":"2025-12-29T11:46:14","modified_gmt":"2025-12-29T11:46:14","slug":"eusko-label-winter-series-todo-por-decidir-en-el-winter-series","status":"publish","type":"post","link":"https:\/\/www.europesays.com\/es\/311933\/","title":{"rendered":"EUSKO LABEL WINTER SERIES | Todo por decidir en el Winter Series"},"content":{"rendered":"<p>            <a href=\"https:\/\/www.deia.eus\/pelota\/2025\/11\/03\/laduche-zabala-ponen-jaque-campeones-winter-10301100.html\" title=\"Laduche y Zabala ponen en jaque a los campeones del Winter Series\" class=\"new__media\" rel=\"nofollow noopener\" target=\"_blank\"><\/p>\n<p>                <img alt=\"Laduche y Zabala ponen en jaque a los campeones del Winter Series\" data-src=\"https:\/\/www.europesays.com\/es\/wp-content\/uploads\/2025\/12\/f639f43e-9da7-4508-970a-d67ea990519b_16-9-aspect-ratio_default_0.jpg\" class=\"lozad\"\/><\/p>\n<p>        <\/a><\/p>\n<p>        <a href=\"https:\/\/www.deia.eus\/pelota\/2025\/11\/03\/laduche-zabala-ponen-jaque-campeones-winter-10301100.html\" title=\"Laduche y Zabala ponen en jaque a los campeones del Winter Series\" class=\"new__headline\" rel=\"nofollow noopener\" target=\"_blank\"><br \/>\n            Laduche y Zabala ponen en jaque a los campeones del Winter Series<br \/>\n        <\/a><\/p>\n<p>            <a href=\"https:\/\/www.deia.eus\/pelota\/2025\/10\/29\/winter-series-gernika-lopez-lekerika-10281834.html\" title=\"El curioso caso del Winter Series\" class=\"new__media\" rel=\"nofollow noopener\" target=\"_blank\"><\/p>\n<p>                <img alt=\"El curioso caso del Winter Series\" data-src=\"https:\/\/www.europesays.com\/es\/wp-content\/uploads\/2025\/12\/2874b8d0-13f0-4652-99b1-e98600fede7a_16-9-aspect-ratio_default_0_x924y778.jpg\" class=\"lozad\"\/><\/p>\n<p>        <\/a><\/p>\n<p>        <a href=\"https:\/\/www.deia.eus\/pelota\/2025\/10\/29\/winter-series-gernika-lopez-lekerika-10281834.html\" title=\"El curioso caso del Winter Series\" class=\"new__headline\" rel=\"nofollow noopener\" target=\"_blank\"><br \/>\n            El curioso caso del Winter Series<br \/>\n        <\/a><\/p>\n<p class=\"article-body__text \">\n        <a href=\"https:\/\/www.deia.eus\/pelota\/2025\/11\/10\/imagenes-enaut-urreisti-imanol-lopez-10328133.html\" title=\"Barandika-Basque\" target=\"_blank\" class=\"link copy\" rel=\"nofollow noopener\">Barandika-Basque<\/a> parten con la vitola de <strong>favoritos <\/strong>por su palmar\u00e9s. Adem\u00e1s, han tenido tiempo para afinar su estado de forma para el \u00faltimo y decisivo choque. Sus rivales, entretanto, vienen rodados tras dos partidos consecutivos. En el primero dieron la sorpresa contra <strong>Urreisti-L\u00f3pez<\/strong>, pero la pasada jornada cayeron contra <strong>Goixerri y Portet<\/strong>, suplente del lesionado Manci.\u00a0Urrutia y Del R\u00edo son imprevisibles.\n<\/p>\n<p>            <a href=\"https:\/\/www.deia.eus\/pelota\/2025\/10\/14\/winter-series-gernika-aritz-erkiaga-ibarluzea-imanol-lopez-10212995.html\" title=\"El tercer asalto de Aritz Erkiaga e Ibarluzea en el Winter Series y el \u00faltimo de Imanol L\u00f3pez\" class=\"new__media\" rel=\"nofollow noopener\" target=\"_blank\"><\/p>\n<p>                <img alt=\"El tercer asalto de Aritz Erkiaga e Ibarluzea en el Winter Series y el \u00faltimo de Imanol L\u00f3pez\" data-src=\"https:\/\/www.europesays.com\/es\/wp-content\/uploads\/2025\/12\/c3364f9b-c07c-4b8e-83ff-518522317f67_16-9-aspect-ratio_default_0.jpg\" class=\"lozad\"\/><\/p>\n<p>        <\/a><\/p>\n<p>        <a href=\"https:\/\/www.deia.eus\/pelota\/2025\/10\/14\/winter-series-gernika-aritz-erkiaga-ibarluzea-imanol-lopez-10212995.html\" title=\"El tercer asalto de Aritz Erkiaga e Ibarluzea en el Winter Series y el \u00faltimo de Imanol L\u00f3pez\" class=\"new__headline\" rel=\"nofollow noopener\" target=\"_blank\"><br \/>\n            El tercer asalto de Aritz Erkiaga e Ibarluzea en el Winter Series y el \u00faltimo de Imanol L\u00f3pez<br \/>\n        <\/a><\/p>\n<p>            <a href=\"https:\/\/www.deia.eus\/pelota\/2025\/10\/21\/imanol-lopez-retirada-winter-series-gernika-10246873.html\" title=\"Retirada de Imanol L\u00f3pez: &quot;El jai alai le va a echar de menos&quot;\" class=\"new__media\" rel=\"nofollow noopener\" target=\"_blank\"><\/p>\n<p>                <img alt=\"Retirada de Imanol L\u00f3pez: &quot;El jai alai le va a echar de menos&quot;\" data-src=\"https:\/\/www.europesays.com\/es\/wp-content\/uploads\/2025\/12\/c53089e9-cb8a-4f24-93cd-22d926908068_16-9-aspect-ratio_default_0.jpg\" class=\"lozad\"\/><\/p>\n<p>        <\/a><\/p>\n<p>        <a href=\"https:\/\/www.deia.eus\/pelota\/2025\/10\/21\/imanol-lopez-retirada-winter-series-gernika-10246873.html\" title=\"Retirada de Imanol L\u00f3pez: &quot;El jai alai le va a echar de menos&quot;\" class=\"new__headline\" rel=\"nofollow noopener\" target=\"_blank\"><br \/>\n            Retirada de Imanol L\u00f3pez: \u00abEl jai alai le va a echar de menos\u00bb<br \/>\n        <\/a><\/p>\n<p>  Telonero de calidad<\/p>\n<p class=\"article-body__text \">\n        La funci\u00f3n comenzar\u00e1 con el intrascendente pero atractivo duelo entre<strong> Aritz Erkiaga-Ibarluzea y Goitia-Lekerika<\/strong>. Los actuales campeones se querr\u00e1n desquitar de un torneo en el que han rayado por debajo del nivel que se esperaba de ellos. A pesar de todo, en sus dos contiendas cayeron en el <strong>desempate <\/strong>por un solo tanto y despu\u00e9s de haber levantado m\u00e1s cartones que sus adversarios en el t\u00e9rmino global.\n<\/p>\n<p class=\"article-photo__footer\">\n            Urrutia y Del R\u00edo remontan a Urreisti-L\u00f3pez en el Winter Series.            Miguel Acera        <\/p>\n<p class=\"article-body__text \">\n        Goitia-Lekerika, por su parte, han dado un paso adelante; en especial, el joven delantero de Markina-Xemein. El zaguero de <strong>Gernika<\/strong>, por su parte, est\u00e1 demostrando que est\u00e1 en un momento de forma excepcional. Acaba de ganar la Cesta de Nadau junto a <strong>Barandika<\/strong>.\n<\/p>\n<p>            <a href=\"https:\/\/www.deia.eus\/pelota\/2025\/12\/15\/winter-series-gernika-thomas-urrutia-del-rio-urreisti-lopez-10476019.html\" title=\"La diestra de los cincuenta megatones\" class=\"new__media\" rel=\"nofollow noopener\" target=\"_blank\"><\/p>\n<p>                <img alt=\"La diestra de los cincuenta megatones\" data-src=\"https:\/\/www.europesays.com\/es\/wp-content\/uploads\/2025\/12\/47603ce6-c205-410c-a733-95c8890912e6_16-9-aspect-ratio_default_0.jpg\" class=\"lozad\"\/><\/p>\n<p>        <\/a><\/p>\n<p>        <a href=\"https:\/\/www.deia.eus\/pelota\/2025\/12\/15\/winter-series-gernika-thomas-urrutia-del-rio-urreisti-lopez-10476019.html\" title=\"La diestra de los cincuenta megatones\" class=\"new__headline\" rel=\"nofollow noopener\" target=\"_blank\"><br \/>\n            La diestra de los cincuenta megatones<br \/>\n        <\/a><\/p>\n<p>  Cien entradas a la venta<\/p>\n<p class=\"article-body__text \">\n        Por otro lado, las entradas para la funci\u00f3n de este lunes est\u00e1n<strong> totalmente agotadas por internet<\/strong>, pero desde la organizaci\u00f3n del <a href=\"https:\/\/www.deia.eus\/pelota\/2025\/01\/20\/aritz-erkiaga-ibarluzea-finalistas-winter-series-9180042.html\" title=\"Eusko\" target=\"_blank\" class=\"link copy\" rel=\"nofollow noopener\"><strong>Eusko<\/strong><\/a><strong> <\/strong><a href=\"https:\/\/www.deia.eus\/tags\/eusko-label-winter-series\/\" title=\"Label\" target=\"_blank\" class=\"link copy\" rel=\"nofollow noopener\"><strong>Label <\/strong><\/a><a href=\"https:\/\/www.deia.eus\/pelota\/2025\/10\/29\/winter-series-gernika-lopez-lekerika-10281834.html\" title=\"Winter\" target=\"_blank\" class=\"link copy\" rel=\"nofollow noopener\"><strong>Winter <\/strong><\/a><a href=\"https:\/\/www.deia.eus\/pelota\/2025\/02\/16\/aritz-erkiaga-ibarluzea-laduche-manci-final-campeones-winter-series-gernika-9285609.html\" title=\"Series\" target=\"_blank\" class=\"link copy\" rel=\"nofollow noopener\"><strong>Series<\/strong><\/a> se pondr\u00e1n a la venta en taquilla alrededor de un centenar de localidades.<\/p>\n","protected":false},"excerpt":{"rendered":"Laduche y Zabala ponen en jaque a los campeones del Winter Series El curioso caso del Winter Series&hellip;\n","protected":false},"author":2,"featured_media":311934,"comment_status":"","ping_status":"","sticky":false,"template":"","format":"standard","meta":{"footnotes":""},"categories":[269],"tags":[299,73333,298,55782,73332,168,25,24,3705,23,167,73331,73330],"class_list":{"0":"post-311933","1":"post","2":"type-post","3":"status-publish","4":"format-standard","5":"has-post-thumbnail","7":"category-baloncesto","8":"tag-baloncesto","9":"tag-barandika","10":"tag-basketball","11":"tag-basque","12":"tag-del-rio","13":"tag-deportes","14":"tag-es","15":"tag-espana","16":"tag-gernika","17":"tag-spain","18":"tag-sports","19":"tag-thomas-urrutia","20":"tag-winter-series"},"share_on_mastodon":{"url":"https:\/\/pubeurope.com\/@es\/115802694523840923","error":""},"_links":{"self":[{"href":"https:\/\/www.europesays.com\/es\/wp-json\/wp\/v2\/posts\/311933","targetHints":{"allow":["GET"]}}],"collection":[{"href":"https:\/\/www.europesays.com\/es\/wp-json\/wp\/v2\/posts"}],"about":[{"href":"https:\/\/www.europesays.com\/es\/wp-json\/wp\/v2\/types\/post"}],"author":[{"embeddable":true,"href":"https:\/\/www.europesays.com\/es\/wp-json\/wp\/v2\/users\/2"}],"replies":[{"embeddable":true,"href":"https:\/\/www.europesays.com\/es\/wp-json\/wp\/v2\/comments?post=311933"}],"version-history":[{"count":0,"href":"https:\/\/www.europesays.com\/es\/wp-json\/wp\/v2\/posts\/311933\/revisions"}],"wp:featuredmedia":[{"embeddable":true,"href":"https:\/\/www.europesays.com\/es\/wp-json\/wp\/v2\/media\/311934"}],"wp:attachment":[{"href":"https:\/\/www.europesays.com\/es\/wp-json\/wp\/v2\/media?parent=311933"}],"wp:term":[{"taxonomy":"category","embeddable":true,"href":"https:\/\/www.europesays.com\/es\/wp-json\/wp\/v2\/categories?post=311933"},{"taxonomy":"post_tag","embeddable":true,"href":"https:\/\/www.europesays.com\/es\/wp-json\/wp\/v2\/tags?post=311933"}],"curies":[{"name":"wp","href":"https:\/\/api.w.org\/{rel}","templated":true}]}}