{"id":311939,"date":"2025-12-29T11:49:20","date_gmt":"2025-12-29T11:49:20","guid":{"rendered":"https:\/\/www.europesays.com\/es\/311939\/"},"modified":"2025-12-29T11:49:20","modified_gmt":"2025-12-29T11:49:20","slug":"la-antigua-gasolinera-goya-de-vitoria-ya-conoce-los-tres-proyectos-que-redisenaran-su-interior","status":"publish","type":"post","link":"https:\/\/www.europesays.com\/es\/311939\/","title":{"rendered":"La antigua gasolinera Goya de Vitoria ya conoce los tres proyectos que redise\u00f1ar\u00e1n su interior"},"content":{"rendered":"<p>La antigua gasolinera Goya muestra los primeros bocetos de su futuro aspecto interior. El Ayuntamiento de Vitoria impuls\u00f3 en julio un concurso de ideas para  &#8230; convertir el edificio en un referente de la movilidad sostenible. Sobre la mesa recibieron un total de 22 propuestas. Ahora, el jurado de expertos, integrado por representantes de Ensanche 21, el Consistorio, la Diputaci\u00f3n y el Colegio de Arquitectos, han escogido los tres proyectos que optan a redefinir la construcci\u00f3n. Cada uno de los finalistas recibir\u00e1 5.000 euros y el ganador percibir\u00e1 un premio extra de 15.000 euros.<\/p>\n<p class=\"v-p\">La propuesta Brutiful deja pr\u00e1cticamente intacto el edificio. \u00abRespeta la estructura y el contenedor y mantiene su ambiente interior\u00bb, describen. Incorpora formas nuevas, respetuosamente, basadas en las propias del edificio. Por ejemplo, el mostrador de atenci\u00f3n al p\u00fablico y los aseos repiten las l\u00edneas quebradas de la entreplanta, aunque ejecutadas con materiales diferente. Se valora positivamente que la propuesta no invente nada, sino que utilice las estrategias que el edificio proporciona para colocar un nuevo programa funcional, que ser\u00e1 la base de su nueva vida. El jurado estima que \u00abse trata de un proyecto en el que se reconoce el edificio existente, con una propuesta que mantiene el car\u00e1cter de dureza industrial y que consigue transformar su funci\u00f3n resolviendo los problemas con estrategias acordes a las utilizadas en el edificio preexistente\u00bb.<\/p>\n<p class=\"v-p\">La segunda mejor valorada, con 88 puntos, y la idea &#8216;Una escalera tres estratos&#8217; concede a la rampa de la vieja gasolinera un papel protagonista, dedic\u00e1ndola a la atenci\u00f3n personalizada y a la zona de charlas y conferencias, con el escalonamiento de plataformas superpuestas. Mediante el dise\u00f1o de tres muebles, cuya simplicidad de formas y vinculaci\u00f3n a los ligeros materiales de las carpinter\u00edas met\u00e1licas, son los que dan personalidad a la propuesta. Una puerta permite el acceso independiente a la sala de conferencias y exposiciones. El mostrador, encargado de la recepci\u00f3n y la escalera, en el centro, como protagonista de la nueva intervenci\u00f3n. Este elemento, descolgado desde el lucernario crea una nueva trabaz\u00f3n entre los tres estratos que el proyecto identifica.<\/p>\n<p class=\"v-p\">En tercer lugar, Hiri Tailerra-Taller Ciudad es un proyecto respetuoso con el edificio y cuya principal estrategia consiste en colocar unas peque\u00f1as piezas rojas, color relacionado con el edificio. Con ellas, consigue organizar la planta y resolver el programa demandado de un modo poco intervencionista, sin necesidad de forzar el edificio existente. La pieza de la planta baja se inicia en la concavidad del espacio delimitado por la rampa quebrando, con un peque\u00f1o giro, que permite abrir un nuevo acceso desde el parque. Esta segunda entrada, soluciona la demanda de establecer varios accesos independientes, dejando pendiente la posibilidad de llegar a la cubierta sin necesidad de entrar al edificio.<\/p>\n<p class=\"v-p\">En esta segunda fase, los tres trabajos seleccionados deber\u00e1n desarrollar su idea a trav\u00e9s de una memoria y propuesta gr\u00e1fica en la que se presenten los contenidos del equipamiento. A la hora de dise\u00f1ar el reacondicionamiento, las propuestas deber\u00e1n contemplar dentro del inmueble diferentes zonas como un espacio de acogida, un \u00e1rea de informaci\u00f3n y atenci\u00f3n, otra zona de trabajo con presencia de un m\u00e1ximo de 6 despachos y sala de reuniones. Tambi\u00e9n contar\u00e1 con una reserva de espacio para zonas de almacenaje de diferentes folletos y material de consulta.<\/p>\n","protected":false},"excerpt":{"rendered":"La antigua gasolinera Goya muestra los primeros bocetos de su futuro aspecto interior. El Ayuntamiento de Vitoria impuls\u00f3&hellip;\n","protected":false},"author":2,"featured_media":311940,"comment_status":"","ping_status":"","sticky":false,"template":"","format":"standard","meta":{"footnotes":""},"categories":[173],"tags":[229,233,231,230,48225,232,234,146,147,25,24,43796,3980,2239,27695,29822,23,603,2177],"class_list":{"0":"post-311939","1":"post","2":"type-post","3":"status-publish","4":"format-standard","5":"has-post-thumbnail","7":"category-arte-y-diseno","8":"tag-arte","9":"tag-arte-y-diseno","10":"tag-arts","11":"tag-arts-and-design","12":"tag-aspiran","13":"tag-design","14":"tag-diseno","15":"tag-entertainment","16":"tag-entretenimiento","17":"tag-es","18":"tag-espana","19":"tag-gasolinera","20":"tag-goya","21":"tag-proyectos","22":"tag-reconvertir","23":"tag-seleccionados","24":"tag-spain","25":"tag-tres","26":"tag-vitoria"},"share_on_mastodon":{"url":"https:\/\/pubeurope.com\/@es\/115802705957131654","error":""},"_links":{"self":[{"href":"https:\/\/www.europesays.com\/es\/wp-json\/wp\/v2\/posts\/311939","targetHints":{"allow":["GET"]}}],"collection":[{"href":"https:\/\/www.europesays.com\/es\/wp-json\/wp\/v2\/posts"}],"about":[{"href":"https:\/\/www.europesays.com\/es\/wp-json\/wp\/v2\/types\/post"}],"author":[{"embeddable":true,"href":"https:\/\/www.europesays.com\/es\/wp-json\/wp\/v2\/users\/2"}],"replies":[{"embeddable":true,"href":"https:\/\/www.europesays.com\/es\/wp-json\/wp\/v2\/comments?post=311939"}],"version-history":[{"count":0,"href":"https:\/\/www.europesays.com\/es\/wp-json\/wp\/v2\/posts\/311939\/revisions"}],"wp:featuredmedia":[{"embeddable":true,"href":"https:\/\/www.europesays.com\/es\/wp-json\/wp\/v2\/media\/311940"}],"wp:attachment":[{"href":"https:\/\/www.europesays.com\/es\/wp-json\/wp\/v2\/media?parent=311939"}],"wp:term":[{"taxonomy":"category","embeddable":true,"href":"https:\/\/www.europesays.com\/es\/wp-json\/wp\/v2\/categories?post=311939"},{"taxonomy":"post_tag","embeddable":true,"href":"https:\/\/www.europesays.com\/es\/wp-json\/wp\/v2\/tags?post=311939"}],"curies":[{"name":"wp","href":"https:\/\/api.w.org\/{rel}","templated":true}]}}