{"id":311951,"date":"2025-12-29T11:56:11","date_gmt":"2025-12-29T11:56:11","guid":{"rendered":"https:\/\/www.europesays.com\/es\/311951\/"},"modified":"2025-12-29T11:56:11","modified_gmt":"2025-12-29T11:56:11","slug":"territorio-seminci-arranca-el-30-de-diciembre-con-las-proyecciones-gratuitas-en-doce-municipios-de-la-provincia","status":"publish","type":"post","link":"https:\/\/www.europesays.com\/es\/311951\/","title":{"rendered":"Territorio Seminci arranca el 30 de diciembre con las proyecciones gratuitas en doce municipios de la provincia"},"content":{"rendered":"<p class=\"has-text-align-center\"><strong>La Diputaci\u00f3n acercar\u00e1 a estas localidades \u2018La mitad de Ana\u2019 y \u2018Un \u201clike\u00bb de Bob Trevino\u2019, dos de las pel\u00edculas programadas en 2024 en Seminci<\/strong><\/p>\n<p>La Diputaci\u00f3n de Valladolid organiza una nueva edici\u00f3n de Territorio Seminci, programada por la Semana Internacional de Cine de Valladolid, que recorrer\u00e1 desde finales de diciembre hasta mediados de febrero doce municipios de la provincia, donde se exhibir\u00e1n con acceso libre dos pel\u00edculas proyectadas en la Secci\u00f3n Oficial de la 69\u00aa edici\u00f3n del festival: La mitad de Ana y Un \u201clike\u201d de Bob Trevino.<\/p>\n<p>El objetivo de esta iniciativa, que tendr\u00e1 lugar del 30 de diciembre al 13 de febrero, es acercar t\u00edtulos proyectados en el festival a diversos puntos de la provincia de Valladolid. En esta ocasi\u00f3n, los municipios que participan son Boecillo, Campaspero, Cigales, Montemayor de Pinilla, Nava del Rey, Pe\u00f1afiel, Portillo, San Miguel del Arroyo, Santovenia de Pisuerga, Tudela de Duero, Villanubla y Zarat\u00e1n.<\/p>\n<p>La mitad de Ana, primer largometraje de la actriz y directora <strong>Marta Nieto,<\/strong> narra la historia de Ana, una vigilante de museo y madre de Son, una ni\u00f1a de ocho a\u00f1os que inicia una exploraci\u00f3n de su identidad de g\u00e9nero. Desorientada ante esta situaci\u00f3n, Ana (interpretada por Marta Nieto) empieza a ver las cosas de otra manera y, de forma paulatina, se reencuentra con la mujer que fue antes de ser madre. La pel\u00edcula, coproducci\u00f3n hispano-francesa de 89 minutos, supone la consolidaci\u00f3n de Nieto como directora tras su aclamado cortometraje Son (2022), estrenado tambi\u00e9n en la Secci\u00f3n Oficial de Seminci. En su faceta como int\u00e9rprete, Nieto gan\u00f3 en 2019 el premio a la mejor actriz de la secci\u00f3n Horizontes del Festival de Venecia por su trabajo en la pel\u00edcula Madre, de <strong>Rodrigo Sorogoyen.<\/strong><\/p>\n<p>Un \u00ablike\u00bb de Bob Trevino, \u00f3pera prima de la directora estadounidense <strong>Tracie Laymon,<\/strong> cuenta la historia de Lily Trevino <strong>(Barbie Ferreira)<\/strong>, una joven que anhela tener lazos familiares tras ser abandonada por sus padres. Su vida da un giro inesperado cuando recibe un mensaje en Facebook de un desconocido llamado Bob Trevino <strong>(John Leguizamo)<\/strong>. La pel\u00edcula, inspirada en las experiencias personales de la directora, conquist\u00f3 el Premio del P\u00fablico en Seminci en 2024.<\/p>\n<p class=\"has-text-align-center\" id=\"h-programacion-territorio-seminci-acceso-gratuito-hasta-completar-el-aforo\"><strong>Programaci\u00f3n Territorio Seminci<\/strong><br \/>Acceso gratuito hasta completar el aforo<\/p>\n<ul class=\"wp-block-list\">\n<li><strong>Zarat\u00e1n<\/strong> <strong>\u2013 Centro Cultural Azarbe | 30 de diciembre, 19.00 h.<\/strong><br \/>Un \u00ablike\u00bb de Bob Trevino, de Tracie Laymon (Estados Unidos, 2024)<\/li>\n<li><strong>Montemayor de Pinilla \u2013Cine Arenas| 30 de diciembre, 19.00 h.<\/strong><br \/>La mitad de Ana, de Marta Nieto (Espa\u00f1a, Francia, 2024)<\/li>\n<li><strong>Pe\u00f1afiel \u2013 Auditorio del Centro Cultural | 9 de enero, 19.00 h.<\/strong><br \/>Un \u00ablike\u00bb de Bob Trevino, de Tracie Laymon (Estados Unidos, 2024)<\/li>\n<li><strong>Campaspero \u2013 Teatro Oroncio Javier Garc\u00eda Campo | 18 de enero, 18.30 h.<\/strong><br \/>Un \u00ablike\u00bb de Bob Trevino, de Tracie Laymon (Estados Unidos, 2024)<\/li>\n<li><strong>Santovenia de Pisuerga \u2013 Auditorio del Centro C\u00edvico | 23 de enero, 18.00<\/strong> <strong>h.<\/strong><br \/>Un \u00ablike\u00bb de Bob Trevino, de Tracie Laymon (Estados Unidos, 2024)<\/li>\n<li><strong>Villanubla \u2013 Casa de Cultura | 23 de enero, 20.00 h.<\/strong><br \/>La mitad de Ana, de Marta Nieto (Espa\u00f1a, Francia, 2024)<\/li>\n<li><strong>Cigales \u2013 Teatro Pe\u00f1uelas | 25 de enero, 19.00 h.<\/strong><br \/>La mitad de Ana, de Marta Nieto (Espa\u00f1a, Francia, 2024)<\/li>\n<li><strong>Portillo \u2013 Cine \u00c1lvaro de Luna | 25 de enero, 19.30 h.<\/strong><br \/>La mitad de Ana, de Marta Nieto (Espa\u00f1a, Francia, 2024)<\/li>\n<li><strong>Nava del Rey \u2013 Casa de Cultura | 30 de enero, 19.00 h.<\/strong><br \/>La mitad de Ana, de Marta Nieto (Espa\u00f1a, Francia, 2024)<\/li>\n<li><strong>San Miguel del Arroyo \u2013 Centro C\u00edvico | 31 de enero 20.00 h.<\/strong><br \/>La mitad de Ana, de Marta Nieto (Espa\u00f1a, Francia, 2024)<\/li>\n<li><strong>Tudela de Duero \u2013 Auditorio Cosme P\u00e9rez \u00abJuan Rana\u00bb | 6 de febrero 20.00 h.<\/strong><br \/>Un \u00ablike\u00bb de Bob Trevino, de Tracie Laymon (Estados Unidos, 2024)<\/li>\n<li><strong>Boecillo \u2013 Teatro del Centro C\u00edvico | 13 de febrero 20.00 h<\/strong><br \/>Un \u00ablike\u00bb de Bob Trevino, de Tracie Laymon (Estados Unidos, 2024)<\/li>\n<\/ul>\n","protected":false},"excerpt":{"rendered":"La Diputaci\u00f3n acercar\u00e1 a estas localidades \u2018La mitad de Ana\u2019 y \u2018Un \u201clike\u00bb de Bob Trevino\u2019, dos de&hellip;\n","protected":false},"author":2,"featured_media":311952,"comment_status":"","ping_status":"","sticky":false,"template":"","format":"standard","meta":{"footnotes":""},"categories":[91],"tags":[146,147,25,24,23],"class_list":{"0":"post-311951","1":"post","2":"type-post","3":"status-publish","4":"format-standard","5":"has-post-thumbnail","7":"category-entretenimiento","8":"tag-entertainment","9":"tag-entretenimiento","10":"tag-es","11":"tag-espana","12":"tag-spain"},"share_on_mastodon":{"url":"https:\/\/pubeurope.com\/@es\/115802733618374068","error":""},"_links":{"self":[{"href":"https:\/\/www.europesays.com\/es\/wp-json\/wp\/v2\/posts\/311951","targetHints":{"allow":["GET"]}}],"collection":[{"href":"https:\/\/www.europesays.com\/es\/wp-json\/wp\/v2\/posts"}],"about":[{"href":"https:\/\/www.europesays.com\/es\/wp-json\/wp\/v2\/types\/post"}],"author":[{"embeddable":true,"href":"https:\/\/www.europesays.com\/es\/wp-json\/wp\/v2\/users\/2"}],"replies":[{"embeddable":true,"href":"https:\/\/www.europesays.com\/es\/wp-json\/wp\/v2\/comments?post=311951"}],"version-history":[{"count":0,"href":"https:\/\/www.europesays.com\/es\/wp-json\/wp\/v2\/posts\/311951\/revisions"}],"wp:featuredmedia":[{"embeddable":true,"href":"https:\/\/www.europesays.com\/es\/wp-json\/wp\/v2\/media\/311952"}],"wp:attachment":[{"href":"https:\/\/www.europesays.com\/es\/wp-json\/wp\/v2\/media?parent=311951"}],"wp:term":[{"taxonomy":"category","embeddable":true,"href":"https:\/\/www.europesays.com\/es\/wp-json\/wp\/v2\/categories?post=311951"},{"taxonomy":"post_tag","embeddable":true,"href":"https:\/\/www.europesays.com\/es\/wp-json\/wp\/v2\/tags?post=311951"}],"curies":[{"name":"wp","href":"https:\/\/api.w.org\/{rel}","templated":true}]}}