{"id":311961,"date":"2025-12-29T12:01:43","date_gmt":"2025-12-29T12:01:43","guid":{"rendered":"https:\/\/www.europesays.com\/es\/311961\/"},"modified":"2025-12-29T12:01:43","modified_gmt":"2025-12-29T12:01:43","slug":"lebrija-celebrara-el-dia-de-la-ilusion-con-las-17-carrozas-que-conforman-la-cabalgata-de-reyes-magos","status":"publish","type":"post","link":"https:\/\/www.europesays.com\/es\/311961\/","title":{"rendered":"Lebrija celebrar\u00e1 el d\u00eda de la ilusi\u00f3n con las 17 carrozas que conforman la Cabalgata de Reyes Magos"},"content":{"rendered":"<p>A las 17:00 horas comenzar\u00e1 el recorrido de Sus Majestades por las calles de la ciudad en uno de los d\u00edas m\u00e1s esperados del a\u00f1o<\/p>\n<p>El pr\u00f3ximo 5 de enero se celebrar\u00e1 uno de los d\u00edas m\u00e1s esperados por ni\u00f1os, ni\u00f1as y mayores con la celebraci\u00f3n de la Cabalgata de Reyes Magos.<\/p>\n<p>Como en ediciones anteriores, los d\u00edas 3 y 4 de enero, en horario de 16:00 a 18:00 horas, las carrozas estar\u00e1n expuestas al p\u00fablico para que el conjunto de la ciudadan\u00eda pueda \u201cobservar el trabajo minucioso realizado\u201d, como ha explicado en reiteradas ocasiones el delegado de Fiestas, Alberto P\u00e9rez. Sobre ello, ha reconocido la implicaci\u00f3n de los trabajadores municipales para que las carrozas est\u00e9n ya listas y puedan ser visitadas. Durante la exposici\u00f3n, adem\u00e1s, se llevar\u00e1n a cabo actividades infantiles de dinamizaci\u00f3n a cargo de Pantoanima y el d\u00eda 3 estar\u00e1 presente el Cartero Real para recoger las cartas escritas de las y los peque\u00f1os.<\/p>\n<p><strong>Sobre la Cabalgata<\/strong><\/p>\n<p>La Cabalgata de Reyes Magos estar\u00e1 conformada este a\u00f1o por un total de 17 carrozas, adem\u00e1s de tres animales de gran porte (camello, caballo y elefante) que anunciar\u00e1n la llegada de sus Majestades. En concreto, las carrozas son: el tradicional Portal de Bel\u00e9n, la carroza inspirada en el V Centenario de la muerte de Elio Antonio de Nebrija y las llaves de la ciudad. De la misma forma, forman parte del cortejo real cuatro carrozas infantiles (la estrella de la ilusi\u00f3n, la conocida pel\u00edcula Vaiana, Doraimon y una inspirada en la figura del cartero tradicional), as\u00ed como la carroza de los Carteros Reales, la Reina y el Rey infantil y Mayor, sin olvidar las carrozas de sus Majestades los Reyes Magos. Adem\u00e1s, abrir\u00e1 el cortejo el Club Cl\u00e1sicos Lebrija y formar\u00e1n parte del cortejo las carrozas de la asociaci\u00f3n ALPRED, la Pe\u00f1a B\u00e9tica y el Club Atl\u00e9tico Antoniano.<\/p>\n<p>La m\u00fasica y la animaci\u00f3n vendr\u00e1 de la mano de la Banda Virgen del Castillo, que ir\u00e1 acompa\u00f1ada con sus beduinos, la Banda Santa \u00c1ngela de la Cruz de la vecina localidad de Las Cabezas de San Juan, el grupo de batucada de Lebrija, que cuenta con la colaboraci\u00f3n de Oscar Dur\u00e1n. M\u00fasica, globos y un estallido de color tambi\u00e9n llenar\u00e1n de alegr\u00eda este d\u00eda m\u00e1gico con la participaci\u00f3n de la asociaci\u00f3n Pantoanima y Tomas Sonido.<\/p>\n<p>Formar\u00e1n parte del dispositivo de seguridad, la Polic\u00eda Local, Protecci\u00f3n Civil, Almif, trabajadores del departamento de Mantenimiento de la Ciudad y el servicio de limpieza gestionado por Inmuvisa. Para mayor protecci\u00f3n de todos los integrantes del cortejo y de los ni\u00f1os y ni\u00f1as que disfruten de la cabalgata, tambi\u00e9n se contar\u00e1 con una empresa especializada en seguridad.<\/p>\n<p><strong>D\u00eda intenso para sus Majestades los Reyes Magos<\/strong><\/p>\n<p>Los Reyes Magos vivir\u00e1n una jornada maratoniana la jornada del 5 de enero desde bien temprano. A primera hora de la ma\u00f1ana, en la Casa de la Cultura, una serie de profesionales caracterizar\u00e1n a sus majestades para emprender un intenso d\u00eda cargado de visitas a diferentes entidades, asociaciones e instituciones religiosas.<\/p>\n<p>Como es habitual, el alcalde de la ciudad, Pepe Barroso, junto al delegado de Fiestas y Participaci\u00f3n Ciudadana, Alberto P\u00e9rez, coronar\u00e1n a sus Majestades los Reyes.<\/p>\n<p>Tras la coronaci\u00f3n, visitar\u00e1n diferentes Asociaciones y colectivos para entregar diferentes obsequios. Tras estos encuentros, la Comitiva Real visitar\u00e1 las Monjas Concepcionistas, las Hermanas de la Cruz y la Parroquia de Nuestra Se\u00f1ora de la Oliva. La cabalgata partir\u00e1 a las 17:00 horas de la Avenida Andaluc\u00eda (antigua Caseta Municipal).<\/p>\n<p><strong>Recorrido de la cabalgata<\/strong><\/p>\n<p>Salida de la antigua caseta municipal, en la Avenida Andaluc\u00eda; Plaza Juan D\u00edaz de Sol\u00eds; Cata\u00f1o; Plaza de Espa\u00f1a; Trinidad; Tetu\u00e1n; Sanl\u00facar; Zancarr\u00f3n-Jazm\u00edn, Reyes Cat\u00f3licos; Virgen de Consolaci\u00f3n; Salvador Allende; Avefr\u00eda; Avenida de Atenas, Plaza Andr\u00e9s Garc\u00eda Alc\u00f3n May; Barcelona, Plaza Amberes, Se\u00fal; Camino del Aceituno, Arcos; Plaza de Espa\u00f1a, Corredera; P\u00e1rroco Manuel Maestre; Molinos; Alonso X El Sabio; Sevilla; Plaza de Espa\u00f1a y recogida.<\/p>\n<p>\t<a class=\"modal-detail-img\" data-rel=\"imgdtlnew\" href=\"https:\/\/www.lebrija.es\/export\/sites\/lebrija\/.galleries\/imagenes-noticias\/Recorrido-Cabalgata-2026.jpg\" title=\"Recorrido Cabalgata 2026\" rel=\"nofollow noopener\" target=\"_blank\"><img loading=\"lazy\" decoding=\"async\" src=\"https:\/\/www.europesays.com\/es\/wp-content\/uploads\/2025\/12\/Recorrido-Cabalgata-2026.jpg_1229771489.jpg\" width=\"1131\" height=\"1600\" alt=\"Recorrido Cabalgata 2026\" class=\"thumbnail  img-responsive\"\/><\/a><\/p>\n","protected":false},"excerpt":{"rendered":"A las 17:00 horas comenzar\u00e1 el recorrido de Sus Majestades por las calles de la ciudad en uno&hellip;\n","protected":false},"author":2,"featured_media":311962,"comment_status":"","ping_status":"","sticky":false,"template":"","format":"standard","meta":{"footnotes":""},"categories":[5],"tags":[17,18,25,24,13,14,11,19,20,9,10,15,16,23,12,21,22],"class_list":{"0":"post-311961","1":"post","2":"type-post","3":"status-publish","4":"format-standard","5":"has-post-thumbnail","7":"category-titulares","8":"tag-breaking-news","9":"tag-breakingnews","10":"tag-es","11":"tag-espana","12":"tag-featured-news","13":"tag-featurednews","14":"tag-headlines","15":"tag-latest-news","16":"tag-latestnews","17":"tag-news","18":"tag-noticias","19":"tag-noticias-destacadas","20":"tag-noticiasdestacadas","21":"tag-spain","22":"tag-titulares","23":"tag-ultimas-noticias","24":"tag-ultimasnoticias"},"share_on_mastodon":{"url":"https:\/\/pubeurope.com\/@es\/115802753212367473","error":""},"_links":{"self":[{"href":"https:\/\/www.europesays.com\/es\/wp-json\/wp\/v2\/posts\/311961","targetHints":{"allow":["GET"]}}],"collection":[{"href":"https:\/\/www.europesays.com\/es\/wp-json\/wp\/v2\/posts"}],"about":[{"href":"https:\/\/www.europesays.com\/es\/wp-json\/wp\/v2\/types\/post"}],"author":[{"embeddable":true,"href":"https:\/\/www.europesays.com\/es\/wp-json\/wp\/v2\/users\/2"}],"replies":[{"embeddable":true,"href":"https:\/\/www.europesays.com\/es\/wp-json\/wp\/v2\/comments?post=311961"}],"version-history":[{"count":0,"href":"https:\/\/www.europesays.com\/es\/wp-json\/wp\/v2\/posts\/311961\/revisions"}],"wp:featuredmedia":[{"embeddable":true,"href":"https:\/\/www.europesays.com\/es\/wp-json\/wp\/v2\/media\/311962"}],"wp:attachment":[{"href":"https:\/\/www.europesays.com\/es\/wp-json\/wp\/v2\/media?parent=311961"}],"wp:term":[{"taxonomy":"category","embeddable":true,"href":"https:\/\/www.europesays.com\/es\/wp-json\/wp\/v2\/categories?post=311961"},{"taxonomy":"post_tag","embeddable":true,"href":"https:\/\/www.europesays.com\/es\/wp-json\/wp\/v2\/tags?post=311961"}],"curies":[{"name":"wp","href":"https:\/\/api.w.org\/{rel}","templated":true}]}}