{"id":311975,"date":"2025-12-29T12:14:07","date_gmt":"2025-12-29T12:14:07","guid":{"rendered":"https:\/\/www.europesays.com\/es\/311975\/"},"modified":"2025-12-29T12:14:07","modified_gmt":"2025-12-29T12:14:07","slug":"noche-muy-negra-en-telecinco-en-audiencias-con-un-descalabro-que-la-1-de-rtve-aprovecha-para-anotar-un-record","status":"publish","type":"post","link":"https:\/\/www.europesays.com\/es\/311975\/","title":{"rendered":"Noche muy negra en Telecinco en audiencias con un descalabro que La 1 de RTVE aprovecha para anotar un r\u00e9cord"},"content":{"rendered":"<p><strong>Telecinco vivi\u00f3 pr\u00e1cticamente la peor noche del a\u00f1o en audiencias con la debacle que sufri\u00f3 en prime time este domingo, 28 de diciembre<\/strong>, al programar &#8216;La gran muralla&#8217; (2016), una pel\u00edcula chino-estadounidense del cineasta chino Zhang Yimou m\u00e1s propia de Cuatro que de la cadena principal de Mediaset. Una estrategia de programaci\u00f3n cuestionable que ha dado como resultado un descalabro sin paliativos.\u00a0<\/p>\n<p><strong>El largometraje promedi\u00f3 un terrible 5% de cuota de pantalla y congreg\u00f3 a apenas medio mill\u00f3n de telespectadores<\/strong> de media. As\u00ed, el canal se hundi\u00f3 en el horario de m\u00e1ximo consumo y el de mayor poder publicitario. <strong>Fue \u00faltima opci\u00f3n del p\u00fablico incluso por detr\u00e1s de Cuatro con &#8216;Muerte en el Nilo&#8217; (7,5%) y La Sexta con &#8216;Black Adam&#8217; (5,5%)<\/strong>.\u00a0<\/p>\n<p>Por ende, <strong>Telecinco firm\u00f3 uno de los peores d\u00edas de su haber con un 6,7%<\/strong> de share en el c\u00f3mputo global de la jornada. Se trata del <strong>quinto peor dato de la historia de la cadena<\/strong>, que tambi\u00e9n se registr\u00f3 el pasado 17 de agosto. Entonces, con la justificaci\u00f3n de la ca\u00edda de consumo propia del verano; ahora, no queda m\u00e1s remedio que asumir una situaci\u00f3n l\u00edmite que sit\u00faa al canal en una crisis muy dolorosa y da\u00f1ina.<\/p>\n<p>De hecho, este domingo, Telecinco <strong>se qued\u00f3 a solo una d\u00e9cima de Cuatro (6,6%)<\/strong>. Un indicativo m\u00e1s que revelador de c\u00f3mo est\u00e1n las cosas. Adem\u00e1s, lo m\u00e1s preocupante no es la cifra de una pel\u00edcula puntual, sino el de una apuesta fija de fin de semana como &#8216;<strong>Vaya fama<\/strong>&#8216;, que este 28 de diciembre obtuvo <strong>un desastroso 5,4%, siendo m\u00ednimo hist\u00f3rico y contribuyendo enormemente a mermar la media diaria<\/strong>.\u00a0<\/p>\n<p>Por su parte, <strong>La 1 de TVE aprovech\u00f3 este descalabro de Telecinco<\/strong> en la noche del \u00faltimo domingo del 2025 para anotar un <strong>dato de r\u00e9cord con la tradicional gala &#8216;Inocente, inocente&#8217;,<\/strong> que este a\u00f1o ha cumplido 30 ediciones.\u00a0El programa, presentado por Paula V\u00e1zquez, Juanma Iturriaga, Jacob Petrus y Carolina Casado, cosech\u00f3 <strong>un gran 15% y casi 1,1 millones de seguidores<\/strong>, creciendo tres puntos y m\u00e1s de 200 mil espectadores con respecto al 2024 (12% y 884.000).\u00a0<\/p>\n<p>Adem\u00e1s, alcanza <strong>la mejor cuota de pantalla en 8 a\u00f1os <\/strong>(desde 2017 con 15,9%) y revierte la evoluci\u00f3n negativa de los \u00faltimos cuatro a\u00f1os, en los que ven\u00eda experimentando un claro descenso en seguimiento. Esta vez, ha vuelto a superar la barrera del mill\u00f3n de espectadores tras dos a\u00f1os sin conseguirlo.\u00a0Tambi\u00e9n se hac\u00eda con el minuto de oro a las 22:40 horas con m\u00e1s de 2,2 millones de fieles y casi un 20% de share.<\/p>\n<p>Este resultado de la gala &#8216;Inocente, inocente 2025&#8217; y un buen daytime, en el que destacaron sobre todo los &#8216;Telediarios&#8217; (14,6% y 15,6%), permitieron que <strong>La 1 de TVE liderara con holgura el d\u00eda con un 12,4% <\/strong>de cuota media, pr\u00e1cticamente <strong>doblando el resultado de Telecinco antes indicado (6,7%)<\/strong>. Por su lado, Antena 3 mantuvo la segunda posici\u00f3n con un 10,5%.<\/p>\n","protected":false},"excerpt":{"rendered":"Telecinco vivi\u00f3 pr\u00e1cticamente la peor noche del a\u00f1o en audiencias con la debacle que sufri\u00f3 en prime time&hellip;\n","protected":false},"author":2,"featured_media":311976,"comment_status":"","ping_status":"","sticky":false,"template":"","format":"standard","meta":{"footnotes":""},"categories":[171],"tags":[146,147,25,24,23,214],"class_list":{"0":"post-311975","1":"post","2":"type-post","3":"status-publish","4":"format-standard","5":"has-post-thumbnail","7":"category-tv","8":"tag-entertainment","9":"tag-entretenimiento","10":"tag-es","11":"tag-espana","12":"tag-spain","13":"tag-tv"},"share_on_mastodon":{"url":"https:\/\/pubeurope.com\/@es\/115802804696333134","error":""},"_links":{"self":[{"href":"https:\/\/www.europesays.com\/es\/wp-json\/wp\/v2\/posts\/311975","targetHints":{"allow":["GET"]}}],"collection":[{"href":"https:\/\/www.europesays.com\/es\/wp-json\/wp\/v2\/posts"}],"about":[{"href":"https:\/\/www.europesays.com\/es\/wp-json\/wp\/v2\/types\/post"}],"author":[{"embeddable":true,"href":"https:\/\/www.europesays.com\/es\/wp-json\/wp\/v2\/users\/2"}],"replies":[{"embeddable":true,"href":"https:\/\/www.europesays.com\/es\/wp-json\/wp\/v2\/comments?post=311975"}],"version-history":[{"count":0,"href":"https:\/\/www.europesays.com\/es\/wp-json\/wp\/v2\/posts\/311975\/revisions"}],"wp:featuredmedia":[{"embeddable":true,"href":"https:\/\/www.europesays.com\/es\/wp-json\/wp\/v2\/media\/311976"}],"wp:attachment":[{"href":"https:\/\/www.europesays.com\/es\/wp-json\/wp\/v2\/media?parent=311975"}],"wp:term":[{"taxonomy":"category","embeddable":true,"href":"https:\/\/www.europesays.com\/es\/wp-json\/wp\/v2\/categories?post=311975"},{"taxonomy":"post_tag","embeddable":true,"href":"https:\/\/www.europesays.com\/es\/wp-json\/wp\/v2\/tags?post=311975"}],"curies":[{"name":"wp","href":"https:\/\/api.w.org\/{rel}","templated":true}]}}