{"id":311987,"date":"2025-12-29T12:20:07","date_gmt":"2025-12-29T12:20:07","guid":{"rendered":"https:\/\/www.europesays.com\/es\/311987\/"},"modified":"2025-12-29T12:20:07","modified_gmt":"2025-12-29T12:20:07","slug":"la-lista-de-telefonos-en-las-que-dejara-de-funcionar-whatsapp-el-1-de-enero","status":"publish","type":"post","link":"https:\/\/www.europesays.com\/es\/311987\/","title":{"rendered":"La lista de tel\u00e9fonos en las que dejar\u00e1 de funcionar WhatsApp el 1 de enero"},"content":{"rendered":"<p class=\"articleParagraph\"><b>WhatsApp<\/b> es la aplicaci\u00f3n de mensajer\u00eda instant\u00e1nea m\u00e1s popular en el mundo. A diario, millones de usuarios se intercambian mensajes a trav\u00e9s de esta plataforma propiedad de Meta. No obstante, muchos dispositivos dejar\u00e1n de ser compatibles con la app a partir del <b>1 de enero de 2026.<\/b><\/p>\n<p class=\"articleParagraph\">Esta conocida app lleg\u00f3 para quedarse en nuestros tel\u00e9fonos m\u00f3viles en 2009 y, desde ese momento, ha supuesto una revoluci\u00f3n en la comunicaci\u00f3n digital. Para garantizar el funcionamiento de las nuevas caracter\u00edsticas y medidas de seguridad, son necesarios m\u00e1s recursos tecnol\u00f3gicos que los dispositivos m\u00e1s antiguos ya no soportan. Es por ello que las personas que tengan un m\u00f3vil cuyo sistema operativo sea <b>Android 5.0 o anterior, e iOS 15.1 o anterior<\/b>, deber\u00e1n actualizarlo o cambiar de m\u00f3vil.<\/p>\n<p>Los dispositivos en los que no funcionar\u00e1 WhatsApp en 2025Dispositivos Android (versi\u00f3n 5.0 y anteriores)<\/p>\n<ul class=\"articleList\">\n<li class=\"articleList-item\">Galaxy S3.<\/li>\n<li class=\"articleList-item\">Galaxy S4 mini.<\/li>\n<li class=\"articleList-item\">Samsung Galaxy Note 2.<\/li>\n<li class=\"articleList-item\">HTC One M8.<\/li>\n<li class=\"articleList-item\">LG G3.<\/li>\n<li class=\"articleList-item\">LG Optimus L7 II.<\/li>\n<li class=\"articleList-item\">LG Nexus 4.<\/li>\n<li class=\"articleList-item\">Huawei Ascens Mate.<\/li>\n<\/ul>\n<p>Dispositivos Apple (iOS 15.1 y anteriores)<\/p>\n<ul class=\"articleList\">\n<li class=\"articleList-item\">iPhone 5.<\/li>\n<li class=\"articleList-item\">iPhone 5C.<\/li>\n<li class=\"articleList-item\">iPhone 5S.<\/li>\n<li class=\"articleList-item\">iPhone 6.<\/li>\n<li class=\"articleList-item\">iPhone 6 Plus.<\/li>\n<\/ul>\n","protected":false},"excerpt":{"rendered":"WhatsApp es la aplicaci\u00f3n de mensajer\u00eda instant\u00e1nea m\u00e1s popular en el mundo. A diario, millones de usuarios se&hellip;\n","protected":false},"author":2,"featured_media":311988,"comment_status":"","ping_status":"","sticky":false,"template":"","format":"standard","meta":{"footnotes":""},"categories":[81],"tags":[119,123,124,25,24,117,121,122,23,118,120],"class_list":{"0":"post-311987","1":"post","2":"type-post","3":"status-publish","4":"format-standard","5":"has-post-thumbnail","7":"category-ciencia-y-tecnologia","8":"tag-ciencia","9":"tag-ciencia-y-tecnologia","10":"tag-cienciaytecnologia","11":"tag-es","12":"tag-espana","13":"tag-science","14":"tag-science-and-technology","15":"tag-scienceandtechnology","16":"tag-spain","17":"tag-technology","18":"tag-tecnologia"},"share_on_mastodon":{"url":"https:\/\/pubeurope.com\/@es\/115802827974289126","error":""},"_links":{"self":[{"href":"https:\/\/www.europesays.com\/es\/wp-json\/wp\/v2\/posts\/311987","targetHints":{"allow":["GET"]}}],"collection":[{"href":"https:\/\/www.europesays.com\/es\/wp-json\/wp\/v2\/posts"}],"about":[{"href":"https:\/\/www.europesays.com\/es\/wp-json\/wp\/v2\/types\/post"}],"author":[{"embeddable":true,"href":"https:\/\/www.europesays.com\/es\/wp-json\/wp\/v2\/users\/2"}],"replies":[{"embeddable":true,"href":"https:\/\/www.europesays.com\/es\/wp-json\/wp\/v2\/comments?post=311987"}],"version-history":[{"count":0,"href":"https:\/\/www.europesays.com\/es\/wp-json\/wp\/v2\/posts\/311987\/revisions"}],"wp:featuredmedia":[{"embeddable":true,"href":"https:\/\/www.europesays.com\/es\/wp-json\/wp\/v2\/media\/311988"}],"wp:attachment":[{"href":"https:\/\/www.europesays.com\/es\/wp-json\/wp\/v2\/media?parent=311987"}],"wp:term":[{"taxonomy":"category","embeddable":true,"href":"https:\/\/www.europesays.com\/es\/wp-json\/wp\/v2\/categories?post=311987"},{"taxonomy":"post_tag","embeddable":true,"href":"https:\/\/www.europesays.com\/es\/wp-json\/wp\/v2\/tags?post=311987"}],"curies":[{"name":"wp","href":"https:\/\/api.w.org\/{rel}","templated":true}]}}